{"id":186131,"date":"2024-03-22T17:53:16","date_gmt":"2024-03-22T14:53:16","guid":{"rendered":"https:\/\/www.enerjigazetesi.ist\/?p=186131"},"modified":"2024-03-22T17:55:02","modified_gmt":"2024-03-22T14:55:02","slug":"kuresel-metan-emisyonlari-2023-te-rekor-seviyede","status":"publish","type":"post","link":"https:\/\/www.enerjigazetesi.ist\/en\/kuresel-metan-emisyonlari-2023-te-rekor-seviyede\/","title":{"rendered":"(Turkish) K\u00fcresel Metan Emisyonlar\u0131 2023\u2019te Rekor Seviyede"},"content":{"rendered":"<p class=\"qtranxs-available-languages-message qtranxs-available-languages-message-en\">Sorry, this entry is only available in <a href=\"https:\/\/www.enerjigazetesi.ist\/tr\/wp-json\/wp\/v2\/posts\/186131\" class=\"qtranxs-available-language-link qtranxs-available-language-link-tr\" title=\"Turkish\">Turkish<\/a>. For the sake of viewer convenience, the content is shown below in the alternative language. You may click the link to switch the active language.<\/p><p><\/p>\n<h2 class=\"spot-title\">K\u00fcresel\u00a0enerji sekt\u00f6r\u00fcnden kaynaklanan metan emisyonlar\u0131n\u0131n ge\u00e7en y\u0131l rekor seviyeye yakla\u015ft\u0131\u011f\u0131 tespit edildi.<\/h2>\n<div class=\"pagebreak\" data-index=\"1\">\n<p>Uluslararas\u0131 Enerji Ajans\u0131&#8217;n\u0131n (IEA) K\u00fcresel Metan Takip\u00e7isi\u2019ne ili\u015fkin yeni analizine g\u00f6re, fosil yak\u0131tlar\u0131n \u00fcretimi ve kullan\u0131m\u0131ndan kaynaklanan metan emisyonlar\u0131 ge\u00e7en y\u0131l \u00f6nceki y\u0131la g\u00f6re hafif art\u0131\u015f g\u00f6stererek yakla\u015f\u0131k <strong>120 milyon ton<\/strong> oldu. B\u00f6ylece, enerji sekt\u00f6r\u00fcnden kaynaklanan <strong>metan <img loading=\"lazy\" class=\"alignright wp-image-186133\" src=\"https:\/\/www.enerjigazetesi.ist\/wp-content\/uploads\/2024\/03\/kuresel-metan-emisyonlari-2023-te-rekor-seviyede.jpg\" alt=\"\" width=\"320\" height=\"202\" srcset=\"https:\/\/www.enerjigazetesi.ist\/wp-content\/uploads\/2024\/03\/kuresel-metan-emisyonlari-2023-te-rekor-seviyede.jpg 594w, https:\/\/www.enerjigazetesi.ist\/wp-content\/uploads\/2024\/03\/kuresel-metan-emisyonlari-2023-te-rekor-seviyede-300x189.jpg 300w, https:\/\/www.enerjigazetesi.ist\/wp-content\/uploads\/2024\/03\/kuresel-metan-emisyonlari-2023-te-rekor-seviyede-500x316.jpg 500w, https:\/\/www.enerjigazetesi.ist\/wp-content\/uploads\/2024\/03\/kuresel-metan-emisyonlari-2023-te-rekor-seviyede-80x50.jpg 80w\" sizes=\"(max-width: 320px) 100vw, 320px\" \/>emisyonlar\u0131 2023\u2019te rekor seviyeye<\/strong> yak\u0131n seyretti.<\/p>\n<p>D\u00fcnyada <strong>10 milyon ton metan emisyonu da<\/strong> \u00e7o\u011funlukla yemek pi\u015firme gibi faaliyetler i\u00e7in kullan\u0131lan <strong>biyok\u00fctlenin geleneksel kullan\u0131m\u0131ndan<\/strong> kaynakland\u0131.<\/p>\n<p>Ge\u00e7en y\u0131l enerji sekt\u00f6r\u00fcnden kaynaklanan metan emisyonlar\u0131n\u0131n <strong>80 milyon tonu<\/strong>na <strong>10 \u00fclke<\/strong> yol a\u00e7t\u0131.<\/p>\n<\/div>\n<div class=\"pagebreak\" data-index=\"2\">\n<p><strong>D\u00fcnyan\u0131n en b\u00fcy\u00fck petrol ve gaz \u00fcreticisi<\/strong> olan<strong> ABD<\/strong>, <strong>petrol ve gaz operasyonlar\u0131<\/strong>n\u0131n neden oldu\u011fu <strong>metan emisyonlar\u0131n\u0131n<\/strong> en b\u00fcy\u00fck sorumlusu olurken, bu \u00fclkeyi Rusya takip etti. \u00c7in ise k\u00f6m\u00fcr sekt\u00f6r\u00fcnde a\u00e7\u0131k ara en y\u00fcksek emisyona neden olan \u00fclke olarak kay\u0131tlara ge\u00e7ti.<\/p>\n<p>Metan emisyonlar\u0131na ili\u015fkin uydulardan al\u0131nan \u00f6l\u00e7\u00fcmlerin di\u011fer bilimsel temelli verilerle birle\u015ftirildi\u011fi rapora g\u00f6re, ge\u00e7en y\u0131l d\u00fcnyada 2022\u2019ye g\u00f6re 5 milyon tonun \u00fczerinde fosil yak\u0131t s\u0131z\u0131nt\u0131s\u0131 tespit edildi.<\/p>\n<p>\u00d6te yandan, k\u00fcresel \u0131s\u0131nman\u0131n 1,5 dereceyle s\u0131n\u0131rland\u0131r\u0131lmas\u0131 i\u00e7in fosil yak\u0131tlardan kaynaklanan metan emisyonlar\u0131n\u0131n <strong>2030\u2019a kadar y\u00fczde 75 azalt\u0131lmas\u0131<\/strong> gerekiyor ve metan emisyonlar\u0131 azaltman\u0131n maliyeti olduk\u00e7a d\u00fc\u015f\u00fck.<\/p>\n<p>Ge\u00e7en y\u0131l Dubai\u2019de d\u00fczenlenen Birle\u015fmi\u015f Milletler \u0130klim Zirvesi\u2019nde (COP28) yakla\u015f\u0131k 200 \u00fclke 2030\u2019a kadar metan emisyonlar\u0131n\u0131 <strong>\u201c\u00f6nemli \u00f6l\u00e7\u00fcde\u201d d\u00fc\u015f\u00fcrme<\/strong> konusunda anla\u015fm\u0131\u015ft\u0131.<\/p>\n<p>Metan emisyonlar\u0131, Sanayi Devrimi\u2019nden beri g\u00f6r\u00fclen yakla\u015f\u0131k <strong>1,2 derecelik k\u00fcresel s\u0131cakl\u0131k art\u0131\u015f\u0131n\u0131n<\/strong> neredeyse \u00fc\u00e7te birinden sorumlu ve enerji sekt\u00f6r\u00fc, insan faaliyetlerinden kaynaklanan metan emisyonlar\u0131n\u0131n ikinci en b\u00fcy\u00fck kayna\u011f\u0131 konumunda bulunuyor.<\/p>\n<p>Kaynak:\u00a0<a href=\"https:\/\/www.bloomberght.com\/kuresel-enerji-sektoru-kaynakli-metan-emisyonlari-2023-te-rekor-seviyede-2349283?page=2\" target=\"_blank\" rel=\"noopener\" data-wpel-link=\"external\">BLOOMBERG<\/a><\/p>\n<\/div>\n<p><\/p>","protected":false},"excerpt":{"rendered":"<p>Sorry, this entry is only available in Turkish. For the sake of viewer convenience, the content is shown below in the alternative language. You may click the link to switch the active language. K\u00fcresel\u00a0enerji sekt\u00f6r\u00fcnden kaynaklanan metan emisyonlar\u0131n\u0131n ge\u00e7en y\u0131l rekor seviyeye yakla\u015ft\u0131\u011f\u0131 tespit edildi. Uluslararas\u0131 Enerji Ajans\u0131&#8217;n\u0131n (IEA) K\u00fcresel Metan Takip\u00e7isi\u2019ne ili\u015fkin yeni analizine [&hellip;]<\/p>\n","protected":false},"author":1,"featured_media":186133,"comment_status":"open","ping_status":"open","sticky":false,"template":"","format":"standard","meta":[],"categories":[53,52],"tags":[25355,75975,113106],"views":16,"_links":{"self":[{"href":"https:\/\/www.enerjigazetesi.ist\/en\/wp-json\/wp\/v2\/posts\/186131"}],"collection":[{"href":"https:\/\/www.enerjigazetesi.ist\/en\/wp-json\/wp\/v2\/posts"}],"about":[{"href":"https:\/\/www.enerjigazetesi.ist\/en\/wp-json\/wp\/v2\/types\/post"}],"author":[{"embeddable":true,"href":"https:\/\/www.enerjigazetesi.ist\/en\/wp-json\/wp\/v2\/users\/1"}],"replies":[{"embeddable":true,"href":"https:\/\/www.enerjigazetesi.ist\/en\/wp-json\/wp\/v2\/comments?post=186131"}],"version-history":[{"count":0,"href":"https:\/\/www.enerjigazetesi.ist\/en\/wp-json\/wp\/v2\/posts\/186131\/revisions"}],"wp:featuredmedia":[{"embeddable":true,"href":"https:\/\/www.enerjigazetesi.ist\/en\/wp-json\/wp\/v2\/media\/186133"}],"wp:attachment":[{"href":"https:\/\/www.enerjigazetesi.ist\/en\/wp-json\/wp\/v2\/media?parent=186131"}],"wp:term":[{"taxonomy":"category","embeddable":true,"href":"https:\/\/www.enerjigazetesi.ist\/en\/wp-json\/wp\/v2\/categories?post=186131"},{"taxonomy":"post_tag","embeddable":true,"href":"https:\/\/www.enerjigazetesi.ist\/en\/wp-json\/wp\/v2\/tags?post=186131"}],"curies":[{"name":"wp","href":"https:\/\/api.w.org\/{rel}","templated":true}]}}