{"id":186100,"date":"2024-03-22T16:21:46","date_gmt":"2024-03-22T13:21:46","guid":{"rendered":"https:\/\/www.enerjigazetesi.ist\/?p=186100"},"modified":"2024-03-22T16:22:26","modified_gmt":"2024-03-22T13:22:26","slug":"su-piyasalastirmanin-ve-kuresel-kirlenmenin-tehdidi-altindadir","status":"publish","type":"post","link":"https:\/\/www.enerjigazetesi.ist\/en\/su-piyasalastirmanin-ve-kuresel-kirlenmenin-tehdidi-altindadir\/","title":{"rendered":"(Turkish) &#8217;Su&#8217; Piyasala\u015ft\u0131rman\u0131n ve K\u00fcresel Kirlenmenin Tehdidi Alt\u0131ndad\u0131r"},"content":{"rendered":"<p class=\"qtranxs-available-languages-message qtranxs-available-languages-message-en\">Sorry, this entry is only available in <a href=\"https:\/\/www.enerjigazetesi.ist\/tr\/wp-json\/wp\/v2\/posts\/186100\" class=\"qtranxs-available-language-link qtranxs-available-language-link-tr\" title=\"Turkish\">Turkish<\/a>. For the sake of viewer convenience, the content is shown below in the alternative language. You may click the link to switch the active language.<\/p><p><\/p>\n<h2><strong>T\u00dcR\u00c7EP<\/strong> ( T\u00fcrkiye \u00c7evre Platformu ) D\u00fcnya su g\u00fcn\u00fcnde Suyun sosyal, ekonomik ve ekolojik ya\u015fam i\u00e7in \u00f6nemi tart\u0131\u015f\u0131lmaz oldu\u011funun alt\u0131n\u0131 \u00e7izerek, su \u00a0ya\u015fam\u0131n temelini olu\u015fturan, vazge\u00e7ilmez bir de\u011fer oldu\u011funu vurgulamaktad\u0131r.<\/h2>\n<p style=\"text-align: center;\"><img loading=\"lazy\" class=\"aligncenter wp-image-186102\" src=\"https:\/\/www.enerjigazetesi.ist\/wp-content\/uploads\/2024\/03\/su-piyasalastirmanin-ve-kuresel-kirlenmenin-tehdidi-altindadir.jpg\" alt=\"\" width=\"500\" height=\"368\" srcset=\"https:\/\/www.enerjigazetesi.ist\/wp-content\/uploads\/2024\/03\/su-piyasalastirmanin-ve-kuresel-kirlenmenin-tehdidi-altindadir.jpg 550w, https:\/\/www.enerjigazetesi.ist\/wp-content\/uploads\/2024\/03\/su-piyasalastirmanin-ve-kuresel-kirlenmenin-tehdidi-altindadir-300x221.jpg 300w, https:\/\/www.enerjigazetesi.ist\/wp-content\/uploads\/2024\/03\/su-piyasalastirmanin-ve-kuresel-kirlenmenin-tehdidi-altindadir-500x368.jpg 500w, https:\/\/www.enerjigazetesi.ist\/wp-content\/uploads\/2024\/03\/su-piyasalastirmanin-ve-kuresel-kirlenmenin-tehdidi-altindadir-68x50.jpg 68w\" sizes=\"(max-width: 500px) 100vw, 500px\" \/><\/p>\n<p>Su t\u00fcketiminin <strong>%70<\/strong>\u2019i tar\u0131mda,<strong> %22<\/strong>\u2019si sanayide, <strong>%8<\/strong>\u2019i i\u00e7me ve kullanma suyu olarak kullan\u0131lmaktad\u0131r.<\/p>\n<p>G\u00fcn\u00fcm\u00fczde t\u00fcm canl\u0131lar\u0131n en temel gereksinimi olan su, piyasala\u015ft\u0131rman\u0131n tehdidi alt\u0131ndad\u0131r. Temiz ve i\u00e7ilebilir suya eri\u015fim t\u00fcm d\u00fcnya halklar\u0131n\u0131n hakk\u0131d\u0131r. Bu haktan kesinlikle vazge\u00e7ilemez. Su kaynaklar\u0131 ve kullan\u0131m\u0131 kamuya ait olmal\u0131, insanca ya\u015fam i\u00e7in gerekli ve yeterli temiz su t\u00fcketiciye \u00fccretsiz olarak ula\u015ft\u0131r\u0131lmal\u0131d\u0131r.<\/p>\n<p>Bu nedenle t\u00fcm <strong>su havzalar\u0131m\u0131z koruma<\/strong> alt\u0131na al\u0131n\u0131p \u00e7evresindeki i\u015fgallere son verilmelidir.<\/p>\n<p>Su; <strong>Munzur\u2019da, Karadeniz\u2019de, Hasankeyf\u2019te, Antalya\u2019da<\/strong> ve d\u00fcnyan\u0131n her yerinde bug\u00fcne kadar besledi\u011fi topraklar\u0131n ve insanlar\u0131n umudu, ekme\u011fi olmu\u015f, bug\u00fcn ise<strong> b\u00fcy\u00fck ve k\u00fc\u00e7\u00fck baraj in\u015faatlar\u0131<\/strong> ve <strong>HES projeleri<\/strong> ile tehdit edilmekte ve yok edilmektedir.<\/p>\n<p>D\u00fcnyam\u0131z ve \u00fclkemizde h\u0131zl\u0131 sanayile\u015fmenin etkileriyle olu\u015fan kirlilik, bundan kaynakl\u0131 k\u00fcresel iklim de\u011fi\u015fikli\u011fi ve bununla birlikte ya\u015fad\u0131\u011f\u0131m\u0131z kurakl\u0131k, suyun \u00f6nemini her ge\u00e7en g\u00fcn daha da artt\u0131r\u0131yor. Su sorunu d\u00fcnya genelinde her ge\u00e7en g\u00fcn b\u00fcy\u00fcyor ve ba\u015f edilebilecek bir sorun olmaktan \u00e7\u0131k\u0131p kriz haline d\u00f6n\u00fc\u015f\u00fcyor, t\u00fcm canl\u0131 ya\u015fam\u0131n\u0131 tehdit eder hale geliyor.<\/p>\n<p><strong>T\u00dcR\u00c7EP<\/strong> \u00a0( T\u00fcrkiye \u00c7evre Platformu ) olarak, b\u00fct\u00fcn bu ya\u015famsal ve ekolojik nedenlerle, suyun metala\u015ft\u0131r\u0131lmas\u0131 giri\u015fimlerine kar\u015f\u0131 <strong>t\u00fcm do\u011fa koruma \u00f6rg\u00fctlerimizi<\/strong> birlikte m\u00fccadeleye \u00e7a\u011f\u0131r\u0131yoruz.<\/p>\n<p>&#8211; Su ve Su kaynaklar\u0131 korunmal\u0131, kirletilmemeli ve verimli kullan\u0131lmal\u0131d\u0131r.<\/p>\n<p>&#8211; Su kaynaklar\u0131 t\u00fcketilmeden kullan\u0131lmal\u0131d\u0131r.<\/p>\n<p>&#8211; \u00c7arp\u0131k sanayile\u015fme ve sanayinin yeralt\u0131 sular\u0131n\u0131 yok etmesi \u00f6nlenmelidir.<\/p>\n<p>&#8211; Su ya\u015famd\u0131r, insan hakk\u0131d\u0131r, insan haklar\u0131 devredilemez sat\u0131lamaz, metala\u015ft\u0131r\u0131lamaz.<\/p>\n<p>&#8211; Su ve su kaynaklar\u0131 \u00f6zelle\u015ftirilemez.<\/p>\n<p>\u00c7EVRE DOSTU VE YA\u015eAMIN S\u00dcRD\u00dcR\u00dcLEB\u0130L\u0130RL\u0130\u011e\u0130NDEN YANA OLAN T\u00dcM K\u0130\u015e\u0130 VE KURULU\u015eLARI\u00a0 \u00a0T\u00dcR\u00c7EP \u00a0OLARAK BU TEMELDE ORTAK M\u00dcCADELEYE \u00c7A\u011eIRIYORUZ.<\/p>\n<p><strong>T\u00dcRK\u0130YE \u00c7EVRE PLATFORMU ( T\u00dcR\u00c7EP ) &#8211;<\/strong><strong>\u00a0<\/strong><a href=\"http:\/\/www.turcep.org\" target=\"_blank\" rel=\"noopener\"><strong>www.turcep.org<\/strong><\/a><\/p>\n<p>Abidin \u00d6zkaymak &#8211; T\u00fcr\u00e7ep Koordinat\u00f6r\u00fc | A.Oktay Demirkan &#8211; T\u00fcr\u00e7ep Sekreteri<\/p>","protected":false},"excerpt":{"rendered":"<p>Sorry, this entry is only available in Turkish. For the sake of viewer convenience, the content is shown below in the alternative language. You may click the link to switch the active language. T\u00dcR\u00c7EP ( T\u00fcrkiye \u00c7evre Platformu ) D\u00fcnya su g\u00fcn\u00fcnde Suyun sosyal, ekonomik ve ekolojik ya\u015fam i\u00e7in \u00f6nemi tart\u0131\u015f\u0131lmaz oldu\u011funun alt\u0131n\u0131 \u00e7izerek, su [&hellip;]<\/p>\n","protected":false},"author":1,"featured_media":186104,"comment_status":"open","ping_status":"open","sticky":false,"template":"","format":"standard","meta":[],"categories":[53],"tags":[13726,9810,113095,3398,113094],"views":18,"_links":{"self":[{"href":"https:\/\/www.enerjigazetesi.ist\/en\/wp-json\/wp\/v2\/posts\/186100"}],"collection":[{"href":"https:\/\/www.enerjigazetesi.ist\/en\/wp-json\/wp\/v2\/posts"}],"about":[{"href":"https:\/\/www.enerjigazetesi.ist\/en\/wp-json\/wp\/v2\/types\/post"}],"author":[{"embeddable":true,"href":"https:\/\/www.enerjigazetesi.ist\/en\/wp-json\/wp\/v2\/users\/1"}],"replies":[{"embeddable":true,"href":"https:\/\/www.enerjigazetesi.ist\/en\/wp-json\/wp\/v2\/comments?post=186100"}],"version-history":[{"count":0,"href":"https:\/\/www.enerjigazetesi.ist\/en\/wp-json\/wp\/v2\/posts\/186100\/revisions"}],"wp:featuredmedia":[{"embeddable":true,"href":"https:\/\/www.enerjigazetesi.ist\/en\/wp-json\/wp\/v2\/media\/186104"}],"wp:attachment":[{"href":"https:\/\/www.enerjigazetesi.ist\/en\/wp-json\/wp\/v2\/media?parent=186100"}],"wp:term":[{"taxonomy":"category","embeddable":true,"href":"https:\/\/www.enerjigazetesi.ist\/en\/wp-json\/wp\/v2\/categories?post=186100"},{"taxonomy":"post_tag","embeddable":true,"href":"https:\/\/www.enerjigazetesi.ist\/en\/wp-json\/wp\/v2\/tags?post=186100"}],"curies":[{"name":"wp","href":"https:\/\/api.w.org\/{rel}","templated":true}]}}