{"id":18608,"date":"2013-12-02T18:34:31","date_gmt":"2013-12-02T15:34:31","guid":{"rendered":"https:\/\/www.enerjigazetesi.ist\/?p=18608"},"modified":"2013-12-02T18:34:31","modified_gmt":"2013-12-02T15:34:31","slug":"gazprom-ve-vitol-isbirligine-gidiyor","status":"publish","type":"post","link":"https:\/\/www.enerjigazetesi.ist\/en\/gazprom-ve-vitol-isbirligine-gidiyor\/","title":{"rendered":"(Turkish) Gazprom ve Vitol \u0130\u015fbirli\u011fine Gidiyor!"},"content":{"rendered":"<p class=\"qtranxs-available-languages-message qtranxs-available-languages-message-en\">Sorry, this entry is only available in <a href=\"https:\/\/www.enerjigazetesi.ist\/tr\/wp-json\/wp\/v2\/posts\/18608\" class=\"qtranxs-available-language-link qtranxs-available-language-link-tr\" title=\"Turkish\">Turkish<\/a>. For the sake of viewer convenience, the content is shown below in the alternative language. You may click the link to switch the active language.<\/p><p><strong>Gazprom CEO\u2019su Alexey Miller ile Vitol Group Ba\u015fkan\u0131 Ian Taylor St. Petersburg\u2019da bir araya gelere<a href=\"https:\/\/www.enerjigazetesi.ist\/wp-content\/uploads\/2013\/12\/gazprom-ve-vitol-isbirligine-gidiyor.jpg\"><img loading=\"lazy\" class=\"alignright size-medium wp-image-18610\" title=\"gazprom-ve-vitol-isbirligine-gidiyor\" src=\"https:\/\/www.enerjigazetesi.ist\/wp-content\/uploads\/2013\/12\/gazprom-ve-vitol-isbirligine-gidiyor-300x211.jpg\" alt=\"\" width=\"300\" height=\"211\" srcset=\"https:\/\/www.enerjigazetesi.ist\/wp-content\/uploads\/2013\/12\/gazprom-ve-vitol-isbirligine-gidiyor-300x211.jpg 300w, https:\/\/www.enerjigazetesi.ist\/wp-content\/uploads\/2013\/12\/gazprom-ve-vitol-isbirligine-gidiyor-70x50.jpg 70w, https:\/\/www.enerjigazetesi.ist\/wp-content\/uploads\/2013\/12\/gazprom-ve-vitol-isbirligine-gidiyor.jpg 450w\" sizes=\"(max-width: 300px) 100vw, 300px\" \/><\/a>k Avrupa\u2019daki Rus do\u011fal gaz yer alt\u0131 depolar\u0131n\u0131 geli\u015ftirme ve gaz yak\u0131tl\u0131 elektrik \u00fcretiminde i\u015fbirli\u011fini geli\u015ftirme karar\u0131 ald\u0131lar.<\/strong><\/p>\n<p>D\u00fcnyan\u0131n ikinci b\u00fcy\u00fck petrol ticari \u015firketi olan \u0130svi\u00e7re-Hollanda ortakl\u0131 Vitol \u015firketi ile Gazprom\u2019un i\u015fbirli\u011finin ele al\u0131nd\u0131\u011f\u0131 toplant\u0131da, Avrupa\u2019daki Rus do\u011fal gaz yer alt\u0131 depolar\u0131n\u0131 geli\u015ftirme ve \u00f6zellikle \u0130ngiltere ve Fransa\u2019da gaz yak\u0131tl\u0131 elektrik \u00fcretiminde i\u015fbirli\u011fini geli\u015ftirme \u00fczerinde duruldu.<\/p>\n<p>Toplant\u0131 Avrupa\u2019n\u0131n Rusya\u2019n\u0131n do\u011fal gaz\u0131na olan ihtiyac\u0131n\u0131n s\u00fcrekli oldu\u011funu ve Avrupal\u0131 t\u00fcketicilere yak\u0131n do\u011fal gaz depolar\u0131n\u0131n kapasitelerini artt\u0131rma aciliyetinin artt\u0131\u011f\u0131na vurgu yapt\u0131. Taraflar Rus do\u011fal gaz\u0131 tabanl\u0131 elektrik \u00fcretimindeki i\u015fbirli\u011finde atacaklar\u0131 ad\u0131mlar\u0131 s\u0131ralad\u0131lar.<\/p>\n<p>Gazprom ve Vitol aras\u0131nda Gazprom\u2019un Avrupa UGS tesislerindeki do\u011fal gaz depolar\u0131 da de\u011ferlendiriliyor.<\/p>\n<p>Kaynak: <a href=\"http:\/\/enerjigunlugu.net\/gazprom-ve-vitol-isbirligine-gidiyor_5889.html\" target=\"_blank\">Enerji G\u00fcnl\u00fc\u011f\u00fc<\/a><\/p>","protected":false},"excerpt":{"rendered":"<p>Sorry, this entry is only available in Turkish. For the sake of viewer convenience, the content is shown below in the alternative language. You may click the link to switch the active language.Gazprom CEO\u2019su Alexey Miller ile Vitol Group Ba\u015fkan\u0131 Ian Taylor St. Petersburg\u2019da bir araya gelerek Avrupa\u2019daki Rus do\u011fal gaz yer alt\u0131 depolar\u0131n\u0131 geli\u015ftirme [&hellip;]<\/p>\n","protected":false},"author":1,"featured_media":18610,"comment_status":"open","ping_status":"open","sticky":false,"template":"","format":"standard","meta":[],"categories":[46,53],"tags":[9219,1964,63,67,1009,165,10876,1277,10874,10878,10877,10875,4053,10873],"views":548,"_links":{"self":[{"href":"https:\/\/www.enerjigazetesi.ist\/en\/wp-json\/wp\/v2\/posts\/18608"}],"collection":[{"href":"https:\/\/www.enerjigazetesi.ist\/en\/wp-json\/wp\/v2\/posts"}],"about":[{"href":"https:\/\/www.enerjigazetesi.ist\/en\/wp-json\/wp\/v2\/types\/post"}],"author":[{"embeddable":true,"href":"https:\/\/www.enerjigazetesi.ist\/en\/wp-json\/wp\/v2\/users\/1"}],"replies":[{"embeddable":true,"href":"https:\/\/www.enerjigazetesi.ist\/en\/wp-json\/wp\/v2\/comments?post=18608"}],"version-history":[{"count":2,"href":"https:\/\/www.enerjigazetesi.ist\/en\/wp-json\/wp\/v2\/posts\/18608\/revisions"}],"predecessor-version":[{"id":18611,"href":"https:\/\/www.enerjigazetesi.ist\/en\/wp-json\/wp\/v2\/posts\/18608\/revisions\/18611"}],"wp:featuredmedia":[{"embeddable":true,"href":"https:\/\/www.enerjigazetesi.ist\/en\/wp-json\/wp\/v2\/media\/18610"}],"wp:attachment":[{"href":"https:\/\/www.enerjigazetesi.ist\/en\/wp-json\/wp\/v2\/media?parent=18608"}],"wp:term":[{"taxonomy":"category","embeddable":true,"href":"https:\/\/www.enerjigazetesi.ist\/en\/wp-json\/wp\/v2\/categories?post=18608"},{"taxonomy":"post_tag","embeddable":true,"href":"https:\/\/www.enerjigazetesi.ist\/en\/wp-json\/wp\/v2\/tags?post=18608"}],"curies":[{"name":"wp","href":"https:\/\/api.w.org\/{rel}","templated":true}]}}