{"id":186074,"date":"2024-03-21T18:56:58","date_gmt":"2024-03-21T15:56:58","guid":{"rendered":"https:\/\/www.enerjigazetesi.ist\/?p=186074"},"modified":"2024-03-21T18:57:48","modified_gmt":"2024-03-21T15:57:48","slug":"bu-ulkenin-enerjiye-ihtiyaci-var","status":"publish","type":"post","link":"https:\/\/www.enerjigazetesi.ist\/en\/bu-ulkenin-enerjiye-ihtiyaci-var\/","title":{"rendered":"(Turkish) Bu \u00dclkenin Enerjiye \u0130htiyac\u0131 Var"},"content":{"rendered":"<p class=\"qtranxs-available-languages-message qtranxs-available-languages-message-en\">Sorry, this entry is only available in <a href=\"https:\/\/www.enerjigazetesi.ist\/tr\/wp-json\/wp\/v2\/posts\/186074\" class=\"qtranxs-available-language-link qtranxs-available-language-link-tr\" title=\"Turkish\">Turkish<\/a>. For the sake of viewer convenience, the content is shown below in the alternative language. You may click the link to switch the active language.<\/p><p><\/p>\n<h2>Enerji ve Tabii Kaynaklar Bakan\u0131 Alparslan Bayraktar, \u0130zmir K\u0131n\u0131k\u2019ta termik santral yaparak bin gence istihdam sa\u011flayacaklar\u0131n\u0131 s\u00f6yledi\u011finde aya\u011fa kalkanlar oldu\u011funu belirterek <em>\u201cBiz b\u00f6yle bir anlay\u0131\u015fla, \u2018Nas\u0131l yapt\u0131rmay\u0131z, nas\u0131l ettirmeyiz, proje olmas\u0131n\u2019 anlay\u0131\u015f\u0131yla m\u00fccadele ediyoruz. Bu \u00fclkenin enerjiye ihtiyac\u0131 var. Cari a\u00e7\u0131\u011f\u0131 azaltmam\u0131z i\u00e7in kendi kayna\u011f\u0131m\u0131z\u0131 kullanmam\u0131z laz\u0131m. K\u00f6m\u00fcre s\u0131rt\u0131m\u0131z\u0131 d\u00f6nemeyiz.\u201d <\/em>dedi.<\/h2>\n<p style=\"text-align: center;\"><img loading=\"lazy\" class=\"aligncenter wp-image-186076\" src=\"https:\/\/www.enerjigazetesi.ist\/wp-content\/uploads\/2024\/03\/bu-ulkenin-enerjiye-ihtiyaci-var.jpg\" alt=\"\" width=\"500\" height=\"329\" srcset=\"https:\/\/www.enerjigazetesi.ist\/wp-content\/uploads\/2024\/03\/bu-ulkenin-enerjiye-ihtiyaci-var.jpg 550w, https:\/\/www.enerjigazetesi.ist\/wp-content\/uploads\/2024\/03\/bu-ulkenin-enerjiye-ihtiyaci-var-300x197.jpg 300w, https:\/\/www.enerjigazetesi.ist\/wp-content\/uploads\/2024\/03\/bu-ulkenin-enerjiye-ihtiyaci-var-500x329.jpg 500w, https:\/\/www.enerjigazetesi.ist\/wp-content\/uploads\/2024\/03\/bu-ulkenin-enerjiye-ihtiyaci-var-76x50.jpg 76w\" sizes=\"(max-width: 500px) 100vw, 500px\" \/><\/p>\n<p>Bakan Bayraktar, Beypazar\u0131, \u00c7ay\u0131rhan ve Nall\u0131han\u2019da \u00e7e\u015fitli temaslarda bulundu. \u0130lk olarak Beypazar\u0131\u2019nda aralar\u0131nda muhtarlar, Ticaret Odas\u0131 Y\u00f6netim Kurulu \u00fcyeleri, Ziraat Odas\u0131 Y\u00f6netim Kurulu \u00fcyeleri, Bostanc\u0131lar Odas\u0131 \u00fcyeleri, b\u00f6lgede faaliyet y\u00fcr\u00fcten enerji \u015firketlerinin temsilcileri ve sendika y\u00f6neticilerinin bulundu\u011fu bir toplant\u0131ya kat\u0131lan Bayraktar, burada bir konu\u015fma yapt\u0131.<\/p>\n<h3><strong>\u0130thal K\u00f6m\u00fcrden Elektrik<\/strong><\/h3>\n<p>Bayraktar konu\u015fmas\u0131nda T\u00fcrkiye&#8217;nin mutlak suretle kendi yerli kaynaklar\u0131n\u0131 ve yenilenebilir kaynaklar\u0131n\u0131 devreye almas\u0131 gerekti\u011fini belirterek <em>\u201cBug\u00fcn T\u00fcrkiye\u2019nin \u00fcretti\u011fi elektri\u011fin 3\u2019te birini biz k\u00f6m\u00fcrden \u00fcretiyoruz. Ama bu 3\u2019te birin yar\u0131s\u0131 maalesef hala ithal k\u00f6m\u00fcrle oluyor.\u201d<\/em> dedi.<\/p>\n<h3><strong>20 Milyar Tonluk Rezerv<\/strong><\/h3>\n<p>Bayraktar, T\u00fcrkiye&#8217;de bulunan 20 milyar ton civar\u0131ndaki k\u00f6m\u00fcr rezervini i\u015f sa\u011fl\u0131\u011f\u0131 ve g\u00fcvenli\u011finden hi\u00e7bir \u015fekilde taviz vermeden kullanmak gerekti\u011finin alt\u0131n\u0131 \u00e7izerek <em>\u201c\u00c7evreyle uyumlu bir \u015fekilde kullanmam\u0131z laz\u0131m. Dolay\u0131s\u0131yla hem k\u00f6m\u00fcr hem di\u011fer madenlerimizle bu anlay\u0131\u015fla yine ekonomimize kazand\u0131rmam\u0131z laz\u0131m.\u201d<\/em> diye konu\u015ftu.<\/p>\n<h3><strong>Tahsiste Yerele \u00d6ncelik<\/strong><\/h3>\n<p>Yenilenebilir enerji alan\u0131nda belli d\u00f6nemlerde tahsis yapt\u0131klar\u0131n\u0131 an\u0131msatan Bayraktar,<\/p>\n<p><em>\u201cHerkes yenilenebilir yapmak istiyor. Ama burada da bir de\u011fi\u015fikli\u011fe gitmek durumunda kalabiliriz. Mesela burada \u00c7ay\u0131rhan Santrali, Yunus Emre Termik Santrali var de\u011fil mi? \u00d6zellikle k\u00f6m\u00fcr santrali olan yerlerdeki yenilenebilir kapasiteyi biraz daha yerele, orada olu\u015fabilecek yenilenebilir kapasiteyi ay\u0131rmak gibi bir \u00e7\u00f6z\u00fcm\u00fc de in\u015fallah \u00fcretebiliriz.\u201d<\/em> dedi.<\/p>\n<h3><strong>Hemen Aya\u011fa Kalkt\u0131lar<\/strong><\/h3>\n<p>Bayraktar, birilerinin k\u00f6m\u00fcrden elektrik \u00fcretimine kar\u015f\u0131 \u00e7\u0131kt\u0131\u011f\u0131n\u0131 kaydederek \u015f\u00f6yle devam etti: Cumhuriyet Halk Partisi k\u00f6m\u00fcr olmas\u0131n istiyor. Ge\u00e7en hafta \u0130zmir&#8217;e gittim. \u0130zmir&#8217;de \u00e7ok \u00f6nemli bir k\u00f6m\u00fcr madenimiz var. Orada yakla\u015f\u0131k 2 bin 700 ki\u015fi \u00e7al\u0131\u015f\u0131yor K\u0131n\u0131k&#8217;ta. Asl\u0131nda orada \u00fcretilen k\u00f6m\u00fcrden elektrikle \u00fcretilmesi hedefleniyordu. Her \u015feyi al\u0131nm\u0131\u015f, izinleri vs. <em>\u2018\u0130n\u015fallah orada termik santrali yap\u0131p bin tane karde\u015fimize, bin yeni gence istihdam sa\u011flayaca\u011f\u0131z\u2019<\/em> dedim. Hemen aya\u011fa kalkt\u0131lar. \u0130\u015fte \u2018\u0130zmir&#8217;i mahvedecekler, bunlar termik santral yap\u0131yorlar.\u2019 vesaire filan. \u015eimdi biz b\u00f6yle bir anlay\u0131\u015fla, yani hem \u00fclkeyle ilgili b\u00f6yle bir anlay\u0131\u015fla hem de belediyelerle de \u2018Nas\u0131l yapt\u0131rmay\u0131z, nas\u0131l ettirmeyiz, proje olmas\u0131n\u2019 anlay\u0131\u015f\u0131yla m\u00fccadele ediyoruz. Bu \u00fclkenin enerjiye ihtiyac\u0131 var. Dolay\u0131s\u0131yla kendi kayna\u011f\u0131m\u0131z\u0131, yani cari a\u00e7\u0131\u011f\u0131 azaltmam\u0131z i\u00e7in kendi kayna\u011f\u0131m\u0131z\u0131 kullanmam\u0131z laz\u0131m.<\/p>\n<h3><strong>Ulusal G\u00fcvenlikle \u0130lgili<\/strong><\/h3>\n<p>Bakan Bayraktar daha sonra \u00c7ay\u0131rhan\u2019daki K\u0130A\u015e K\u00f6m\u00fcr \u0130\u015fletmelerini ziyaret ederek burada maden i\u015f\u00e7ileriyle bir araya geldi. 6 \u015eubat depremlerinde g\u00f6sterdikleri fedakarl\u0131klar nedeniyle i\u015f\u00e7ilere te\u015fekk\u00fcr eden Bakan Bayraktar, yerli k\u00f6m\u00fcr kullan\u0131m\u0131n\u0131n enerji g\u00fcvenli\u011fi ve dolay\u0131s\u0131yla da ulusal g\u00fcvenlikle do\u011frudan ilgili oldu\u011funu s\u00f6yledi.<\/p>\n<h3><strong>Avrupa\u2019da K\u00f6m\u00fcr T\u00fcketimi Artt\u0131<\/strong><\/h3>\n<p>Bug\u00fcn d\u00fcnyan\u0131n b\u00fct\u00fcn geli\u015fmi\u015f ekonomilerinin \u00e7o\u011funda k\u00f6m\u00fcr\u00fcn \u00e7ok yo\u011fun bir \u015fekilde kullan\u0131ld\u0131\u011f\u0131n\u0131 kaydeden Bayraktar, <em>\u201cAvrupa uzun zaman laf etti. Efendim \u2018K\u00f6m\u00fcrden \u00e7\u0131k\u0131yoruz, \u00f6yle yap\u0131yoruz, b\u00f6yle yap\u0131yoruz.\u2019 \u0130\u015fte g\u00f6rd\u00fck. Hem 2002\u2019de hem 2023\u2019te k\u00f6m\u00fcr t\u00fcketimi Avrupa&#8217;da artt\u0131. Dolay\u0131s\u0131yla biz diyoruz ki bir d\u00f6n\u00fc\u015f\u00fcm olacaksa mutlaka bunun ak\u0131ll\u0131 olmas\u0131 laz\u0131m. \u00d6yle ezbere olmamas\u0131 laz\u0131m. Bu k\u00f6m\u00fcr belli bir s\u00fcre i\u00e7erisinde ekonomide mutlaka olmaya devam etmesi laz\u0131m.\u201d<\/em> ifadelerini kulland\u0131.<\/p>\n<h3><strong>Daha Ayr\u0131cal\u0131kl\u0131 Daha \u00d6zel<\/strong><\/h3>\n<p>Bayraktar, <strong>E\u00dcA\u015e \u00c7ay\u0131rhan Termik Santrali \u0130\u015fletme M\u00fcd\u00fcrl\u00fc\u011f\u00fcn\u00fc<\/strong> de ziyaret etti. Bayraktar burada i\u015f\u00e7ilere y\u00f6nelik yapt\u0131\u011f\u0131 konu\u015fmada, <em>\u201cBuras\u0131 bizim i\u00e7in \u00e7ok \u00f6nemli bir santral. \u00c7\u00fcnk\u00fc buras\u0131 bir yerli k\u00f6m\u00fcr santrali. Bizim temel hedefimiz enerjide T\u00fcrkiye&#8217;yi d\u0131\u015fa ba\u011f\u0131ml\u0131l\u0131ktan kurtarmak. \u0130n\u015fallah bunun i\u00e7in de yerli kaynaklar\u0131m\u0131z\u0131 yenilenebilir kaynaklar\u0131m\u0131z\u0131 mutlaka en azami d\u00fczeyde kullanmak istiyoruz. Onun i\u00e7in de bu santralin \u00fcretti\u011fi enerji bizim i\u00e7in daha ayr\u0131cal\u0131kl\u0131, daha \u00f6zel.\u201d<\/em> dedi.<\/p>\n<h3><strong>K\u00f6m\u00fcre S\u0131rt\u0131m\u0131z\u0131 D\u00f6nemeyiz<\/strong><\/h3>\n<p>D\u00fcnyada yenilenebilir enerji furyas\u0131 oldu\u011funu, T\u00fcrkiye\u2019nin de ge\u00e7en y\u0131l \u00fcretti\u011fi enerjinin yeni kapasitenin neredeyse y\u00fczde 99\u2019u yenilenebilir enerji oldu\u011funu kaydederek<em> \u201cAma bunu yaparken k\u00f6m\u00fcre s\u0131rt\u0131m\u0131z\u0131 d\u00f6nemeyiz. Onun i\u00e7in bu santralin daha da g\u00fc\u00e7l\u00fc \u015fekilde \u00fcretimine devam etmesi laz\u0131m. Tam kapasite devam etmesi laz\u0131m.\u201d<\/em> de\u011ferlendirmesini yapt\u0131.<\/p>\n<p>Kaynak: <a href=\"https:\/\/enerji.gov.tr\/haber-detay?id=21264\" target=\"_blank\" rel=\"noopener\">ETKB<\/a><\/p>","protected":false},"excerpt":{"rendered":"<p>Sorry, this entry is only available in Turkish. For the sake of viewer convenience, the content is shown below in the alternative language. You may click the link to switch the active language. Enerji ve Tabii Kaynaklar Bakan\u0131 Alparslan Bayraktar, \u0130zmir K\u0131n\u0131k\u2019ta termik santral yaparak bin gence istihdam sa\u011flayacaklar\u0131n\u0131 s\u00f6yledi\u011finde aya\u011fa kalkanlar oldu\u011funu belirterek \u201cBiz [&hellip;]<\/p>\n","protected":false},"author":1,"featured_media":186076,"comment_status":"open","ping_status":"open","sticky":false,"template":"","format":"standard","meta":[],"categories":[51,53,24649],"tags":[113087,1675,1816,1443,2291,13637,30224,6638,438,40806],"views":30,"_links":{"self":[{"href":"https:\/\/www.enerjigazetesi.ist\/en\/wp-json\/wp\/v2\/posts\/186074"}],"collection":[{"href":"https:\/\/www.enerjigazetesi.ist\/en\/wp-json\/wp\/v2\/posts"}],"about":[{"href":"https:\/\/www.enerjigazetesi.ist\/en\/wp-json\/wp\/v2\/types\/post"}],"author":[{"embeddable":true,"href":"https:\/\/www.enerjigazetesi.ist\/en\/wp-json\/wp\/v2\/users\/1"}],"replies":[{"embeddable":true,"href":"https:\/\/www.enerjigazetesi.ist\/en\/wp-json\/wp\/v2\/comments?post=186074"}],"version-history":[{"count":0,"href":"https:\/\/www.enerjigazetesi.ist\/en\/wp-json\/wp\/v2\/posts\/186074\/revisions"}],"wp:featuredmedia":[{"embeddable":true,"href":"https:\/\/www.enerjigazetesi.ist\/en\/wp-json\/wp\/v2\/media\/186076"}],"wp:attachment":[{"href":"https:\/\/www.enerjigazetesi.ist\/en\/wp-json\/wp\/v2\/media?parent=186074"}],"wp:term":[{"taxonomy":"category","embeddable":true,"href":"https:\/\/www.enerjigazetesi.ist\/en\/wp-json\/wp\/v2\/categories?post=186074"},{"taxonomy":"post_tag","embeddable":true,"href":"https:\/\/www.enerjigazetesi.ist\/en\/wp-json\/wp\/v2\/tags?post=186074"}],"curies":[{"name":"wp","href":"https:\/\/api.w.org\/{rel}","templated":true}]}}