{"id":186065,"date":"2024-03-21T17:53:56","date_gmt":"2024-03-21T14:53:56","guid":{"rendered":"https:\/\/www.enerjigazetesi.ist\/?p=186065"},"modified":"2024-03-21T17:53:56","modified_gmt":"2024-03-21T14:53:56","slug":"akut-vakfi-cocuk-ve-genclerin-afetlere-karsi-direncliligini-destekliyor","status":"publish","type":"post","link":"https:\/\/www.enerjigazetesi.ist\/en\/akut-vakfi-cocuk-ve-genclerin-afetlere-karsi-direncliligini-destekliyor\/","title":{"rendered":"(Turkish) AKUT VAKFI \u00c7ocuk ve Gen\u00e7lerin Afetlere Kar\u015f\u0131 Diren\u00e7lili\u011fini Destekliyor"},"content":{"rendered":"<p class=\"qtranxs-available-languages-message qtranxs-available-languages-message-en\">Sorry, this entry is only available in <a href=\"https:\/\/www.enerjigazetesi.ist\/tr\/wp-json\/wp\/v2\/posts\/186065\" class=\"qtranxs-available-language-link qtranxs-available-language-link-tr\" title=\"Turkish\">Turkish<\/a>. For the sake of viewer convenience, the content is shown below in the alternative language. You may click the link to switch the active language.<\/p><p><\/p>\n<h2><strong>AKUT VAKFI ve \u0130stek Atanur O\u011fuz Okullar\u0131 i\u015f birli\u011fi ile \u00f6\u011frenciler i\u00e7in Deprem Bilin\u00e7lendirme ve Yard\u0131m Projesi d\u00fczenlendi. Projenin hedefi \u00f6\u011frencilerin e\u011fitim seminerleri ile fark\u0131ndal\u0131klar\u0131n\u0131 ve destek festivali ile duyarl\u0131l\u0131klar\u0131n\u0131 art\u0131rmak.<\/strong><\/h2>\n<p style=\"text-align: center;\"><img loading=\"lazy\" class=\"aligncenter wp-image-186068\" src=\"https:\/\/www.enerjigazetesi.ist\/wp-content\/uploads\/2024\/03\/akut-vakfi-cocuk-ve-genclerin-afetlere-karsi-direncliligini-destekliyor-1.jpg\" alt=\"\" width=\"500\" height=\"281\" srcset=\"https:\/\/www.enerjigazetesi.ist\/wp-content\/uploads\/2024\/03\/akut-vakfi-cocuk-ve-genclerin-afetlere-karsi-direncliligini-destekliyor-1.jpg 550w, https:\/\/www.enerjigazetesi.ist\/wp-content\/uploads\/2024\/03\/akut-vakfi-cocuk-ve-genclerin-afetlere-karsi-direncliligini-destekliyor-1-300x169.jpg 300w, https:\/\/www.enerjigazetesi.ist\/wp-content\/uploads\/2024\/03\/akut-vakfi-cocuk-ve-genclerin-afetlere-karsi-direncliligini-destekliyor-1-500x281.jpg 500w, https:\/\/www.enerjigazetesi.ist\/wp-content\/uploads\/2024\/03\/akut-vakfi-cocuk-ve-genclerin-afetlere-karsi-direncliligini-destekliyor-1-80x45.jpg 80w\" sizes=\"(max-width: 500px) 100vw, 500px\" \/><\/p>\n<p>AKUT VAKFI ve \u0130stek Vakf\u0131 Atanur O\u011fuz Okullar\u0131, \u00f6\u011frenciler i\u00e7in <strong>Afet Bilin\u00e7lendirme ve Destek Projesi<\/strong> konusunda i\u015f birli\u011fi yapt\u0131. Afetlere kar\u015f\u0131 diren\u00e7li bir toplum bilinci olu\u015fturulmas\u0131 konusunda \u00f6nemli bir misyon \u00fcstlenen AKUT VAKFI, \u0130stek Atanur O\u011fuz Okullar\u0131\u2019nda anaokulu, ilkokul, ortaokul ve lise \u00f6\u011frencileri i\u00e7in 4 ayr\u0131 oturumda afet bilin\u00e7lendirme semineri d\u00fczenledi.<\/p>\n<p><strong>AKUT VAKFI Y\u00f6netim Kurulu Ba\u015fkan\u0131 Ali Nasuh Mahruki<\/strong>, seminer \u00f6ncesi \u00e7ocuklarla bir araya gelerek afet riskine kar\u015f\u0131 al\u0131nabilecek \u00f6nlemlerin \u00f6nemine dikkat \u00e7ekti. Deprem bilincinin bireylerden ba\u015flayarak toplum geneline yay\u0131lmas\u0131 gerekti\u011fini s\u00f6yledi.<\/p>\n<p><strong>AKUT VAKFI Y\u00f6netim Kurulu \u00dcyesi ve E\u011fitmeni Onur Okyay<\/strong>, <strong>AKUT VAKFI E\u011fitmenleri Altan G\u00f6kalp<\/strong> ve <strong>Serhan Kebelio\u011flu<\/strong>\u2019nun kat\u0131ld\u0131\u011f\u0131 seminerde, farkl\u0131 ya\u015f gruplar\u0131na \u00f6zel anlat\u0131mlarla depreme haz\u0131rl\u0131k, deprem an\u0131nda ve sonras\u0131nda neler yap\u0131lmas\u0131 gerekti\u011fi konular\u0131nda bilgiler verildi. Deprem gibi afet anlar\u0131nda sakin kalman\u0131n ve \u00f6ncesinde \u00f6nlem alman\u0131n ne kadar \u00f6nemli oldu\u011fu aktar\u0131ld\u0131. \u00d6rne\u011fin; evlerde e\u015fyalar\u0131n sabitlenmesi, acil durum eylem plan\u0131 yap\u0131lmas\u0131 ve deprem \u00e7antas\u0131 haz\u0131rlanmas\u0131 gibi al\u0131nabilecek basit tedbirlerin hayat kurtard\u0131\u011f\u0131 belirtildi.<\/p>\n<p>AKUT VAKFI Afet Bilin\u00e7lendirme Semineri\u2019ne kat\u0131lan \u00f6\u011frenciler, seminerin sonunda <strong>AKUT VAKFI Minik G\u00f6n\u00fcll\u00fc <\/strong>ve <strong>AKUT VAKFI Gen\u00e7 G\u00f6n\u00fcll\u00fc<\/strong> rozetlerini takarak afet bilincinin art\u0131r\u0131lmas\u0131 i\u00e7in seminerde edindikleri bilgileri ailelerine ve \u00e7evrelerine aktarmaya g\u00f6n\u00fcll\u00fc oldular.<\/p>\n<p>Yap\u0131lan i\u015f birli\u011fi kapsam\u0131nda \u0130stek Atanur O\u011fuz Okullar\u0131, AKUT VAKFI\u2019n\u0131n Hatay\u2019\u0131n Antakya il\u00e7esinde 5 \u015eubat 2024\u2019te a\u00e7\u0131l\u0131\u015flar\u0131n\u0131 ger\u00e7ekle\u015ftirdi\u011fi <strong>Serinyol \u0130lkokulu ve Ortaokulu ile Ma\u015fuklu \u0130lkokulu<\/strong> i\u00e7in <strong>dayan\u0131\u015fma etkinlikleri<\/strong> d\u00fczenleyecek. Proje kapsam\u0131nda e\u011fitim seminerleri ile \u00f6\u011frencilerin fark\u0131ndal\u0131klar\u0131n\u0131 art\u0131rmak ve dayan\u0131\u015fma etkinlikleri ile duyarl\u0131l\u0131klar\u0131n\u0131 geli\u015ftirmek hedefleniyor. Ayn\u0131 zamanda di\u011fer e\u011fitim kurumlar\u0131 i\u00e7in de \u00f6rnek olacak bir i\u015f birli\u011fi yap\u0131lmas\u0131 ama\u00e7lan\u0131yor.<\/p>","protected":false},"excerpt":{"rendered":"<p>Sorry, this entry is only available in Turkish. For the sake of viewer convenience, the content is shown below in the alternative language. You may click the link to switch the active language. AKUT VAKFI ve \u0130stek Atanur O\u011fuz Okullar\u0131 i\u015f birli\u011fi ile \u00f6\u011frenciler i\u00e7in Deprem Bilin\u00e7lendirme ve Yard\u0131m Projesi d\u00fczenlendi. Projenin hedefi \u00f6\u011frencilerin e\u011fitim [&hellip;]<\/p>\n","protected":false},"author":1,"featured_media":186067,"comment_status":"open","ping_status":"open","sticky":false,"template":"","format":"standard","meta":[],"categories":[53],"tags":[113086,113085,113082,113084,113083],"views":26,"_links":{"self":[{"href":"https:\/\/www.enerjigazetesi.ist\/en\/wp-json\/wp\/v2\/posts\/186065"}],"collection":[{"href":"https:\/\/www.enerjigazetesi.ist\/en\/wp-json\/wp\/v2\/posts"}],"about":[{"href":"https:\/\/www.enerjigazetesi.ist\/en\/wp-json\/wp\/v2\/types\/post"}],"author":[{"embeddable":true,"href":"https:\/\/www.enerjigazetesi.ist\/en\/wp-json\/wp\/v2\/users\/1"}],"replies":[{"embeddable":true,"href":"https:\/\/www.enerjigazetesi.ist\/en\/wp-json\/wp\/v2\/comments?post=186065"}],"version-history":[{"count":0,"href":"https:\/\/www.enerjigazetesi.ist\/en\/wp-json\/wp\/v2\/posts\/186065\/revisions"}],"wp:featuredmedia":[{"embeddable":true,"href":"https:\/\/www.enerjigazetesi.ist\/en\/wp-json\/wp\/v2\/media\/186067"}],"wp:attachment":[{"href":"https:\/\/www.enerjigazetesi.ist\/en\/wp-json\/wp\/v2\/media?parent=186065"}],"wp:term":[{"taxonomy":"category","embeddable":true,"href":"https:\/\/www.enerjigazetesi.ist\/en\/wp-json\/wp\/v2\/categories?post=186065"},{"taxonomy":"post_tag","embeddable":true,"href":"https:\/\/www.enerjigazetesi.ist\/en\/wp-json\/wp\/v2\/tags?post=186065"}],"curies":[{"name":"wp","href":"https:\/\/api.w.org\/{rel}","templated":true}]}}