{"id":186022,"date":"2024-03-21T14:58:01","date_gmt":"2024-03-21T11:58:01","guid":{"rendered":"https:\/\/www.enerjigazetesi.ist\/?p=186022"},"modified":"2024-03-21T14:58:21","modified_gmt":"2024-03-21T11:58:21","slug":"yeka-2-projesi-nin-250-mw-lik-mugla-etabinin-turbin-anlasmasi-imzalandi","status":"publish","type":"post","link":"https:\/\/www.enerjigazetesi.ist\/en\/yeka-2-projesi-nin-250-mw-lik-mugla-etabinin-turbin-anlasmasi-imzalandi\/","title":{"rendered":"(Turkish) YEKA &#8211; 2 Projesi&#8217;nin 250 MW\u2019l\u0131k Mu\u011fla Etab\u0131n\u0131n T\u00fcrbin Anla\u015fmas\u0131 \u0130mzaland\u0131"},"content":{"rendered":"<p class=\"qtranxs-available-languages-message qtranxs-available-languages-message-en\">Sorry, this entry is only available in <a href=\"https:\/\/www.enerjigazetesi.ist\/tr\/wp-json\/wp\/v2\/posts\/186022\" class=\"qtranxs-available-language-link qtranxs-available-language-link-tr\" title=\"Turkish\">Turkish<\/a>. For the sake of viewer convenience, the content is shown below in the alternative language. You may click the link to switch the active language.<\/p><p><\/p>\n<h2><strong>T\u00fcrkiye\u2019nin lider \u00f6zel sekt\u00f6r elektrik \u00fcretim \u015firketi Enerjisa \u00dcretim ve d\u00fcnya \u00e7ap\u0131nda yenilenebilir enerji \u00e7\u00f6z\u00fcmleri sunan t\u00fcrbin \u00fcreticisi Enercon, \u0130spanya\u2019n\u0131n Bilbao kentinde ger\u00e7ekle\u015fen WindEurope etkinli\u011finde YEKA &#8211; 2 projeleri i\u00e7erisinde yer alan Mu\u011fla etab\u0131n\u0131n 250 MW\u2019l\u0131k t\u00fcrbin sipari\u015f s\u00f6zle\u015fmesini imzalad\u0131. \u0130mza t\u00f6renine Sanayi ve Teknoloji Bakan Yard\u0131mc\u0131s\u0131 \u00c7etin Ali D\u00f6nmez de kat\u0131ld\u0131.<\/strong><\/h2>\n<p style=\"text-align: center;\"><img loading=\"lazy\" class=\"aligncenter wp-image-186024\" src=\"https:\/\/www.enerjigazetesi.ist\/wp-content\/uploads\/2024\/03\/yeka-2-projesi-nin-250-mw-lik-mugla-etabinin-turbin-anlasmasi-imzalandi.jpg\" alt=\"\" width=\"500\" height=\"319\" srcset=\"https:\/\/www.enerjigazetesi.ist\/wp-content\/uploads\/2024\/03\/yeka-2-projesi-nin-250-mw-lik-mugla-etabinin-turbin-anlasmasi-imzalandi.jpg 550w, https:\/\/www.enerjigazetesi.ist\/wp-content\/uploads\/2024\/03\/yeka-2-projesi-nin-250-mw-lik-mugla-etabinin-turbin-anlasmasi-imzalandi-300x191.jpg 300w, https:\/\/www.enerjigazetesi.ist\/wp-content\/uploads\/2024\/03\/yeka-2-projesi-nin-250-mw-lik-mugla-etabinin-turbin-anlasmasi-imzalandi-500x319.jpg 500w, https:\/\/www.enerjigazetesi.ist\/wp-content\/uploads\/2024\/03\/yeka-2-projesi-nin-250-mw-lik-mugla-etabinin-turbin-anlasmasi-imzalandi-78x50.jpg 78w\" sizes=\"(max-width: 500px) 100vw, 500px\" \/><\/p>\n<p>WindEurope\u2019daki Enercon stand\u0131nda ger\u00e7ekle\u015fen t\u00f6rende Enerjisa \u00dcretim R\u00fczg\u00e2r Santralleri Yat\u0131r\u0131mlar Genel M\u00fcd\u00fcr Yard\u0131mc\u0131s\u0131 Ezgi Deniz Katmer, Enerjisa \u00dcretim Sat\u0131nalma Genel M\u00fcd\u00fcr Yard\u0131mc\u0131s\u0131 Aziz \u00dcnal, Enercon CCO&#8217;su Ulrich Schulze S\u00fcdhoff ve Enercon Orta Asya, Orta Do\u011fu ve Afrika B\u00f6lgesi CEO&#8217;su Arif G\u00fcnyar imza att\u0131. T\u00fcrkiye\u2019nin yenilenebilir kaynaklardan enerji \u00fcretimine \u00f6nemli katk\u0131 sa\u011flayacak anla\u015fman\u0131n imzalanmas\u0131nda Sanayi ve Teknoloji Bakan Yard\u0131mc\u0131s\u0131 \u00c7etin Ali D\u00f6nmez de yer ald\u0131. <strong>Ekim 2022&#8217;de<\/strong> toplam <strong>1.000 MW kapasiteli<\/strong> stratejik anla\u015fma imzalayan Enerjisa \u00dcretim ve Enercon, \u00a0YEKA &#8211; 2 Projesi kapsam\u0131nda ilk a\u015famada <strong>750 MW<\/strong>&#8216;l\u0131k t\u00fcrbin teslimat anla\u015fmas\u0131 sa\u011flam\u0131\u015ft\u0131. \u015eimdi de <strong>60 adet ENERCON E-138 EP3 E2 r\u00fczgar t\u00fcrbini<\/strong> olmak \u00fczere kalan <strong>250 MW<\/strong> kapasite i\u00e7in s\u00f6zle\u015fme imzalanarak projeyi tamamlama yolunda emin bir ad\u0131m daha atm\u0131\u015f oldu.<\/p>\n<p>Enerjisa \u00dcretim, 2023\u2019\u00fcn son ay\u0131nda 1000 MW\u2019l\u0131k YEKA &#8211; 2 projelerinden ilki olan Ayd\u0131n\u2019\u0131n Didim il\u00e7esindeki 25,2 megawatt kapasiteye sahip Akk\u00f6y R\u00fczgar Enerji Santrali\u2019nin kurulumunu tamamlayarak devreye alm\u0131\u015ft\u0131. YEKA &#8211; 2 Projesi \u00e7er\u00e7evesinde yat\u0131r\u0131mlar\u0131yla kurulu g\u00fcc\u00fcn\u00fc 1000 MW art\u0131rmaya odaklanan Enerjisa \u00dcretim, r\u00fczgar enerjisi kategorisinde 1500 MW\u2019\u0131n da \u00fczerine \u00e7\u0131kma hedefine yakla\u015f\u0131yor.<\/p>\n<h3><strong>1000 MW\u2019l\u0131k Yat\u0131r\u0131mlar 2026\u2019da Tamamlanacak<\/strong><\/h3>\n<p>Enerjisa \u00dcretim, YEKA &#8211; 2 projesiyle birlikte T\u00fcrkiye&#8217;nin en b\u00fcy\u00fck temiz enerji \u00fcreticisi olma pozisyonunu daha da g\u00fc\u00e7lendiriyor. 2026 y\u0131l\u0131nda tam kapasite ile operasyonel hale gelecek olan ve yakla\u015f\u0131k <strong>60 adet t\u00fcrbin<\/strong> i\u00e7erecek <strong>Mu\u011fla etab\u0131n\u0131n da<\/strong> dahil olmas\u0131 ile birlikte T\u00fcrkiye&#8217;nin enerji \u015febekesine tamamen yenilenebilir kaynaktan elde edilen <strong>1000 MW ek kapasite<\/strong> kazand\u0131r\u0131lm\u0131\u015f olacak. \u00d6zellikle <strong>YEKA &#8211; 2 projesi<\/strong> \u00e7er\u00e7evesinde ger\u00e7ekle\u015ftirilen <strong>r\u00fczg\u00e2r enerjisi santrali yat\u0131r\u0131mlar\u0131<\/strong>, T\u00fcrkiye&#8217;nin r\u00fczg\u00e2r potansiyelini daha etkin bir \u015fekilde de\u011ferlendirirken, Enerjisa \u00dcretim\u2019in yenilenebilir enerji \u00fcretimindeki \u00f6l\u00e7e\u011fini de b\u00fcy\u00fct\u00fcyor. Hali haz\u0131rda, enerji \u00fcretiminin <strong>y\u00fczde 58<\/strong>\u2019ini yerli ve yenilenebilir kaynaklardan kar\u015f\u0131layan Enerjisa \u00dcretim, bu oran\u0131 \u00f6n\u00fcm\u00fczdeki y\u0131llarda daha da yukar\u0131ya ta\u015f\u0131may\u0131 hedefliyor.<\/p>\n<h3><strong>Hedef 5000 MW\u2019\u0131n da \u00dczerine \u00c7\u0131kmak<\/strong><\/h3>\n<p><strong>Enerjisa \u00dcretim R\u00fczg\u00e2r Santralleri Yat\u0131r\u0131mlar Genel M\u00fcd\u00fcr Yard\u0131mc\u0131s\u0131 Ezgi Deniz Katmer<\/strong>, imza t\u00f6reninde yapt\u0131\u011f\u0131 konu\u015fmada; <em>\u201cBug\u00fcn 26 santralden olu\u015fan \u00e7e\u015fitlendirilmi\u015f \u00fcretim portf\u00f6y\u00fc ve 4000 MW\u2019a yak\u0131n kurulu g\u00fcc\u00fcm\u00fczle T\u00fcrkiye&#8217;nin en b\u00fcy\u00fck \u00f6zel sekt\u00f6r enerji \u00fcretim kurulu\u015fu olarak \u00fclkemizin enerji ihtiyac\u0131n\u0131 kar\u015f\u0131l\u0131yoruz. \u00d6zellikle yenilenebilir enerji alan\u0131nda yapt\u0131\u011f\u0131m\u0131z yat\u0131r\u0131mlarla toplam kurulu g\u00fcc\u00fcm\u00fcz\u00fc <strong>5000 MW&#8217;\u0131n da \u00fczerine<\/strong> \u00e7\u0131karmay\u0131 hedefliyoruz. <strong>1000 MW\u2019lik YEKA &#8211; 2 projesi<\/strong> T\u00fcrkiye\u2019nin yenilenebilir enerji alan\u0131ndaki tarihi bir yat\u0131r\u0131m\u0131. \u00d6n\u00fcm\u00fczdeki d\u00f6nemlerde T\u00fcrkiye\u2019de kurulan her \u00fc\u00e7 r\u00fczg\u00e2r t\u00fcrbininden birisi Enerjisa \u00dcretim imzas\u0131n\u0131 ta\u015f\u0131yacak ve T\u00fcrkiye\u2019nin yenilenebilir enerji yat\u0131r\u0131mlar\u0131na yol g\u00f6sterecek\u201d<\/em> dedi.<\/p>\n<p><strong>Enerjisa \u00dcretim CFO\u2019su Mert Yayc\u0131o\u011flu, \u015funlar\u0131 s\u00f6yledi: <\/strong><em>&#8220;<\/em><em>T\u00fcrkiye&#8217;nin, ekonomik ve \u00e7evresel hedeflerine ula\u015fabilmesi i\u00e7in yenilenebilir enerji yat\u0131r\u0131mlar\u0131n\u0131 art\u0131rmas\u0131 gerekiyor. Enerjisa \u00dcretim olarak, \u00fclkemizin yenilenebilir enerji alan\u0131ndaki zengin potansiyelinden faydalanmay\u0131 ama\u00e7layarak, r\u00fczgar enerjisi yat\u0131r\u0131mlar\u0131m\u0131z\u0131 h\u0131zla ger\u00e7ekle\u015ftiriyoruz. Yeni kurulacak santraller, bir\u00e7ok a\u00e7\u0131dan hem \u00fclkemize hem de d\u00fcnyaya katk\u0131da bulunacak. Yat\u0131r\u0131mlar\u0131m\u0131z, ekipman \u00fcretiminin b\u00fcy\u00fck bir k\u0131sm\u0131n\u0131n T\u00fcrkiye&#8217;de \u00fcretilmesiyle, enerjide d\u0131\u015fa ba\u011f\u0131ml\u0131l\u0131\u011f\u0131m\u0131z\u0131 azaltacak, b\u00f6lgesel ekonomik aktiviteyi te\u015fvik edecek ve d\u00f6viz tasarrufu ile cari a\u00e7\u0131\u011f\u0131n d\u00fc\u015f\u00fcr\u00fclmesine \u00f6nemli \u00f6l\u00e7\u00fcde katk\u0131 sa\u011flayacak.&#8221;<\/em><\/p>\n<p><strong>E<\/strong><strong>nercon&#8217;un Orta Asya, Orta Do\u011fu ve Afrika B\u00f6lge Ba\u015fkan\u0131 Arif G\u00fcnyar ise<\/strong>;<strong>\u00a0<\/strong><em>&#8220;Enerjisa \u00dcretim&#8217;in 1000 MW&#8217;l\u0131k yat\u0131r\u0131m\u0131n\u0131n son etab\u0131 i\u00e7in s\u00f6zle\u015fme imzalamaktan b\u00fcy\u00fck memnuniyet duyuyoruz. YEKA &#8211; 2 projesi, T\u00fcrkiye\u2019deki r\u00fczg\u00e2r enerjisi sekt\u00f6r\u00fc i\u00e7in b\u00fcy\u00fck bir d\u00f6n\u00fcm noktas\u0131. Proje kapsam\u0131nda sundu\u011fumuz <strong>t\u00fcrbinler yerlilik kriterlerini sa\u011flad\u0131\u011f\u0131m\u0131z<\/strong> ve T\u00fcrkiye&#8217;de seri \u00fcretimine ba\u015flad\u0131\u011f\u0131m\u0131z modellerden olu\u015fuyor. YEKA &#8211; 2 ihalesinin getirdi\u011fi derin yerlilik kapsamlar\u0131na uygun olarak, yerli aksam ile ger\u00e7ekle\u015fecek olan projelerimiz, mevcut yerli \u00fcretim ve sanayinin devam etmesi ve derinle\u015ftirilmesi a\u00e7\u0131s\u0131ndan \u00f6nemli bir mihenk ta\u015f\u0131 olmu\u015ftur. Enerjisa \u00dcretim ve Enercon&#8217;un stratejik ortakl\u0131\u011f\u0131, T\u00fcrkiye&#8217;nin yenilenebilir enerji alan\u0131nda att\u0131\u011f\u0131 ad\u0131mlar\u0131 g\u00fc\u00e7lendirecek ve temiz enerji \u00fcretim kapasitesini \u00f6nemli \u00f6l\u00e7\u00fcde art\u0131racakt\u0131r\u201d<\/em> diye konu\u015ftu.<\/p>","protected":false},"excerpt":{"rendered":"<p>Sorry, this entry is only available in Turkish. For the sake of viewer convenience, the content is shown below in the alternative language. You may click the link to switch the active language. T\u00fcrkiye\u2019nin lider \u00f6zel sekt\u00f6r elektrik \u00fcretim \u015firketi Enerjisa \u00dcretim ve d\u00fcnya \u00e7ap\u0131nda yenilenebilir enerji \u00e7\u00f6z\u00fcmleri sunan t\u00fcrbin \u00fcreticisi Enercon, \u0130spanya\u2019n\u0131n Bilbao kentinde [&hellip;]<\/p>\n","protected":false},"author":1,"featured_media":186024,"comment_status":"open","ping_status":"open","sticky":false,"template":"","format":"standard","meta":[],"categories":[53,50],"tags":[7567,35365,14208,52122,5320,113060,113061,1245],"views":80,"_links":{"self":[{"href":"https:\/\/www.enerjigazetesi.ist\/en\/wp-json\/wp\/v2\/posts\/186022"}],"collection":[{"href":"https:\/\/www.enerjigazetesi.ist\/en\/wp-json\/wp\/v2\/posts"}],"about":[{"href":"https:\/\/www.enerjigazetesi.ist\/en\/wp-json\/wp\/v2\/types\/post"}],"author":[{"embeddable":true,"href":"https:\/\/www.enerjigazetesi.ist\/en\/wp-json\/wp\/v2\/users\/1"}],"replies":[{"embeddable":true,"href":"https:\/\/www.enerjigazetesi.ist\/en\/wp-json\/wp\/v2\/comments?post=186022"}],"version-history":[{"count":0,"href":"https:\/\/www.enerjigazetesi.ist\/en\/wp-json\/wp\/v2\/posts\/186022\/revisions"}],"wp:featuredmedia":[{"embeddable":true,"href":"https:\/\/www.enerjigazetesi.ist\/en\/wp-json\/wp\/v2\/media\/186024"}],"wp:attachment":[{"href":"https:\/\/www.enerjigazetesi.ist\/en\/wp-json\/wp\/v2\/media?parent=186022"}],"wp:term":[{"taxonomy":"category","embeddable":true,"href":"https:\/\/www.enerjigazetesi.ist\/en\/wp-json\/wp\/v2\/categories?post=186022"},{"taxonomy":"post_tag","embeddable":true,"href":"https:\/\/www.enerjigazetesi.ist\/en\/wp-json\/wp\/v2\/tags?post=186022"}],"curies":[{"name":"wp","href":"https:\/\/api.w.org\/{rel}","templated":true}]}}