{"id":186017,"date":"2024-03-21T14:35:01","date_gmt":"2024-03-21T11:35:01","guid":{"rendered":"https:\/\/www.enerjigazetesi.ist\/?p=186017"},"modified":"2024-03-21T14:37:08","modified_gmt":"2024-03-21T11:37:08","slug":"ormanlarin-gelecegi-zero-house-ile-garanti-altinda","status":"publish","type":"post","link":"https:\/\/www.enerjigazetesi.ist\/en\/ormanlarin-gelecegi-zero-house-ile-garanti-altinda\/","title":{"rendered":"(Turkish) Ormanlar\u0131n Gelece\u011fi Zero House ile Garanti Alt\u0131nda"},"content":{"rendered":"<p class=\"qtranxs-available-languages-message qtranxs-available-languages-message-en\">Sorry, this entry is only available in <a href=\"https:\/\/www.enerjigazetesi.ist\/tr\/wp-json\/wp\/v2\/posts\/186017\" class=\"qtranxs-available-language-link qtranxs-available-language-link-tr\" title=\"Turkish\">Turkish<\/a>. For the sake of viewer convenience, the content is shown below in the alternative language. You may click the link to switch the active language.<\/p><p><\/p>\n<h2>\u00dc\u00e7ay M\u00fchendislik, <strong>Zero House konsepti<\/strong> kapsam\u0131nda e-mobilite alan\u0131nda sundu\u011fu faaliyetleriyle\u00a0y\u0131lda<strong>\u00a097 milyon\u00a0kg<\/strong>\u00a0CO2 gaz\u0131n\u0131n sal\u0131n\u0131m\u0131n\u0131 \u00f6nleyip, <strong>112 bin 996 adet\u00a0<\/strong>a\u011fac\u0131, asit ya\u011fmurlar\u0131n\u0131n olumsuz etkilerinden koruyor.<\/h2>\n<p>Asit ya\u011fmurlar\u0131,\u00a0fosil yak\u0131tlar\u0131n\u00a0kimyasal d\u00f6n\u00fc\u015f\u00fcmlerden ge\u00e7tikten sonra bulutlardaki su damlac\u0131klar\u0131 taraf\u0131ndan emilmesi ile olu\u015fuyor. Orman topra\u011f\u0131n\u0131n asidik \u00f6zellik ta\u015f\u0131mas\u0131na neden olarak a\u011fa\u00e7 k\u00f6klerini yok etme \u00f6zelli\u011fine sahip olan asit ya\u011fmurlar\u0131, ormanlar\u0131m\u0131z\u0131 tehdit ediyor.<\/p>\n<p>Benzin ve dizel gibi fosil yak\u0131tla \u00e7al\u0131\u015fan ara\u00e7lar, asit ya\u011fmurlar\u0131n\u0131n olu\u015fmas\u0131nda \u00f6nemli rol oynuyor. \u00c7\u00fcnk\u00fc <strong>fosil yak\u0131tl\u0131 ara\u00e7lar<\/strong> d\u00fcnya genelindeki\u00a0emisyonlar\u0131n yakla\u015f\u0131k<strong> y\u00fczde 30<\/strong>\u2019unu olu\u015fturuyor. Buna kar\u015f\u0131n elektrikli ara\u00e7lar, karbon emisyonlar\u0131n\u0131 azalt\u0131yor. \u00c7\u00fcnk\u00fc elektrikle \u00e7al\u0131\u015fan bir araba, kullan\u0131m \u00f6mr\u00fc boyunca karbon emisyonlar\u0131n\u0131 <strong>\u00fc\u00e7te iki oran\u0131nda<\/strong> d\u00fc\u015f\u00fcr\u00fcyor.<\/p>\n<p><strong>21-26 Mart Orman Haftas\u0131<\/strong> kapsam\u0131nda a\u00e7\u0131klamalarda bulunan\u00a0<strong>\u00dc\u00e7ay M\u00fchendislik Operasyon<img loading=\"lazy\" class=\"alignright wp-image-186020\" src=\"https:\/\/www.enerjigazetesi.ist\/wp-content\/uploads\/2024\/03\/ormanlarin-gelecegi-zero-house-ile-garanti-altinda-1.jpg\" alt=\"\" width=\"320\" height=\"246\" srcset=\"https:\/\/www.enerjigazetesi.ist\/wp-content\/uploads\/2024\/03\/ormanlarin-gelecegi-zero-house-ile-garanti-altinda-1.jpg 550w, https:\/\/www.enerjigazetesi.ist\/wp-content\/uploads\/2024\/03\/ormanlarin-gelecegi-zero-house-ile-garanti-altinda-1-300x230.jpg 300w, https:\/\/www.enerjigazetesi.ist\/wp-content\/uploads\/2024\/03\/ormanlarin-gelecegi-zero-house-ile-garanti-altinda-1-500x384.jpg 500w, https:\/\/www.enerjigazetesi.ist\/wp-content\/uploads\/2024\/03\/ormanlarin-gelecegi-zero-house-ile-garanti-altinda-1-65x50.jpg 65w, https:\/\/www.enerjigazetesi.ist\/wp-content\/uploads\/2024\/03\/ormanlarin-gelecegi-zero-house-ile-garanti-altinda-1-260x200.jpg 260w\" sizes=\"(max-width: 320px) 100vw, 320px\" \/> Direkt\u00f6r\u00fc Zafer \u00c7\u00fcman,<\/strong><em>\u00a0<\/em>\u00dc\u00e7ay M\u00fchendislik olarak, hayata ge\u00e7irdikleri projelerde do\u011fay\u0131 da koruduklar\u0131na <span style=\"text-decoration: underline;\">dikkat \u00e7ekti:<\/span><\/p>\n<h3><strong>E-mobilite Yat\u0131r\u0131mlar\u0131m\u0131zla Y\u0131lda 112 Bin 996 Adet A\u011fac\u0131 Koruyoruz<\/strong><\/h3>\n<p><em>\u201c\u00dc\u00e7ay M\u00fchendislik olarak, T\u00fcrkiye\u2019nin farkl\u0131 il ve il\u00e7elerinde yer alan \u015farj istasyonlar\u0131m\u0131zla y\u0131ll\u0131k\u00a0<\/em><em><strong>325 bin\u00a0kWh<\/strong><\/em><em>\u00a0enerji tasarrufu sa\u011flay\u0131p <\/em><strong><em>97 milyon\u00a0kg<\/em><\/strong><em>\u00a0CO2 gaz\u0131n\u0131n sal\u0131n\u0131m\u0131n\u0131 \u00f6nleyerek,\u00a0<strong>112 bin 996 adet\u00a0<\/strong>a\u011fac\u0131, asit ya\u011fmurlar\u0131n\u0131n olumsuz etkilerinden koruyoruz.<strong> E-mobilite<\/strong>\u2019ye olan yat\u0131r\u0131mlar\u0131m\u0131z\u0131n her ge\u00e7en g\u00fcn artmas\u0131yla \u00e7evresel s\u00fcrd\u00fcr\u00fclebilirli\u011fe olan katk\u0131lar\u0131m\u0131z\u0131 da art\u0131r\u0131yoruz.<\/em><em>\u201d dedi.<\/em><\/p>\n<h3><strong>Elektrik, Yenilenebilir Kaynaklardan Sa\u011flanmal\u0131<\/strong><\/h3>\n<p><em>E-mobilite\u00a0<\/em>sekt\u00f6r\u00fcn\u00fcn \u00e7evresel s\u00fcrd\u00fcr\u00fclebilirli\u011fe yeterince katk\u0131 sa\u011flayabilmesi i\u00e7in yenilenebilir enerji kullan\u0131m\u0131n\u0131n \u015fart oldu\u011funu belirten\u00a0Zafer \u00c7\u00fcman,\u00a0\u00dc\u00e7ay M\u00fchendislik\u2019in\u00a0T\u00fcrkiye\u2019nin ilk ve tek <strong>\u2018Zero House\u2019<\/strong> konsepti olarak tan\u0131tt\u0131\u011f\u0131 Zero House projesinin e-mobilite sekt\u00f6r\u00fcne sa\u011flad\u0131\u011f\u0131 katk\u0131lar\u0131 da payla\u015ft\u0131:<\/p>\n<p><em>\u201cB\u00fcy\u00fck bir b\u00f6l\u00fcm\u00fc\u00a0<\/em><em>k\u00f6m\u00fcr yak\u0131tl\u0131 enerji santrallerinde \u00fcretilen elektrik, elektrikli ara\u00e7lar i\u00e7in\u00a0hi\u00e7bir zaman tamamen ye\u015fil bir se\u00e7enek olamaz. \u00dc\u00e7ay M\u00fchendislik olarak, <\/em><em>\u2018Zero House\u2019 projemizle \u00e7evresine zarar vermeyen yap\u0131lar\u0131n ve net s\u0131f\u0131r emisyon sistemlerinin var olabildi\u011fini ifade ediyoruz. Bu sistemde <strong>g\u00fcne\u015f enerji panelleri<\/strong> arac\u0131l\u0131\u011f\u0131yla elde etti\u011fimiz enerjiyle <strong>ara\u00e7lar\u0131n \u015farj edilmesini<\/strong> sa\u011flayarak, d\u00fcnyam\u0131z\u0131 ve \u00fclkemizi koruyoruz.\u201d\u00a0<\/em>diyerek s\u00f6zlerini tamamlad\u0131.<\/p>","protected":false},"excerpt":{"rendered":"<p>Sorry, this entry is only available in Turkish. For the sake of viewer convenience, the content is shown below in the alternative language. You may click the link to switch the active language. \u00dc\u00e7ay M\u00fchendislik, Zero House konsepti kapsam\u0131nda e-mobilite alan\u0131nda sundu\u011fu faaliyetleriyle\u00a0y\u0131lda\u00a097 milyon\u00a0kg\u00a0CO2 gaz\u0131n\u0131n sal\u0131n\u0131m\u0131n\u0131 \u00f6nleyip, 112 bin 996 adet\u00a0a\u011fac\u0131, asit ya\u011fmurlar\u0131n\u0131n olumsuz etkilerinden [&hellip;]<\/p>\n","protected":false},"author":1,"featured_media":186019,"comment_status":"open","ping_status":"open","sticky":false,"template":"","format":"standard","meta":[],"categories":[51,53,49],"tags":[113058,18158,82809,111231,113059],"views":39,"_links":{"self":[{"href":"https:\/\/www.enerjigazetesi.ist\/en\/wp-json\/wp\/v2\/posts\/186017"}],"collection":[{"href":"https:\/\/www.enerjigazetesi.ist\/en\/wp-json\/wp\/v2\/posts"}],"about":[{"href":"https:\/\/www.enerjigazetesi.ist\/en\/wp-json\/wp\/v2\/types\/post"}],"author":[{"embeddable":true,"href":"https:\/\/www.enerjigazetesi.ist\/en\/wp-json\/wp\/v2\/users\/1"}],"replies":[{"embeddable":true,"href":"https:\/\/www.enerjigazetesi.ist\/en\/wp-json\/wp\/v2\/comments?post=186017"}],"version-history":[{"count":0,"href":"https:\/\/www.enerjigazetesi.ist\/en\/wp-json\/wp\/v2\/posts\/186017\/revisions"}],"wp:featuredmedia":[{"embeddable":true,"href":"https:\/\/www.enerjigazetesi.ist\/en\/wp-json\/wp\/v2\/media\/186019"}],"wp:attachment":[{"href":"https:\/\/www.enerjigazetesi.ist\/en\/wp-json\/wp\/v2\/media?parent=186017"}],"wp:term":[{"taxonomy":"category","embeddable":true,"href":"https:\/\/www.enerjigazetesi.ist\/en\/wp-json\/wp\/v2\/categories?post=186017"},{"taxonomy":"post_tag","embeddable":true,"href":"https:\/\/www.enerjigazetesi.ist\/en\/wp-json\/wp\/v2\/tags?post=186017"}],"curies":[{"name":"wp","href":"https:\/\/api.w.org\/{rel}","templated":true}]}}