{"id":185941,"date":"2024-03-19T17:26:06","date_gmt":"2024-03-19T14:26:06","guid":{"rendered":"https:\/\/www.enerjigazetesi.ist\/?p=185941"},"modified":"2024-03-19T17:27:24","modified_gmt":"2024-03-19T14:27:24","slug":"her-yil-5-bin-mw-gunes-ve-ruzgar-enerjisi-santrali-yapmak-zorundayiz","status":"publish","type":"post","link":"https:\/\/www.enerjigazetesi.ist\/en\/her-yil-5-bin-mw-gunes-ve-ruzgar-enerjisi-santrali-yapmak-zorundayiz\/","title":{"rendered":"(Turkish) \u201cHer Y\u0131l 5 Bin MW G\u00fcne\u015f ve R\u00fczgar Enerjisi Santrali Yapmak Zorunday\u0131z&#8221;"},"content":{"rendered":"<p class=\"qtranxs-available-languages-message qtranxs-available-languages-message-en\">Sorry, this entry is only available in <a href=\"https:\/\/www.enerjigazetesi.ist\/tr\/wp-json\/wp\/v2\/posts\/185941\" class=\"qtranxs-available-language-link qtranxs-available-language-link-tr\" title=\"Turkish\">Turkish<\/a>. For the sake of viewer convenience, the content is shown below in the alternative language. You may click the link to switch the active language.<\/p><p><\/p>\n<h2><strong>Enerji ve Tabii Kaynaklar Bakan\u0131 Alparslan Bayraktar, cari a\u00e7\u0131\u011f\u0131 d\u00fc\u015f\u00fcrmek i\u00e7in enerjide d\u0131\u015fa ba\u011f\u0131ml\u0131l\u0131\u011f\u0131n azalt\u0131lmas\u0131 gerekti\u011fini belirterek, <em>\u201cT\u00fcrkiye\u2019yi enerjide ba\u011f\u0131ms\u0131z k\u0131lacak, kendi kendine yeten bir \u00fclke haline getirecek politika ve projeleri hayata ge\u00e7irmeye gayret ediyoruz.\u201d<\/em> dedi.<\/strong><\/h2>\n<p style=\"text-align: center;\"><img loading=\"lazy\" class=\"aligncenter wp-image-185943\" src=\"https:\/\/www.enerjigazetesi.ist\/wp-content\/uploads\/2024\/03\/her-yil-5-bin-mw-gunes-ve-ruzgar-enerjisi-santrali-yapmak-zorundayiz.jpg\" alt=\"\" width=\"500\" height=\"334\" srcset=\"https:\/\/www.enerjigazetesi.ist\/wp-content\/uploads\/2024\/03\/her-yil-5-bin-mw-gunes-ve-ruzgar-enerjisi-santrali-yapmak-zorundayiz.jpg 550w, https:\/\/www.enerjigazetesi.ist\/wp-content\/uploads\/2024\/03\/her-yil-5-bin-mw-gunes-ve-ruzgar-enerjisi-santrali-yapmak-zorundayiz-300x200.jpg 300w, https:\/\/www.enerjigazetesi.ist\/wp-content\/uploads\/2024\/03\/her-yil-5-bin-mw-gunes-ve-ruzgar-enerjisi-santrali-yapmak-zorundayiz-500x334.jpg 500w, https:\/\/www.enerjigazetesi.ist\/wp-content\/uploads\/2024\/03\/her-yil-5-bin-mw-gunes-ve-ruzgar-enerjisi-santrali-yapmak-zorundayiz-75x50.jpg 75w, https:\/\/www.enerjigazetesi.ist\/wp-content\/uploads\/2024\/03\/her-yil-5-bin-mw-gunes-ve-ruzgar-enerjisi-santrali-yapmak-zorundayiz-450x300.jpg 450w\" sizes=\"(max-width: 500px) 100vw, 500px\" \/><\/p>\n<p>Bakan Bayraktar, <strong>Bergama Organize Sanayi B\u00f6lgesi\u2019<\/strong>ni ziyaret etti, sanayicilerle g\u00f6r\u00fc\u015ft\u00fc. Daha sonra Bergama Ticaret Odas\u0131\u2019nda <strong>sivil toplum kurulu\u015fu (STK) temsilcileri ve muhtarlarla<\/strong> bir araya gelen Bayraktar, burada yapt\u0131\u011f\u0131 konu\u015fmada,<strong> \u0130zmir<\/strong> ve <strong>Bergama\u2019n\u0131n<\/strong> enerji alan\u0131ndaki \u00f6nemine i\u015faret etti.<\/p>\n<p>T\u00fcrkiye\u2019nin alt\u0131ndan k\u00f6m\u00fcre bir\u00e7ok alanda bereketli topraklar \u00fczerinde bulundu\u011funu, ancak \u00fclke ekonomisinin \u00f6zellikle enerji ithalat\u0131 y\u00f6n\u00fcyle cari a\u00e7\u0131k verdi\u011fini dile getiren Bayraktar, <strong>2022\u2019de enerji ithalat\u0131 tutar\u0131n\u0131n<\/strong> yakla\u015f\u0131k <strong>96,5 milyar dolar<\/strong> oldu\u011funu s\u00f6yleyerek,<em> \u201c2023\u2019te bunu 70 milyar dolarlar seviyesine \u00e7ektik ama 70 milyar dolar, 80 milyar dolar, 90 milyar dolar her sene enerji faturas\u0131 \u00f6deyerek maalesef bu <strong>cari a\u00e7\u0131k problemi<\/strong>ni, d\u00f6viz problemini ve nihai olarak enflasyon problemini \u00e7\u00f6zme \u015fans\u0131m\u0131z yok. Dolay\u0131s\u0131yla bizim T\u00fcrkiye\u2019de, enerjide Say\u0131n Cumhurba\u015fkan\u0131\u2019m\u0131z\u0131n liderli\u011finde ortaya koydu\u011fumuz hedef \u015fu; T\u00fcrkiye\u2019nin mutlaka bu <strong>cari a\u00e7\u0131\u011f\u0131 d\u00fc\u015f\u00fcrecek, enerjide d\u0131\u015fa ba\u011f\u0131ml\u0131l\u0131\u011f\u0131 d\u00fc\u015f\u00fcrecek<\/strong> ve nihai olarak \u00f6n\u00fcm\u00fczdeki s\u00fcre\u00e7te T\u00fcrkiye\u2019yi enerjide ba\u011f\u0131ms\u0131z k\u0131lacak, kendi kendine yeten bir \u00fclke haline getirecek politika ve projeleri hayata ge\u00e7irmeye gayret ediyoruz. Bunun yolu T\u00fcrkiye\u2019nin kendi kaynaklar\u0131n\u0131 kullanmas\u0131ndan ge\u00e7iyor. Ba\u015fta<strong> yenilenebilir<\/strong> olmak \u00fczere, yani bizim hamdolsun <strong>g\u00fcne\u015fimiz, r\u00fczgar\u0131m\u0131z, jeotermalimiz,<\/strong> dolay\u0131s\u0131yla bu kaynaklar\u0131m\u0131z\u0131 mutlaka ekonomiye kazand\u0131rmam\u0131z laz\u0131m. \u0130kinci husus mutlaka <strong>T\u00fcrkiye\u2019nin kendi do\u011fal gaz\u0131n\u0131, petrol\u00fcn\u00fc bulmas\u0131<\/strong> gerekiyor. B\u00fct\u00fcn izledi\u011fimiz politikalar, yapt\u0131\u011f\u0131m\u0131z faaliyetler bu do\u011frultuda.\u201d<\/em> a\u00e7\u0131klamalar\u0131nda bulundu.<\/p>\n<p>Bakan Bayraktar, <strong>petrol, do\u011fal gaz ve yenilenebilir enerji kaynaklar\u0131n\u0131<\/strong> hayata ge\u00e7irirken <strong>yerli ekipman kullan\u0131lmas\u0131n\u0131n \u00f6nemine<\/strong> dikkati \u00e7ekerek \u015funlar\u0131 ifade etti: \u201c<em>Bug\u00fcn T<strong>\u00fcrkiye\u2019de 12 bin megavat\u0131n \u00fczerinde r\u00fczgar kurulu g\u00fcc\u00fcm\u00fcz<\/strong> var. Dolay\u0131s\u0131yla bu r\u00fczgar\u0131 ayn\u0131 zamanda elektri\u011fe, enerjiye d\u00f6n\u00fc\u015ft\u00fcr\u00fcrken ekipmanlar\u0131 da \u00fcretmek, dolay\u0131s\u0131yla b\u00f6yle bir ekosistem, b\u00f6yle bir end\u00fcstri, b\u00f6yle bir istihdama katk\u0131 sa\u011flayabilecek alan\u0131 da a\u00e7mak istedik. Onun i\u00e7in bizim <strong>yerli ekipman destek mekanizmam\u0131z<\/strong> var. \u00c7\u00fcnk\u00fc yenilenebilirde \u00e7ok b\u00fcy\u00fck hedef koyduk \u00f6n\u00fcm\u00fcze. Dedik ki T\u00fcrkiye \u015fu anda d\u00fcnyada <strong>12\u2019inci s\u0131rada g\u00fcne\u015f ve r\u00fczgarda.<\/strong> Avrupa\u2019da <strong>5\u2019nci s\u0131raday\u0131z<\/strong>. Ama bu yer bizim i\u00e7in yeterli de\u011fil. \u00c7\u00fcnk\u00fc \u00fclkemizin bu a\u00e7\u0131dan \u00e7ok b\u00fcy\u00fck bir potansiyeli var. Her y\u0131l biz <strong>5 bin megavat g\u00fcne\u015f ve r\u00fczgar (enerjisi santrali) yapmak zorunday\u0131z.<\/strong> Kanad\u0131n\u0131, kulesini \u00fcreten, g\u00fcne\u015f panelini \u00fcreten bir \u00fclke olmam\u0131z laz\u0131m. T\u00fcrkiye\u2019nin bu anlamda gidece\u011fi ciddi bir yol var.\u201d<\/em><\/p>","protected":false},"excerpt":{"rendered":"<p>Sorry, this entry is only available in Turkish. For the sake of viewer convenience, the content is shown below in the alternative language. You may click the link to switch the active language. Enerji ve Tabii Kaynaklar Bakan\u0131 Alparslan Bayraktar, cari a\u00e7\u0131\u011f\u0131 d\u00fc\u015f\u00fcrmek i\u00e7in enerjide d\u0131\u015fa ba\u011f\u0131ml\u0131l\u0131\u011f\u0131n azalt\u0131lmas\u0131 gerekti\u011fini belirterek, \u201cT\u00fcrkiye\u2019yi enerjide ba\u011f\u0131ms\u0131z k\u0131lacak, kendi [&hellip;]<\/p>\n","protected":false},"author":1,"featured_media":185943,"comment_status":"open","ping_status":"open","sticky":false,"template":"","format":"standard","meta":[],"categories":[53,49,50],"tags":[2326,13,474,16,842,105],"views":39,"_links":{"self":[{"href":"https:\/\/www.enerjigazetesi.ist\/en\/wp-json\/wp\/v2\/posts\/185941"}],"collection":[{"href":"https:\/\/www.enerjigazetesi.ist\/en\/wp-json\/wp\/v2\/posts"}],"about":[{"href":"https:\/\/www.enerjigazetesi.ist\/en\/wp-json\/wp\/v2\/types\/post"}],"author":[{"embeddable":true,"href":"https:\/\/www.enerjigazetesi.ist\/en\/wp-json\/wp\/v2\/users\/1"}],"replies":[{"embeddable":true,"href":"https:\/\/www.enerjigazetesi.ist\/en\/wp-json\/wp\/v2\/comments?post=185941"}],"version-history":[{"count":0,"href":"https:\/\/www.enerjigazetesi.ist\/en\/wp-json\/wp\/v2\/posts\/185941\/revisions"}],"wp:featuredmedia":[{"embeddable":true,"href":"https:\/\/www.enerjigazetesi.ist\/en\/wp-json\/wp\/v2\/media\/185943"}],"wp:attachment":[{"href":"https:\/\/www.enerjigazetesi.ist\/en\/wp-json\/wp\/v2\/media?parent=185941"}],"wp:term":[{"taxonomy":"category","embeddable":true,"href":"https:\/\/www.enerjigazetesi.ist\/en\/wp-json\/wp\/v2\/categories?post=185941"},{"taxonomy":"post_tag","embeddable":true,"href":"https:\/\/www.enerjigazetesi.ist\/en\/wp-json\/wp\/v2\/tags?post=185941"}],"curies":[{"name":"wp","href":"https:\/\/api.w.org\/{rel}","templated":true}]}}