{"id":185881,"date":"2024-03-19T12:03:32","date_gmt":"2024-03-19T09:03:32","guid":{"rendered":"https:\/\/www.enerjigazetesi.ist\/?p=185881"},"modified":"2024-03-19T12:14:38","modified_gmt":"2024-03-19T09:14:38","slug":"stark-solar-mounting-ges-konstruksiyonlarini-izmirde-uretecek","status":"publish","type":"post","link":"https:\/\/www.enerjigazetesi.ist\/en\/stark-solar-mounting-ges-konstruksiyonlarini-izmirde-uretecek\/","title":{"rendered":"(Turkish) &#8217;Stark Solar Mounting&#8217; GES Konstr\u00fcksiyonlar\u0131n\u0131 \u0130zmir\u2019de \u00dcretecek"},"content":{"rendered":"<p class=\"qtranxs-available-languages-message qtranxs-available-languages-message-en\">Sorry, this entry is only available in <a href=\"https:\/\/www.enerjigazetesi.ist\/tr\/wp-json\/wp\/v2\/posts\/185881\" class=\"qtranxs-available-language-link qtranxs-available-language-link-tr\" title=\"Turkish\">Turkish<\/a>. For the sake of viewer convenience, the content is shown below in the alternative language. You may click the link to switch the active language.<\/p><p><\/p>\n<h2><strong>Entegro GMBH ve Entegro Enerji Sistemleri T\u00fcrkiye ortakl\u0131\u011f\u0131nda kurulan Stark Solar Mounting, her iki firman\u0131n bug\u00fcne kadar Almanya<\/strong>\u2019<strong>da \u00fcrettirdi\u011fi arazi ve \u00e7at\u0131 konstr\u00fcksiyonlar\u0131n\u0131 art\u0131k T\u00fcrkiye<\/strong>\u2019<strong>de \u00fcretecek.<\/strong><\/h2>\n<p style=\"text-align: center;\"><img loading=\"lazy\" class=\"aligncenter wp-image-185887\" src=\"https:\/\/www.enerjigazetesi.ist\/wp-content\/uploads\/2024\/03\/star-mounting.png\" alt=\"\" width=\"500\" height=\"108\" srcset=\"https:\/\/www.enerjigazetesi.ist\/wp-content\/uploads\/2024\/03\/star-mounting.png 1315w, https:\/\/www.enerjigazetesi.ist\/wp-content\/uploads\/2024\/03\/star-mounting-300x65.png 300w, https:\/\/www.enerjigazetesi.ist\/wp-content\/uploads\/2024\/03\/star-mounting-1024x221.png 1024w, https:\/\/www.enerjigazetesi.ist\/wp-content\/uploads\/2024\/03\/star-mounting-768x166.png 768w, https:\/\/www.enerjigazetesi.ist\/wp-content\/uploads\/2024\/03\/star-mounting-500x108.png 500w, https:\/\/www.enerjigazetesi.ist\/wp-content\/uploads\/2024\/03\/star-mounting-80x17.png 80w\" sizes=\"(max-width: 500px) 100vw, 500px\" \/><\/p>\n<p style=\"text-align: center;\"><img loading=\"lazy\" class=\"aligncenter wp-image-185883\" src=\"https:\/\/www.enerjigazetesi.ist\/wp-content\/uploads\/2024\/03\/stark-solar-mounting-ges-konstruksiyonlarini-izmirde-uretecek.jpg\" alt=\"\" width=\"500\" height=\"245\" srcset=\"https:\/\/www.enerjigazetesi.ist\/wp-content\/uploads\/2024\/03\/stark-solar-mounting-ges-konstruksiyonlarini-izmirde-uretecek.jpg 550w, https:\/\/www.enerjigazetesi.ist\/wp-content\/uploads\/2024\/03\/stark-solar-mounting-ges-konstruksiyonlarini-izmirde-uretecek-300x147.jpg 300w, https:\/\/www.enerjigazetesi.ist\/wp-content\/uploads\/2024\/03\/stark-solar-mounting-ges-konstruksiyonlarini-izmirde-uretecek-500x245.jpg 500w, https:\/\/www.enerjigazetesi.ist\/wp-content\/uploads\/2024\/03\/stark-solar-mounting-ges-konstruksiyonlarini-izmirde-uretecek-80x39.jpg 80w\" sizes=\"(max-width: 500px) 100vw, 500px\" \/><\/p>\n<p>Entegro GMBH ve Entegro Enerji Sistemleri T\u00fcrkiye ortakl\u0131\u011f\u0131nda kurulan Stark Solar Mounting her iki firman\u0131n Almanya\u2019da \u00e7e\u015fitli \u00fcreticilere \u00fcrettirdi\u011fi tasar\u0131mlar\u0131n\u0131 art\u0131k T\u00fcrkiye\u2019de \u00fcretecek. <a href=\"https:\/\/stark-mounting.com\/\" target=\"_blank\" rel=\"noopener\">Stark Mounting<\/a>, \u0130zmir\u2019in Torbal\u0131 il\u00e7esinde i\u015fletmeye a\u00e7t\u0131\u011f\u0131 fabrikas\u0131nda g\u00fcne\u015f enerjisi santrallerinde (GES) kullan\u0131lan <strong>arazi ve \u00e7at\u0131 konstr\u00fcksiyon ekipmanlar\u0131n\u0131n<\/strong> \u00fcretimine ba\u015flad\u0131.<\/p>\n<p>Entegro GMBH 2009\u2019dan beri Almanya ve Polonya\u2019da, Entegro T\u00fcrkiye de 2013 y\u0131l\u0131ndan beri T\u00fcrkiye\u2019de Solar EPC olarak bir\u00e7ok arazi ve \u00e7at\u0131 GES projesine imza att\u0131. Her iki firma da ortak geli\u015ftirdikleri ve tasarlad\u0131klar\u0131 arazi ve \u00e7at\u0131 \u00fcst\u00fc <a href=\"https:\/\/stark-mounting.com\/arazi-ges-konstruksiyon-yapilari\/\" target=\"_blank\" rel=\"noopener\">GES konstr\u00fcksiyon<\/a> sistemlerini Almanya\u2019daki \u00e7e\u015fitli \u00fcreticilere \u00fcrettirip saha uygulamalar\u0131n\u0131 ger\u00e7ekle\u015ftirdiler. 2023 y\u0131l\u0131n\u0131n Temmuz ay\u0131nda ise ortak giri\u015fim olarak <strong>Stark Teknik Metal A.\u015e.<\/strong> kuruldu. Genel M\u00fcd\u00fcrl\u00fck g\u00f6revini ayn\u0131 zamanda kurucu ortak olan ve Entek Otomasyon, Bosch Rexroth gibi sekt\u00f6rlerinin \u00f6nc\u00fc firmalar\u0131nda y\u0131llarca y\u00f6netici olarak \u00e7al\u0131\u015fan <strong>Makine M\u00fchendisi Yusuf Ziya Do\u011fan<\/strong> \u00fcstlendi.<\/p>\n<h3><strong>\u0130zmir Fabrikas\u0131 D\u0131\u015far\u0131ya da \u00dcretim Yapacak<\/strong><\/h3>\n<p><strong>Yusuf Ziya Do\u011fan<\/strong> konuyla ilgili \u015funlar\u0131 s\u00f6yledi: <em>\u201c\u0130zmir Torbal\u0131 fabrikam\u0131zda yapt\u0131\u011f\u0131m\u0131z yat\u0131r\u0131mla \u015firket ortaklar\u0131n\u0131n bug\u00fcne kadar Almanya\u2019da \u00fcrettirdi\u011fi arazi ve \u00e7at\u0131 konstr\u00fcksiyonlar\u0131n\u0131n \u00fcretimine ba\u015flad\u0131k. T\u00fcrkiye ve Almanya\u2019da bulunan tasar\u0131m ofislerimiz klasik g\u00fcney y\u00f6nl\u00fc monafacial panel ve<img loading=\"lazy\" class=\"alignright wp-image-185884\" src=\"https:\/\/www.enerjigazetesi.ist\/wp-content\/uploads\/2024\/03\/yusuf-ziya-dogan.jpg\" alt=\"\" width=\"320\" height=\"224\" srcset=\"https:\/\/www.enerjigazetesi.ist\/wp-content\/uploads\/2024\/03\/yusuf-ziya-dogan.jpg 550w, https:\/\/www.enerjigazetesi.ist\/wp-content\/uploads\/2024\/03\/yusuf-ziya-dogan-300x210.jpg 300w, https:\/\/www.enerjigazetesi.ist\/wp-content\/uploads\/2024\/03\/yusuf-ziya-dogan-500x350.jpg 500w, https:\/\/www.enerjigazetesi.ist\/wp-content\/uploads\/2024\/03\/yusuf-ziya-dogan-71x50.jpg 71w\" sizes=\"(max-width: 320px) 100vw, 320px\" \/> bifacial panel uyumlu sistemler, do\u011fu \u2013 bat\u0131 y\u00f6nl\u00fc arazi GES konstr\u00fcksiyonlar\u0131, carport sistemleri, d\u00fcz \u00e7at\u0131lara uygun konstr\u00fcksiyonlar, inroof olarak bilinen \u00e7at\u0131 kaplama sistemleri dahil bir\u00e7ok panel ta\u015f\u0131y\u0131c\u0131 sisteminin tasar\u0131m\u0131n\u0131 yapt\u0131. Almanya\u2019da farkl\u0131 \u00fcreticiler taraf\u0131ndan \u00fcretilen bu sistemler art\u0131k \u0130zmir\u2019de \u00fcretilecek\u201d<\/em> dedi.<\/p>\n<p>Stark Solar Mounting\u2019in sadece kurucu ortaklar\u0131n\u0131n de\u011fil, di\u011fer GES yat\u0131r\u0131mc\u0131lar\u0131 ve EPC firmalar\u0131n\u0131n da konstr\u00fcksiyon ihtiya\u00e7lar\u0131n\u0131 kar\u015f\u0131lamaya haz\u0131r oldu\u011funu belirten Yusuf Ziya Do\u011fan, <em>\u201cArazi GES projelerinde Avrupa\u2019da genellikle \u00e7inko ala\u015f\u0131ml\u0131 magnelis kaplama \u00e7elik malzemeleri tercih edilmektedir. Biz de y\u0131llard\u0131r hem T\u00fcrkiye\u2019de hem de Almanya ve Polonya\u2019da kurudu\u011fumuz arazi GES\u2019lerin tamam\u0131nda bu malzemeyi kulland\u0131k. \u0130zmir fabrikam\u0131zda da y\u0131llard\u0131r y\u00fcksek performans ald\u0131\u011f\u0131m\u0131z magnelis kaplama malzemeler kullanarak yat\u0131r\u0131mc\u0131lar\u0131m\u0131z\u0131n bu \u00fcr\u00fcn\u00fcn \u00fcst\u00fcn niteliklerinden yararlanmas\u0131n\u0131 sa\u011flayaca\u011f\u0131z\u201d<\/em> dedi.<\/p>\n<h3>\u201c<strong>Geni\u015f Kadrosuyla Saha Uygulamalar\u0131n\u0131 da \u00dcstlenecek\u201d<\/strong><\/h3>\n<p>Yakla\u015f\u0131k 15 y\u0131ld\u0131r g\u00fcne\u015f enerjisi santral projelendirmesi, planlamas\u0131 ve uygulamas\u0131 yapt\u0131klar\u0131n\u0131 ifade eden Yusuf Ziya Do\u011fan \u015funlar\u0131 kaydetti:<\/p>\n<p><em>\u201cT\u00fcrkiye\u2019deki GES sahalar\u0131 genelde engebeli ve e\u011fimli. Hatta baz\u0131lar\u0131 zorunlu olarak kuzeye ters e\u011fimli. Bir arazinin tamam\u0131nda \u00e7ak\u0131m ya da delme metotlar\u0131ndan sadece biriyle de\u011fil, karma y\u00f6ntemlerle montaj yap\u0131labiliyor. Stark Solar Mounting saha \u015fartlar\u0131na uygun esnek konstr\u00fcksiyon \u00e7\u00f6z\u00fcmlerinin yan\u0131 s\u0131ra, engebeye ve e\u011fime uygun yerle\u015fim planlar\u0131 gibi m\u00fchendislik \u00e7\u00f6z\u00fcmleri ile de m\u00fc\u015fterilerine hizmet verecek. Ayr\u0131ca geni\u015f saha montaj kadrosu ve makine park\u0131m\u0131zla talep gelirse saha uygulamalar\u0131n\u0131 da \u00fcstlenece\u011fiz.\u201d<\/em><\/p>","protected":false},"excerpt":{"rendered":"<p>Sorry, this entry is only available in Turkish. For the sake of viewer convenience, the content is shown below in the alternative language. You may click the link to switch the active language. Entegro GMBH ve Entegro Enerji Sistemleri T\u00fcrkiye ortakl\u0131\u011f\u0131nda kurulan Stark Solar Mounting, her iki firman\u0131n bug\u00fcne kadar Almanya\u2019da \u00fcrettirdi\u011fi arazi ve \u00e7at\u0131 [&hellip;]<\/p>\n","protected":false},"author":1,"featured_media":185885,"comment_status":"open","ping_status":"open","sticky":false,"template":"","format":"standard","meta":[],"categories":[53,49],"tags":[113002,113003,45418,2206,113001,113000],"views":116,"_links":{"self":[{"href":"https:\/\/www.enerjigazetesi.ist\/en\/wp-json\/wp\/v2\/posts\/185881"}],"collection":[{"href":"https:\/\/www.enerjigazetesi.ist\/en\/wp-json\/wp\/v2\/posts"}],"about":[{"href":"https:\/\/www.enerjigazetesi.ist\/en\/wp-json\/wp\/v2\/types\/post"}],"author":[{"embeddable":true,"href":"https:\/\/www.enerjigazetesi.ist\/en\/wp-json\/wp\/v2\/users\/1"}],"replies":[{"embeddable":true,"href":"https:\/\/www.enerjigazetesi.ist\/en\/wp-json\/wp\/v2\/comments?post=185881"}],"version-history":[{"count":0,"href":"https:\/\/www.enerjigazetesi.ist\/en\/wp-json\/wp\/v2\/posts\/185881\/revisions"}],"wp:featuredmedia":[{"embeddable":true,"href":"https:\/\/www.enerjigazetesi.ist\/en\/wp-json\/wp\/v2\/media\/185885"}],"wp:attachment":[{"href":"https:\/\/www.enerjigazetesi.ist\/en\/wp-json\/wp\/v2\/media?parent=185881"}],"wp:term":[{"taxonomy":"category","embeddable":true,"href":"https:\/\/www.enerjigazetesi.ist\/en\/wp-json\/wp\/v2\/categories?post=185881"},{"taxonomy":"post_tag","embeddable":true,"href":"https:\/\/www.enerjigazetesi.ist\/en\/wp-json\/wp\/v2\/tags?post=185881"}],"curies":[{"name":"wp","href":"https:\/\/api.w.org\/{rel}","templated":true}]}}