{"id":185875,"date":"2024-03-18T16:26:07","date_gmt":"2024-03-18T13:26:07","guid":{"rendered":"https:\/\/www.enerjigazetesi.ist\/?p=185875"},"modified":"2024-03-18T16:27:19","modified_gmt":"2024-03-18T13:27:19","slug":"18-mart-kuresel-geri-donusum-gunune-dair-aciklamalarda-bulunuldu","status":"publish","type":"post","link":"https:\/\/www.enerjigazetesi.ist\/en\/18-mart-kuresel-geri-donusum-gunune-dair-aciklamalarda-bulunuldu\/","title":{"rendered":"(Turkish) &#8217;18 Mart K\u00fcresel Geri D\u00f6n\u00fc\u015f\u00fcm G\u00fcn\u00fc\u2019ne Dair A\u00e7\u0131klamalarda Bulunuldu"},"content":{"rendered":"<p class=\"qtranxs-available-languages-message qtranxs-available-languages-message-en\">Sorry, this entry is only available in <a href=\"https:\/\/www.enerjigazetesi.ist\/tr\/wp-json\/wp\/v2\/posts\/185875\" class=\"qtranxs-available-language-link qtranxs-available-language-link-tr\" title=\"Turkish\">Turkish<\/a>. For the sake of viewer convenience, the content is shown below in the alternative language. You may click the link to switch the active language.<\/p><p><\/p>\n<h2>Ya\u015famda her yerde \u00fcretirken, t\u00fcketirken insan ve end\u00fcstri envai \u00e7e\u015fit at\u0131k \u00e7\u0131k\u0131\u015f\u0131na neden olur. \u0130nsan yine insan i\u00e7in \u00fcretirken gezegenimizin kaynaklar\u0131n\u0131 t\u00fcketerek \u00a0 \u00fc\u00e7 acil sorunumuza, \u00e7evre kirlili\u011fi; biyo\u00e7e\u015fitlilik kayb\u0131; iklim de\u011fi\u015fikli\u011fine etki eder. \u0130nsan ve do\u011fan\u0131n sa\u011fl\u0131\u011f\u0131 bozulur. Bu nedenle at\u0131k en iyi y\u00f6netiminde geri d\u00f6n\u00fc\u015f\u00fcm ve ileri d\u00f6n\u00fc\u015f\u00fcm\u00fcn \u00f6nemi bilinmeli diyen \u0130stanbul Teknik \u00dcniversitesi \u00d6\u011fretim \u00dcyesi ve S\u00fcrd\u00fcr\u00fclebilir \u00dcretim ve T\u00fcketim Derne\u011fi (S\u00dcT-D) Ba\u015fkan\u0131 Prof. Dr. Filiz Karaosmano\u011flu <em>&#8220;At\u0131kta enerji ve ham madde var: At\u0131klara, geri d\u00f6n\u00fc\u015ft\u00fcr\u00fclebilirlere ba\u015fka g\u00f6zle bakal\u0131m, at\u0131kta sakl\u0131 serveti g\u00f6relim\u201d<\/em> \u00e7a\u011fr\u0131s\u0131 yapt\u0131.<\/h2>\n<p>&nbsp;<\/p>\n<h3><strong>18 Mart K\u00fcresel Geri D\u00f6n\u00fc\u015f\u00fcm G\u00fcn\u00fc<\/strong><\/h3>\n<p><strong><img loading=\"lazy\" class=\"alignright wp-image-185877\" src=\"https:\/\/www.enerjigazetesi.ist\/wp-content\/uploads\/2024\/03\/18-mart-kuresel-geri-donusum-gunune-dair-aciklamalarda-bulunuldu-1.jpg\" alt=\"\" width=\"320\" height=\"290\" srcset=\"https:\/\/www.enerjigazetesi.ist\/wp-content\/uploads\/2024\/03\/18-mart-kuresel-geri-donusum-gunune-dair-aciklamalarda-bulunuldu-1.jpg 529w, https:\/\/www.enerjigazetesi.ist\/wp-content\/uploads\/2024\/03\/18-mart-kuresel-geri-donusum-gunune-dair-aciklamalarda-bulunuldu-1-300x272.jpg 300w, https:\/\/www.enerjigazetesi.ist\/wp-content\/uploads\/2024\/03\/18-mart-kuresel-geri-donusum-gunune-dair-aciklamalarda-bulunuldu-1-441x400.jpg 441w, https:\/\/www.enerjigazetesi.ist\/wp-content\/uploads\/2024\/03\/18-mart-kuresel-geri-donusum-gunune-dair-aciklamalarda-bulunuldu-1-55x50.jpg 55w, https:\/\/www.enerjigazetesi.ist\/wp-content\/uploads\/2024\/03\/18-mart-kuresel-geri-donusum-gunune-dair-aciklamalarda-bulunuldu-1-500x454.jpg 500w\" sizes=\"(max-width: 320px) 100vw, 320px\" \/>Prof.Dr. Filiz Karaosmano\u011flu<\/strong><em> \u201cGeri d\u00f6n\u00fc\u015f\u00fcm\u00fc desteklemek, geri d\u00f6n\u00fc\u015ft\u00fcr\u00fclebilirlerin ekonomik de\u011ferini g\u00f6stermek ve gezegenimizi at\u0131klar\u0131n yarataca\u011f\u0131 sorunlardan korumak i\u00e7in K\u00fcresel Geri D\u00f6n\u00fc\u015f\u00fcm Vakf\u0131 taraf\u0131ndan ilk kez Ekim 2018\u2019de K\u00fcresel Geri D\u00f6n\u00fc\u015f\u00fcm G\u00fcn\u00fc kutlanmas\u0131 \u00f6nerildi. Bu anlaml\u0131 g\u00fcn\u00fcn Birle\u015fmi\u015f Milletler taraf\u0131ndan tan\u0131nmas\u0131 i\u00e7in Uluslararas\u0131 Geri D\u00f6n\u00fc\u015f\u00fcm B\u00fcrosu (BIR) ile Birle\u015fmi\u015f Milletler S\u0131nai Kalk\u0131nma \u00d6rg\u00fct\u00fc (UNIDO) de b\u00fcy\u00fck bir \u00e7aba g\u00f6steriyor. \u0130lk kez 2019 y\u0131l\u0131nda, t\u00fcm d\u00fcnyada kutlanan K\u00fcresel Geri D\u00f6n\u00fc\u015f\u00fcm G\u00fcn\u00fc\u2019n\u00fc \u00fclkemizde g\u00fcndeme \u00a0ilk kez ta\u015f\u0131yan, geri d\u00f6n\u00fc\u015f\u00fcm\u00fc faaliyetlerinde s\u00fcrekli g\u00fcndemde tutarak \u201cGeri D\u00f6n\u00fc\u015ft\u00fcr\u00fclebilirler\u201d adland\u0131rmas\u0131n\u0131 sekt\u00f6re kazand\u0131ran\u0131n\u00a0S\u00dcT-D oldu\u011fu\u201d<\/em> bilgisini verdi.<\/p>\n<h3><strong>At\u0131klara, Geri D\u00f6n\u00fc\u015ft\u00fcr\u00fclebilirlere Ba\u015fka G\u00f6zle Bakal\u0131m<\/strong><\/h3>\n<p>Gezegenimizin milyarlarca ton kayna\u011f\u0131n\u0131,\u00a0hava, su, k\u00f6m\u00fcr, petrol, do\u011fal gaz,\u00a0mineralleri, alt\u0131 kayna\u011f\u0131m\u0131z\u0131\u00a0t\u00fcketiyoruz. Kaynaklar\u0131m\u0131z sonlu. \u00c7ok da uzak olmayan gelecekte t\u00fckenecek. Her bir at\u0131k, geri d\u00f6n\u00fc\u015ft\u00fcr\u00fclebilirler yeniden i\u015flenmek \u00fczere bir ham madde. Yedinci kaynak. Bu nedenle atarken d\u00fc\u015f\u00fcnelim, at\u0131klara ba\u015fka g\u00f6zle bakal\u0131m diyen Prof. Karaosmano\u011flu d\u00f6ng\u00fcsel ekonomideki f\u0131rsatla gelir ve istihdam yaratal\u0131m vurgusu yapt\u0131.<\/p>\n<h3><strong>At\u0131kta Sakl\u0131 Serveti G\u00f6relim<\/strong><\/h3>\n<p>S\u00dcT-D Ba\u015fkan\u0131 Karaosmano\u011flu \u201c\u00c7evre, \u015eehircilik ve \u0130klim De\u011fi\u015fikli\u011fi Bakanl\u0131\u011f\u0131 S\u0131f\u0131r at\u0131k Projesi verisine\u00a0g\u00f6re son alt\u0131 y\u0131lda 47 milyon ton ham madde olarak i\u015flenerek d\u00f6ng\u00fcsel ekonomide de\u011fer yarat\u0131ld\u0131. Di\u011fer deyi\u015fle at\u0131klar\u0131n y\u00fczde 35\u2019i geri d\u00f6n\u00fc\u015ft\u00fcr\u00fcld\u00fc. 2035 hedefimiz y\u00fczde 60. Bizlere g\u00f6rev d\u00fc\u015f\u00fcyor. En iyi at\u0131k y\u00f6netimi ile \u00fcretim ve t\u00fcketimin ak\u00e7eli ve gezegene maliyetini d\u00fc\u015f\u00fcr\u00fcrsek \u00e7ifte kazanc\u0131m\u0131z olur. At\u0131\u011f\u0131m\u0131z \u00e7\u0131kt\u0131\u011f\u0131nda, atarken d\u00fc\u015f\u00fcnelim ve elimizdeki sakl\u0131 serveti g\u00f6relim. At\u0131klar\u0131m\u0131z\u0131 ayr\u0131 toplayal\u0131m, geri d\u00f6n\u00fc\u015ft\u00fcr\u00fclebilirleri i\u015flenmeye vererek \u00e7evre ve iklim dostu ya\u015fayal\u0131m\u201d dedi.<\/p>\n<h3><strong>Bireyler Ne Yapmal\u0131?<\/strong><\/h3>\n<p>Evde bir hafta s\u00fcrecek bir deney yapal\u0131m diyen Karaosmano\u011flu <em>\u201cK\u00e2\u011f\u0131t ile cam, karton, plastik ve metal ambalajlar\u0131 faydal\u0131 \u00f6mr\u00fc bitince tek po\u015fette toplamaya ba\u015flayal\u0131m. Evimizdeki \u00e7\u00f6pe kar\u0131\u015ft\u0131rmayal\u0131m. K\u00fc\u00e7\u00fck bir ila\u00e7 kutusunun kartonu ve plastik ambalaj\u0131, g\u0131da plastik ambalajlar\u0131, metal kutular, \u00a0 plastik \u015fi\u015feler, v.b. birikecek. Camlar\u0131 da ayr\u0131 po\u015fette toplayal\u0131m. Miktara \u015fa\u015f\u0131racaks\u0131n\u0131z. Geri d\u00f6n\u00fc\u015ft\u00fcr\u00fclebilirler, ham madde g\u00f6z\u00fcn\u00fcz\u00fcn \u00f6n\u00fcnde. \u0130\u015fte kritik husus bu. \u015eimdi at\u0131k i\u015f d\u00fcnyas\u0131nda geri d\u00f6n\u00fc\u015ft\u00fcr\u00fclebilirleri i\u015flenmeye sokma zaman\u0131. Belediyemiz haftan\u0131n belli bir g\u00fcn\u00fc topluyorsa verelim. Yoksa yak\u0131n\u0131m\u0131zdaki at\u0131k ayr\u0131 toplama noktalar\u0131n\u0131 \u00f6\u011frenelim. G\u00f6t\u00fcrelim. Sanayimizde gelir de\u011fer yaratmaya, gezegenimizi ve gelece\u011fimizi korumaya ba\u015flayal\u0131m\u201d<\/em> dedi.<\/p>","protected":false},"excerpt":{"rendered":"<p>Sorry, this entry is only available in Turkish. For the sake of viewer convenience, the content is shown below in the alternative language. You may click the link to switch the active language. Ya\u015famda her yerde \u00fcretirken, t\u00fcketirken insan ve end\u00fcstri envai \u00e7e\u015fit at\u0131k \u00e7\u0131k\u0131\u015f\u0131na neden olur. \u0130nsan yine insan i\u00e7in \u00fcretirken gezegenimizin kaynaklar\u0131n\u0131 t\u00fcketerek [&hellip;]<\/p>\n","protected":false},"author":1,"featured_media":185878,"comment_status":"open","ping_status":"open","sticky":false,"template":"","format":"standard","meta":[],"categories":[53],"tags":[2529,18346,68741],"views":109,"_links":{"self":[{"href":"https:\/\/www.enerjigazetesi.ist\/en\/wp-json\/wp\/v2\/posts\/185875"}],"collection":[{"href":"https:\/\/www.enerjigazetesi.ist\/en\/wp-json\/wp\/v2\/posts"}],"about":[{"href":"https:\/\/www.enerjigazetesi.ist\/en\/wp-json\/wp\/v2\/types\/post"}],"author":[{"embeddable":true,"href":"https:\/\/www.enerjigazetesi.ist\/en\/wp-json\/wp\/v2\/users\/1"}],"replies":[{"embeddable":true,"href":"https:\/\/www.enerjigazetesi.ist\/en\/wp-json\/wp\/v2\/comments?post=185875"}],"version-history":[{"count":0,"href":"https:\/\/www.enerjigazetesi.ist\/en\/wp-json\/wp\/v2\/posts\/185875\/revisions"}],"wp:featuredmedia":[{"embeddable":true,"href":"https:\/\/www.enerjigazetesi.ist\/en\/wp-json\/wp\/v2\/media\/185878"}],"wp:attachment":[{"href":"https:\/\/www.enerjigazetesi.ist\/en\/wp-json\/wp\/v2\/media?parent=185875"}],"wp:term":[{"taxonomy":"category","embeddable":true,"href":"https:\/\/www.enerjigazetesi.ist\/en\/wp-json\/wp\/v2\/categories?post=185875"},{"taxonomy":"post_tag","embeddable":true,"href":"https:\/\/www.enerjigazetesi.ist\/en\/wp-json\/wp\/v2\/tags?post=185875"}],"curies":[{"name":"wp","href":"https:\/\/api.w.org\/{rel}","templated":true}]}}