{"id":185834,"date":"2024-03-15T17:52:04","date_gmt":"2024-03-15T14:52:04","guid":{"rendered":"https:\/\/www.enerjigazetesi.ist\/?p=185834"},"modified":"2024-03-15T17:52:04","modified_gmt":"2024-03-15T14:52:04","slug":"yasam-kaynaklarimiza-sahip-cikmak-icin-31-mart-ta-gorev-basina","status":"publish","type":"post","link":"https:\/\/www.enerjigazetesi.ist\/en\/yasam-kaynaklarimiza-sahip-cikmak-icin-31-mart-ta-gorev-basina\/","title":{"rendered":"(Turkish) Ya\u015fam Kaynaklar\u0131m\u0131za Sahip \u00c7\u0131kmak \u0130\u00e7in 31 Mart&#8217;ta G\u00f6rev Ba\u015f\u0131na\u2026"},"content":{"rendered":"<p class=\"qtranxs-available-languages-message qtranxs-available-languages-message-en\">Sorry, this entry is only available in <a href=\"https:\/\/www.enerjigazetesi.ist\/tr\/wp-json\/wp\/v2\/posts\/185834\" class=\"qtranxs-available-language-link qtranxs-available-language-link-tr\" title=\"Turkish\">Turkish<\/a>. For the sake of viewer convenience, the content is shown below in the alternative language. You may click the link to switch the active language.<\/p><p><\/p>\n<h2>T\u00fcrkiye \u00c7evre Platformu do\u011fal ve k\u00fclt\u00fcrel de\u011ferlere kar\u015f\u0131 y\u00fcr\u00fct\u00fclen yok edici ya\u011fma ve talana kar\u015f\u0131, do\u011faya kar\u015f\u0131 i\u015flenen su\u00e7larla m\u00fccadelesini s\u00fcrd\u00fcr\u00fcrken, di\u011fer yandan \u00e7evre duyarl\u0131l\u0131\u011f\u0131n\u0131n toplumsalla\u015fmas\u0131 ve \u00e7evre bilincinin etkinle\u015fmesi i\u00e7in \u00e7al\u0131\u015fmaktad\u0131r.<\/h2>\n<p style=\"text-align: center;\"><img loading=\"lazy\" class=\"aligncenter wp-image-185836\" src=\"https:\/\/www.enerjigazetesi.ist\/wp-content\/uploads\/2024\/03\/yasam-kaynaklarimiza-sahip-cikmak-icin-31-mart-ta-gorev-basina.jpg\" alt=\"\" width=\"500\" height=\"282\" srcset=\"https:\/\/www.enerjigazetesi.ist\/wp-content\/uploads\/2024\/03\/yasam-kaynaklarimiza-sahip-cikmak-icin-31-mart-ta-gorev-basina.jpg 550w, https:\/\/www.enerjigazetesi.ist\/wp-content\/uploads\/2024\/03\/yasam-kaynaklarimiza-sahip-cikmak-icin-31-mart-ta-gorev-basina-300x169.jpg 300w, https:\/\/www.enerjigazetesi.ist\/wp-content\/uploads\/2024\/03\/yasam-kaynaklarimiza-sahip-cikmak-icin-31-mart-ta-gorev-basina-500x282.jpg 500w, https:\/\/www.enerjigazetesi.ist\/wp-content\/uploads\/2024\/03\/yasam-kaynaklarimiza-sahip-cikmak-icin-31-mart-ta-gorev-basina-80x45.jpg 80w\" sizes=\"(max-width: 500px) 100vw, 500px\" \/><\/p>\n<p>Ancak t\u00fcm bu m\u00fccadelelere kar\u015f\u0131n do\u011fal kaynaklar\u0131m\u0131z, bir avu\u00e7 \u00e7\u0131kar \u00e7evrelerinin s\u0131n\u0131rs\u0131z k\u00e2r h\u0131rs\u0131na sunularak yok edilmeye devam ediyor.<\/p>\n<p>\u00c7arp\u0131k kentle\u015fme ve sanayile\u015fme, kirli teknolojiler ile havam\u0131z kirletildi.<\/p>\n<p>Tar\u0131m alanlar\u0131m\u0131z betonla\u015ft\u0131r\u0131larak, \u00e7ift\u00e7ilerimiz, k\u00f6yl\u00fclerimiz \u00fcretim s\u00fcre\u00e7lerinden kopar\u0131ld\u0131. Ormanlar\u0131m\u0131z maden aramalar\u0131na a\u00e7\u0131larak toplumun akci\u011ferleri, yer alt\u0131 ve yer \u00fcst\u00fc i\u00e7me ve kullanma su kaynaklar\u0131m\u0131z yok edildi. Denizlerimiz kirletildi.<\/p>\n<p>Bunlar\u0131n sorumlular\u0131n\u0131 biliyoruz, tan\u0131yoruz.<\/p>\n<p>Y\u0131llard\u0131r s\u00fcrd\u00fcr\u00fclen \u00e7abalar do\u011faya kar\u015f\u0131 su\u00e7lar\u0131n i\u015flenemez, ya\u011fma ve talan\u0131n yap\u0131lamaz olmas\u0131n\u0131 zorunlu k\u0131l\u0131yor.<\/p>\n<p>\u0130\u015fte b\u00f6ylesi bir s\u00fcre\u00e7te Yerel se\u00e7imlere gidiyoruz.<\/p>\n<p>31 Mart Yerel se\u00e7imleri, t\u00fcm sosyal, toplumsal sorunlar\u0131m\u0131z da g\u00f6z \u00f6n\u00fcne al\u0131nd\u0131\u011f\u0131nda her zamankinden daha \u00f6nemli ve farkl\u0131 bir nitelik i\u00e7ermektedir.<\/p>\n<p>Belediyeler, Yerel y\u00f6netimler yeni bir ya\u015fam bi\u00e7iminin in\u015fas\u0131 s\u00fcrecinde son derece \u00f6nemli i\u015flevler \u00fcstlenmelidir.<\/p>\n<p>Tam da bu nedenle 31 Mart se\u00e7imleri bug\u00fcn d\u00fcne g\u00f6re \u00e7ok daha \u00f6nemlidir.<\/p>\n<p>31 Mart 2024 se\u00e7imleri, insan eme\u011fi ve do\u011fan\u0131n s\u0131n\u0131rs\u0131z s\u00f6m\u00fcr\u00fcs\u00fc ve talan\u0131na, b\u00fct\u00fcn g\u00fcc\u00fcm\u00fczle ve g\u00fcr bir sesle<strong> \u201cDUR\u201d<\/strong> diyebilmek i\u00e7in \u00e7ok \u00f6nemli bir kav\u015fakt\u0131r.<\/p>\n<p>Bunun i\u00e7in, t\u00fcm \u00e7evre duyarl\u0131 kurulu\u015flar birle\u015ferek, tam bir dayan\u0131\u015fma i\u00e7erisinde olmal\u0131d\u0131rlar.<\/p>\n<p><strong>31 Mart 2024<\/strong> yerel se\u00e7imleri, i\u00e7ine d\u00fc\u015ft\u00fc\u011f\u00fcm\u00fcz b\u00fcy\u00fck \u00e7\u00f6k\u00fc\u015f\u00fc sona erdirmenin \u00f6nemli bir d\u00f6nemeci haline getirilmeli. T\u00fcm farkl\u0131l\u0131klar\u0131na kar\u015f\u0131n, etkin bir dayan\u0131\u015fma ile bu se\u00e7im, toplumun \u00e7\u0131karlar\u0131 temelinde kazanca d\u00f6n\u00fc\u015ft\u00fcrmeli ve mutlaka kazan\u0131lmal\u0131d\u0131r.<\/p>\n<p>Bu \u00e7er\u00e7evede, toplumsal de\u011ferlerimizi toplumun b\u00fct\u00fcn\u00fcn\u00fcn kullan\u0131m\u0131na sunan, yerinden demokratik yerel y\u00f6netim anlay\u0131\u015f\u0131n\u0131 benimseyen adaylara sahip \u00e7\u0131k\u0131p destekleyerek ve kazanabilecek olanlarla b\u00fct\u00fcnle\u015ferek bu se\u00e7imler kazan\u0131lmal\u0131d\u0131r.<\/p>\n<p>\u00dczerimize d\u00fc\u015fenleri yaparsak kazan\u0131r\u0131z,<\/p>\n<p>Haydi o zaman kazanmak i\u00e7in sorumluluklar \u00fcstlenerek g\u00f6rev ba\u015f\u0131na\u2026<\/p>\n<p><strong>T\u00dcRK\u0130YE \u00c7EVRE PLATFORMU ( T\u00dcR\u00c7EP )\u00a0\u00a0\u00a0\u00a0 <\/strong><a href=\"http:\/\/www.turcep.org\" target=\"_blank\" rel=\"noopener\"><strong>www.turcep.org<\/strong><\/a><\/p>\n<p>Abidin \u00d6zkaymak &#8211; T\u00fcr\u00e7ep Koordinat\u00f6r\u00fc | A.Oktay Demirkan &#8211; T\u00fcr\u00e7ep Sekreteri<\/p>","protected":false},"excerpt":{"rendered":"<p>Sorry, this entry is only available in Turkish. For the sake of viewer convenience, the content is shown below in the alternative language. You may click the link to switch the active language. T\u00fcrkiye \u00c7evre Platformu do\u011fal ve k\u00fclt\u00fcrel de\u011ferlere kar\u015f\u0131 y\u00fcr\u00fct\u00fclen yok edici ya\u011fma ve talana kar\u015f\u0131, do\u011faya kar\u015f\u0131 i\u015flenen su\u00e7larla m\u00fccadelesini s\u00fcrd\u00fcr\u00fcrken, di\u011fer [&hellip;]<\/p>\n","protected":false},"author":1,"featured_media":185836,"comment_status":"open","ping_status":"open","sticky":false,"template":"","format":"standard","meta":[],"categories":[53],"tags":[47713,15377,77293,70474,1982],"views":15,"_links":{"self":[{"href":"https:\/\/www.enerjigazetesi.ist\/en\/wp-json\/wp\/v2\/posts\/185834"}],"collection":[{"href":"https:\/\/www.enerjigazetesi.ist\/en\/wp-json\/wp\/v2\/posts"}],"about":[{"href":"https:\/\/www.enerjigazetesi.ist\/en\/wp-json\/wp\/v2\/types\/post"}],"author":[{"embeddable":true,"href":"https:\/\/www.enerjigazetesi.ist\/en\/wp-json\/wp\/v2\/users\/1"}],"replies":[{"embeddable":true,"href":"https:\/\/www.enerjigazetesi.ist\/en\/wp-json\/wp\/v2\/comments?post=185834"}],"version-history":[{"count":0,"href":"https:\/\/www.enerjigazetesi.ist\/en\/wp-json\/wp\/v2\/posts\/185834\/revisions"}],"wp:featuredmedia":[{"embeddable":true,"href":"https:\/\/www.enerjigazetesi.ist\/en\/wp-json\/wp\/v2\/media\/185836"}],"wp:attachment":[{"href":"https:\/\/www.enerjigazetesi.ist\/en\/wp-json\/wp\/v2\/media?parent=185834"}],"wp:term":[{"taxonomy":"category","embeddable":true,"href":"https:\/\/www.enerjigazetesi.ist\/en\/wp-json\/wp\/v2\/categories?post=185834"},{"taxonomy":"post_tag","embeddable":true,"href":"https:\/\/www.enerjigazetesi.ist\/en\/wp-json\/wp\/v2\/tags?post=185834"}],"curies":[{"name":"wp","href":"https:\/\/api.w.org\/{rel}","templated":true}]}}