{"id":185819,"date":"2024-03-15T15:47:50","date_gmt":"2024-03-15T12:47:50","guid":{"rendered":"https:\/\/www.enerjigazetesi.ist\/?p=185819"},"modified":"2024-03-15T15:48:18","modified_gmt":"2024-03-15T12:48:18","slug":"uedas-10-yilda-10-bin-ogrenciyi-gulumsetti","status":"publish","type":"post","link":"https:\/\/www.enerjigazetesi.ist\/en\/uedas-10-yilda-10-bin-ogrenciyi-gulumsetti\/","title":{"rendered":"(Turkish) &#8217;UEDA\u015e&#8217; 10 Y\u0131lda 10 Bin \u00d6\u011frenciyi G\u00fcl\u00fcmsetti"},"content":{"rendered":"<p class=\"qtranxs-available-languages-message qtranxs-available-languages-message-en\">Sorry, this entry is only available in <a href=\"https:\/\/www.enerjigazetesi.ist\/tr\/wp-json\/wp\/v2\/posts\/185819\" class=\"qtranxs-available-language-link qtranxs-available-language-link-tr\" title=\"Turkish\">Turkish<\/a>. For the sake of viewer convenience, the content is shown below in the alternative language. You may click the link to switch the active language.<\/p><p><\/p>\n<h2><strong>Uluda\u011f Elektrik Da\u011f\u0131t\u0131m A\u015e (UEDA\u015e), &#8216;Karde\u015fim \u00dc\u015f\u00fcmesin&#8217; projesi kapsam\u0131nda Marmara ba\u015fta olmak \u00fczere T\u00fcrkiye\u2019nin \u00e7e\u015fitli illerinde minikleri \u0131s\u0131tmaya devam ediyor. \u015eirket bu g\u00fcne kadar 10.000\u2019in \u00fczerinde \u00f6\u011frenciye k\u0131\u015fl\u0131k k\u0131yafet da\u011f\u0131t\u0131p, \u00f6\u011frenciler i\u00e7in oyun alanlar\u0131 ve e\u011flence parkurlar\u0131 olu\u015fturdu. Minikleri s\u00fcper kahraman k\u0131yafetleri ile kar\u015f\u0131layarak keyifli bir g\u00fcn ge\u00e7irmelerini <img loading=\"lazy\" class=\"alignright wp-image-185822\" src=\"https:\/\/www.enerjigazetesi.ist\/wp-content\/uploads\/2024\/03\/uedas-10-yilda-10-bin-ogrenciyi-gulumsetti-1.jpg\" alt=\"\" width=\"320\" height=\"427\" srcset=\"https:\/\/www.enerjigazetesi.ist\/wp-content\/uploads\/2024\/03\/uedas-10-yilda-10-bin-ogrenciyi-gulumsetti-1.jpg 360w, https:\/\/www.enerjigazetesi.ist\/wp-content\/uploads\/2024\/03\/uedas-10-yilda-10-bin-ogrenciyi-gulumsetti-1-225x300.jpg 225w, https:\/\/www.enerjigazetesi.ist\/wp-content\/uploads\/2024\/03\/uedas-10-yilda-10-bin-ogrenciyi-gulumsetti-1-300x400.jpg 300w, https:\/\/www.enerjigazetesi.ist\/wp-content\/uploads\/2024\/03\/uedas-10-yilda-10-bin-ogrenciyi-gulumsetti-1-38x50.jpg 38w\" sizes=\"(max-width: 320px) 100vw, 320px\" \/>sa\u011flad\u0131.<\/strong><\/h2>\n<p><strong>Uluda\u011f\u00a0Elektrik Da\u011f\u0131t\u0131m<\/strong> A.\u015e. (UEDA\u015e) taraf\u0131ndan k\u0131rsalda \u00f6\u011frenim g\u00f6ren \u00f6\u011frencilerin\u00a0<strong>k\u0131\u015fl\u0131k k\u0131yafet<\/strong>\u00a0ihtiyac\u0131n\u0131n kar\u015f\u0131lan\u0131p, <strong>etkinliklerle e\u011flenceli bir g\u00fcn ge\u00e7irmelerini hedeflemek<\/strong> amac\u0131yla hayata ge\u00e7irilen\u00a0<strong>\u201cKarde\u015fim \u00dc\u015f\u00fcmesin\u201d\u00a0<\/strong>projesinin yeni dura\u011f\u0131\u00a0Bal\u0131kesir <strong>D\u00fcvertepe \u0130lk ve Orta Okulu<\/strong>\u00a0oldu. UEDA\u015e taraf\u0131ndan 2013\u2019te ba\u015flat\u0131lan \u201cKarde\u015fim \u00dc\u015f\u00fcmesin\u201d projesi kapsam\u0131nda her y\u0131l 1000 \u00f6\u011frenciye k\u0131\u015fl\u0131k k\u0131yafet yard\u0131m\u0131 yap\u0131l\u0131yor. Projenin ba\u015flad\u0131\u011f\u0131 tarihten bug\u00fcne kadar 10 binin \u00fczerinde \u00f6\u011frencinin <strong>k\u0131\u015fl\u0131k giysi ihtiyac\u0131<\/strong> giderildi.<\/p>\n<p>Her y\u0131l binlerce \u00f6\u011frenciye yard\u0131m eli uzat\u0131lan \u201cKarde\u015fim \u00dc\u015f\u00fcmesin\u201d projesinin \u00f6nemine dikkat \u00e7eken <strong>UEDA\u015e<\/strong>, <em>&#8220;2013 y\u0131l\u0131ndan bu yana s\u00fcrd\u00fcrd\u00fc\u011f\u00fcm\u00fcz bu iyilik hareketi \u0130l Milli E\u011fitim M\u00fcd\u00fcrl\u00fcklerimizin i\u015f birli\u011fi ile ger\u00e7ekle\u015ftiriliyor. Proje ile hem \u00f6\u011frencilerin <strong>k\u0131\u015fl\u0131k k\u0131yafet ihtiya\u00e7lar\u0131<\/strong> gideriliyor hem de <strong>yard\u0131mla\u015fma ve hediyele\u015fmenin \u00f6nemini a\u015f\u0131lama<\/strong> ama\u00e7lan\u0131yor. Proje sadece hizmet b\u00f6lgemiz olan <strong>G\u00fcney Marmara&#8217;da de\u011fil<\/strong> ayn\u0131 zamanda <strong>\u00c7a\u011fr\u0131 Merkezimizin yer ald\u0131\u011f\u0131 Kars&#8217;ta da<\/strong> ger\u00e7ekle\u015fiyor. Ayr\u0131ca bu y\u0131l deprem b\u00f6lgesinde ihtiya\u00e7 sahiplerine de bu proje kapsam\u0131nda yard\u0131m ula\u015ft\u0131r\u0131lacak. Projemize kat\u0131lan destek olan herkese te\u015fekk\u00fcrlerimizi sunar\u0131z.&#8221;<\/em> a\u00e7\u0131klamas\u0131nda bulundu.<\/p>","protected":false},"excerpt":{"rendered":"<p>Sorry, this entry is only available in Turkish. For the sake of viewer convenience, the content is shown below in the alternative language. You may click the link to switch the active language. Uluda\u011f Elektrik Da\u011f\u0131t\u0131m A\u015e (UEDA\u015e), &#8216;Karde\u015fim \u00dc\u015f\u00fcmesin&#8217; projesi kapsam\u0131nda Marmara ba\u015fta olmak \u00fczere T\u00fcrkiye\u2019nin \u00e7e\u015fitli illerinde minikleri \u0131s\u0131tmaya devam ediyor. \u015eirket bu [&hellip;]<\/p>\n","protected":false},"author":1,"featured_media":185821,"comment_status":"open","ping_status":"open","sticky":false,"template":"","format":"standard","meta":[],"categories":[51,53],"tags":[15016,4546,99440,112973,112972,112974,45318,2227,24340],"views":31,"_links":{"self":[{"href":"https:\/\/www.enerjigazetesi.ist\/en\/wp-json\/wp\/v2\/posts\/185819"}],"collection":[{"href":"https:\/\/www.enerjigazetesi.ist\/en\/wp-json\/wp\/v2\/posts"}],"about":[{"href":"https:\/\/www.enerjigazetesi.ist\/en\/wp-json\/wp\/v2\/types\/post"}],"author":[{"embeddable":true,"href":"https:\/\/www.enerjigazetesi.ist\/en\/wp-json\/wp\/v2\/users\/1"}],"replies":[{"embeddable":true,"href":"https:\/\/www.enerjigazetesi.ist\/en\/wp-json\/wp\/v2\/comments?post=185819"}],"version-history":[{"count":0,"href":"https:\/\/www.enerjigazetesi.ist\/en\/wp-json\/wp\/v2\/posts\/185819\/revisions"}],"wp:featuredmedia":[{"embeddable":true,"href":"https:\/\/www.enerjigazetesi.ist\/en\/wp-json\/wp\/v2\/media\/185821"}],"wp:attachment":[{"href":"https:\/\/www.enerjigazetesi.ist\/en\/wp-json\/wp\/v2\/media?parent=185819"}],"wp:term":[{"taxonomy":"category","embeddable":true,"href":"https:\/\/www.enerjigazetesi.ist\/en\/wp-json\/wp\/v2\/categories?post=185819"},{"taxonomy":"post_tag","embeddable":true,"href":"https:\/\/www.enerjigazetesi.ist\/en\/wp-json\/wp\/v2\/tags?post=185819"}],"curies":[{"name":"wp","href":"https:\/\/api.w.org\/{rel}","templated":true}]}}