{"id":185802,"date":"2024-03-15T14:40:23","date_gmt":"2024-03-15T11:40:23","guid":{"rendered":"https:\/\/www.enerjigazetesi.ist\/?p=185802"},"modified":"2024-03-15T14:43:15","modified_gmt":"2024-03-15T11:43:15","slug":"cinsiyet-esitsizliginin-en-yuksek-oldugu-alan-bilim-ve-teknoloji","status":"publish","type":"post","link":"https:\/\/www.enerjigazetesi.ist\/en\/cinsiyet-esitsizliginin-en-yuksek-oldugu-alan-bilim-ve-teknoloji\/","title":{"rendered":"(Turkish) &#8221;Cinsiyet E\u015fitsizli\u011finin En Y\u00fcksek Oldu\u011fu Alan Bilim ve Teknoloji&#8221;"},"content":{"rendered":"<p class=\"qtranxs-available-languages-message qtranxs-available-languages-message-en\">Sorry, this entry is only available in <a href=\"https:\/\/www.enerjigazetesi.ist\/tr\/wp-json\/wp\/v2\/posts\/185802\" class=\"qtranxs-available-language-link qtranxs-available-language-link-tr\" title=\"Turkish\">Turkish<\/a>. For the sake of viewer convenience, the content is shown below in the alternative language. You may click the link to switch the active language.<\/p><p><\/p>\n<h2>T\u00fcrkiye\u2019nin k\u00fclt\u00fcr-sanat ve e\u011flence platformu <strong>D&amp;R<\/strong>\u2019\u0131n \u0130stinyePark ma\u011fazas\u0131nda ger\u00e7ekle\u015ftirilen s\u00f6yle\u015fi ve imza g\u00fcn\u00fcnde okurlar\u0131yla bulu\u015fan ve yeni \u00e7\u0131kan kitab\u0131 \u201cYar\u0131n\u0131n \u0130\u015fini Yar\u0131na B\u0131rakma\u201dy\u0131 imzalayan Ufuk Tarhan, moderat\u00f6rl\u00fc\u011f\u00fcn\u00fc Tu\u011fba Dedeo\u011flu Demir\u2019in \u00fcstlendi\u011fi, \u201cGelecekte Kad\u0131nlar\u0131 Neler Bekliyor\u201d ba\u015fl\u0131kl\u0131 bir de s\u00f6yle\u015fi verdi.<\/h2>\n<p>&nbsp;<\/p>\n<h3><strong>\u201cBilim ve Teknolojide En B\u00fcy\u00fck Sorunumuz Toplumsal Cinsiyet E\u015fitsizli\u011fi\u201d<\/strong><\/h3>\n<p>Kendisine y\u00f6neltilen cinsiyet e\u015fitli\u011fi sorusuna <strong>Ufuk Tarhan<\/strong>, <em>\u201cD\u00fcnyada kad\u0131n ve erkek diye iki tane <img loading=\"lazy\" class=\"alignright wp-image-185805\" src=\"https:\/\/www.enerjigazetesi.ist\/wp-content\/uploads\/2024\/03\/cinsiyet-esitsizliginin-en-yuksek-oldugu-alan-bilim-ve-teknoloji-1.jpg\" alt=\"\" width=\"320\" height=\"300\" srcset=\"https:\/\/www.enerjigazetesi.ist\/wp-content\/uploads\/2024\/03\/cinsiyet-esitsizliginin-en-yuksek-oldugu-alan-bilim-ve-teknoloji-1.jpg 512w, https:\/\/www.enerjigazetesi.ist\/wp-content\/uploads\/2024\/03\/cinsiyet-esitsizliginin-en-yuksek-oldugu-alan-bilim-ve-teknoloji-1-300x281.jpg 300w, https:\/\/www.enerjigazetesi.ist\/wp-content\/uploads\/2024\/03\/cinsiyet-esitsizliginin-en-yuksek-oldugu-alan-bilim-ve-teknoloji-1-427x400.jpg 427w, https:\/\/www.enerjigazetesi.ist\/wp-content\/uploads\/2024\/03\/cinsiyet-esitsizliginin-en-yuksek-oldugu-alan-bilim-ve-teknoloji-1-53x50.jpg 53w, https:\/\/www.enerjigazetesi.ist\/wp-content\/uploads\/2024\/03\/cinsiyet-esitsizliginin-en-yuksek-oldugu-alan-bilim-ve-teknoloji-1-500x469.jpg 500w\" sizes=\"(max-width: 320px) 100vw, 320px\" \/>genetik cinsiyet var. Birbirlerinden \u00e7ok farkl\u0131 ve ayn\u0131 zamanda tamamen de birbirleriyle e\u015fit ko\u015fullarda d\u00fcnyay\u0131 ve ya\u015fam\u0131 dizayn etmeleri gerekiyor. Ancak bunlardan biri, ya\u015fama ve d\u00fcnyan\u0131n gidi\u015fat\u0131na neredeyse ihmal edilebilir seviyede etki edebiliyor. \u00d6b\u00fcr\u00fc ise tam tersine her \u015feyin gidi\u015fat\u0131n\u0131 belirliyor. \u0130\u015fte biz, bu noktadaki e\u015fitli\u011fi ve adaleti sa\u011flayamad\u0131\u011f\u0131m\u0131z i\u00e7in bug\u00fcn sorunlar\u0131m\u0131z\u0131 \u00e7\u00f6zemiyoruz, d\u00f6n\u00fcp dola\u015f\u0131p sava\u015flara ve krizlere yakalan\u0131yoruz. Bu sorunu \u00e7\u00f6zd\u00fc\u011f\u00fcm\u00fczde zaten her \u015feyi \u00e7\u00f6zece\u011fiz ve bunlar insanl\u0131\u011f\u0131n g\u00fcndeminde bir daha yer bulmayacak. D\u00fcnya tarihine bakt\u0131\u011f\u0131n\u0131zda insanl\u0131\u011f\u0131n d\u00f6n\u00fc\u015f\u00fcm d\u00f6nemlerinin teknolojide b\u00fcy\u00fck s\u0131\u00e7ray\u0131\u015f yap\u0131lan d\u00f6nemlere denk geldi\u011fini g\u00f6rebiliriz. \u00c7\u00fcnk\u00fc bilim ve teknolojiyi iyi kullananlar gelece\u011fi daha iyi kurarlar. Kad\u0131nlar\u0131n \u00f6zellikle bilim ve teknoloji alan\u0131nda b\u00fcy\u00fck bir at\u0131l\u0131m yapmas\u0131 gerekiyor ki t\u00fcm bu sorunlar\u0131 \u00e7\u00f6zebilelim. Fakat ne yaz\u0131k ki bu alandaki toplumsal cinsiyet e\u015fitsizli\u011fi genelden de k\u00f6t\u00fc durumda\u201d<\/em> dedi.<\/p>\n<h3><strong>\u201cNeden T\u00fcrkiye\u2019deki Tek Kad\u0131n F\u00fct\u00fcrist Sensin Diyorlar!\u201d<\/strong><\/h3>\n<p>Forbes Magazine&#8217;in<strong> &#8220;En Etkili 50 F\u00fct\u00fcrist Kad\u0131n&#8221;<\/strong> listesinde yer alan tek T\u00fcrk kad\u0131n f\u00fct\u00fcrist olan <strong>Ufuk Tarhan<\/strong>,<em> \u201cBu alanda neden tek oldu\u011fumu soruyorlar. \u00c7\u00fcnk\u00fc bizim toplumumuzda \u2018Bizden \u00e7\u0131kmaz\u2019 anlay\u0131\u015f\u0131 hala \u00e7ok yayg\u0131n. Herhangi bir alanda farkl\u0131 birisi sivrilmeye ba\u015flad\u0131\u011f\u0131nda hemen onu a\u015fa\u011f\u0131ya \u00e7ekmeye \u00e7al\u0131\u015f\u0131yoruz. Bu konuyla \u00e7ok u\u011fra\u015ft\u0131m ve hala da u\u011fra\u015f\u0131yorum. Ayr\u0131ca t\u00fcm d\u00fcnyada oldu\u011fu gibi bizim toplumumuzda da ac\u0131 ve dram \u00e7ok yayg\u0131n. Hatta bizde daha da \u00fcst d\u00fczeyde. B\u00f6yle bir toplumdan, gelece\u011fe olumlu bakmay\u0131 ama\u00e7layan bir alan olan f\u00fct\u00fcrizmle ilgilenen insanlar\u0131n \u00e7\u0131kmas\u0131 da haliyle daha zor oluyor\u201d<\/em> diye konu\u015ftu.<\/p>\n<h3><strong>Gelecek Bizden Ne Bekliyor?<\/strong><\/h3>\n<p><em>\u201cAsl\u0131nda ben gelecekte bizi bir \u015feylerin bekledi\u011fine dair d\u00fc\u015f\u00fcnceleri sevmiyorum. Gelecek, bir \u015fey beklenecek, statik, olu\u015fmu\u015f bir olgu de\u011fil. Gelece\u011fi biz olu\u015fturuyoruz. As\u0131l soru, gelece\u011fin bizden ne istedi\u011fi ve bizim gelece\u011fe uyumlu olabilmemiz i\u00e7in neler yapmam\u0131z gerekti\u011fi. Gelece\u011fin bizden istedi\u011fi tek \u015fey \u015fu: Gelecek; \u2018Benim de\u011fi\u015fti\u011fimi fark et. Ben de\u011fi\u015fiyorum, hadi sen de de\u011fi\u015f. Ve ger\u00e7ekten de\u011fi\u015fmek istiyorsan, bana ayak uydurmak i\u00e7in nas\u0131l de\u011fi\u015fti\u011fimi alg\u0131la ve ayak uydur. Senden en \u00e7ok bekledi\u011fim \u015fey budur\u2019 diyor\u201d<\/em>.<\/p>","protected":false},"excerpt":{"rendered":"<p>Sorry, this entry is only available in Turkish. For the sake of viewer convenience, the content is shown below in the alternative language. You may click the link to switch the active language. T\u00fcrkiye\u2019nin k\u00fclt\u00fcr-sanat ve e\u011flence platformu D&amp;R\u2019\u0131n \u0130stinyePark ma\u011fazas\u0131nda ger\u00e7ekle\u015ftirilen s\u00f6yle\u015fi ve imza g\u00fcn\u00fcnde okurlar\u0131yla bulu\u015fan ve yeni \u00e7\u0131kan kitab\u0131 \u201cYar\u0131n\u0131n \u0130\u015fini Yar\u0131na [&hellip;]<\/p>\n","protected":false},"author":1,"featured_media":185804,"comment_status":"open","ping_status":"open","sticky":false,"template":"","format":"standard","meta":[],"categories":[53],"tags":[88878,101578,112820,3794,66359,112965,112966],"views":18,"_links":{"self":[{"href":"https:\/\/www.enerjigazetesi.ist\/en\/wp-json\/wp\/v2\/posts\/185802"}],"collection":[{"href":"https:\/\/www.enerjigazetesi.ist\/en\/wp-json\/wp\/v2\/posts"}],"about":[{"href":"https:\/\/www.enerjigazetesi.ist\/en\/wp-json\/wp\/v2\/types\/post"}],"author":[{"embeddable":true,"href":"https:\/\/www.enerjigazetesi.ist\/en\/wp-json\/wp\/v2\/users\/1"}],"replies":[{"embeddable":true,"href":"https:\/\/www.enerjigazetesi.ist\/en\/wp-json\/wp\/v2\/comments?post=185802"}],"version-history":[{"count":0,"href":"https:\/\/www.enerjigazetesi.ist\/en\/wp-json\/wp\/v2\/posts\/185802\/revisions"}],"wp:featuredmedia":[{"embeddable":true,"href":"https:\/\/www.enerjigazetesi.ist\/en\/wp-json\/wp\/v2\/media\/185804"}],"wp:attachment":[{"href":"https:\/\/www.enerjigazetesi.ist\/en\/wp-json\/wp\/v2\/media?parent=185802"}],"wp:term":[{"taxonomy":"category","embeddable":true,"href":"https:\/\/www.enerjigazetesi.ist\/en\/wp-json\/wp\/v2\/categories?post=185802"},{"taxonomy":"post_tag","embeddable":true,"href":"https:\/\/www.enerjigazetesi.ist\/en\/wp-json\/wp\/v2\/tags?post=185802"}],"curies":[{"name":"wp","href":"https:\/\/api.w.org\/{rel}","templated":true}]}}