{"id":185731,"date":"2024-03-14T14:50:24","date_gmt":"2024-03-14T11:50:24","guid":{"rendered":"https:\/\/www.enerjigazetesi.ist\/?p=185731"},"modified":"2024-03-14T14:50:56","modified_gmt":"2024-03-14T11:50:56","slug":"henkel-surdurulebilirlik-hedeflerine-guclu-bir-sekilde-ilerliyor","status":"publish","type":"post","link":"https:\/\/www.enerjigazetesi.ist\/en\/henkel-surdurulebilirlik-hedeflerine-guclu-bir-sekilde-ilerliyor\/","title":{"rendered":"(Turkish) &#8217;Henkel&#8217; S\u00fcrd\u00fcr\u00fclebilirlik Hedeflerine G\u00fc\u00e7l\u00fc Bir \u015eekilde \u0130lerliyor"},"content":{"rendered":"<p class=\"qtranxs-available-languages-message qtranxs-available-languages-message-en\">Sorry, this entry is only available in <a href=\"https:\/\/www.enerjigazetesi.ist\/tr\/wp-json\/wp\/v2\/posts\/185731\" class=\"qtranxs-available-language-link qtranxs-available-language-link-tr\" title=\"Turkish\">Turkish<\/a>. For the sake of viewer convenience, the content is shown below in the alternative language. You may click the link to switch the active language.<\/p><p><\/p>\n<h2>\u201c2030+ S\u00fcrd\u00fcr\u00fclebilirlik Hedefi \u00c7er\u00e7evesi\u201d, Henkel&#8217;in \u00e7evre, sosyal ve y\u00f6neti\u015fim alanlar\u0131nda izleyece\u011fi global s\u00fcrd\u00fcr\u00fclebilirlik yolu i\u00e7in net hedefler ve ama\u00e7lar tan\u0131ml\u0131yor. Henkel, ge\u00e7ti\u011fimiz y\u0131l iklim alan\u0131nda \u00f6nemli geli\u015fmeler kaydederek \u00fcretimdeki toplam karbondioksit <strong>sal\u0131n\u0131mlar\u0131n\u0131 metrik ton \u00fcr\u00fcn ba\u015f\u0131na (2010 baz y\u0131l\u0131na k\u0131yasla) y\u00fczde 61<\/strong> oran\u0131nda azalt\u0131rken, <strong>yenilenebilir kaynaklardan sat\u0131n ald\u0131\u011f\u0131 elektri\u011fin pay\u0131n\u0131 da y\u00fczde 89<\/strong> seviyesine \u00e7\u0131kard\u0131.<\/h2>\n<p>2023 y\u0131l\u0131nda toplamda <strong>14 tesiste daha karbon-n\u00f6tr \u00fcretime ge\u00e7ildi<\/strong>. Henkel, <strong>ham madde ve ambalaj kaynakl\u0131 karbondioksit sal\u0131n\u0131mlar\u0131n\u0131<\/strong> (2017 baz y\u0131l\u0131na k\u0131yasla bir ton \u00fcr\u00fcn ba\u015f\u0131na) <strong>y\u00fczde 17 oran\u0131nda azaltarak<\/strong>, t\u00fcm sal\u0131n\u0131m kategorilerinde net s\u0131f\u0131r hedefine biraz daha yakla\u015ft\u0131.<\/p>\n<p><strong><img loading=\"lazy\" class=\"alignright wp-image-185734\" src=\"https:\/\/www.enerjigazetesi.ist\/wp-content\/uploads\/2024\/03\/henkel-surdurulebilirlik-hedeflerine-guclu-bir-sekilde-ilerliyor-1.jpg\" alt=\"\" width=\"320\" height=\"228\" srcset=\"https:\/\/www.enerjigazetesi.ist\/wp-content\/uploads\/2024\/03\/henkel-surdurulebilirlik-hedeflerine-guclu-bir-sekilde-ilerliyor-1.jpg 550w, https:\/\/www.enerjigazetesi.ist\/wp-content\/uploads\/2024\/03\/henkel-surdurulebilirlik-hedeflerine-guclu-bir-sekilde-ilerliyor-1-300x214.jpg 300w, https:\/\/www.enerjigazetesi.ist\/wp-content\/uploads\/2024\/03\/henkel-surdurulebilirlik-hedeflerine-guclu-bir-sekilde-ilerliyor-1-500x356.jpg 500w, https:\/\/www.enerjigazetesi.ist\/wp-content\/uploads\/2024\/03\/henkel-surdurulebilirlik-hedeflerine-guclu-bir-sekilde-ilerliyor-1-70x50.jpg 70w\" sizes=\"(max-width: 320px) 100vw, 320px\" \/>Henkel CEO\u2019su Carsten Knobel<\/strong> konuyla ilgili g\u00f6r\u00fc\u015flerini \u015fu s\u00f6zlerle payla\u015ft\u0131: <em>\u201cS\u00fcrd\u00fcr\u00fclebilirlik, \u2018Amaca Y\u00f6nelik B\u00fcy\u00fcme G\u00fcndemi\u2019mizin temel unsurlar\u0131ndan biridir. \u00d6zellikle bu gibi zorlu zamanlarda, s\u00fcrd\u00fcr\u00fclebilir eylem her zamankinden daha fazla \u00f6nem ta\u015f\u0131yor. Bu nedenle s\u00fcrd\u00fcr\u00fclebilirlik hedeflerimizi hayata ge\u00e7irmek i\u00e7in durmaks\u0131z\u0131n \u00e7al\u0131\u015f\u0131yoruz. 2023 y\u0131l\u0131nda kaydetti\u011fimiz ilerlemeden b\u00fcy\u00fck gurur duyuyorum. \u00d6nde gelen d\u0131\u015f ESG derecelendirmelerinde elde etti\u011fimiz \u00fcst d\u00fczey sonu\u00e7lar, \u00f6rne\u011fin tekrarlanan EcoVadis Platinum ba\u015far\u0131s\u0131, do\u011fru yolda oldu\u011fumuzu ve ilerlememizin takdir edildi\u011fini g\u00f6steriyor.\u201d<\/em><\/p>\n<p>Henkel&#8217;in \u00f6nemli hedeflerinden biri de d\u00f6ng\u00fcsel ekonomiyi te\u015fvik etmek. Henkel, <strong>t\u00fcketici \u00fcr\u00fcnlerinin ambalajlar\u0131nda kullan\u0131lan geri d\u00f6n\u00fc\u015ft\u00fcr\u00fclm\u00fc\u015f plasti\u011fin pay\u0131n\u0131 d\u00fcnya genelinde y\u00fczde 19&#8217;a y\u00fckseltti<\/strong>.<strong> Persil<\/strong> \u00f6rne\u011finde oldu\u011fu gibi, <strong>Avrupa&#8217;daki s\u0131v\u0131 deterjanlar portf\u00f6y\u00fcn\u00fcn<\/strong> tamam\u0131nda <strong>geri d\u00f6n\u00fc\u015ft\u00fcr\u00fclm\u00fc\u015f i\u00e7erik seviyesinin iki kat\u0131na \u00e7\u0131kar\u0131larak y\u00fczde 50<\/strong> seviyesine getirilmesi, bu konudaki \u00f6nemli \u00f6rne\u011fi ifade ediyor.<\/p>\n<p>\u00c7e\u015fitlilik, e\u015fitlik ve kapsay\u0131c\u0131l\u0131k alan\u0131nda Henkel, di\u011fer konular\u0131n yan\u0131nda, 2025 y\u0131l\u0131na kadar t\u00fcm y\u00f6netim kademelerinde cinsiyet e\u015fitli\u011fini sa\u011flama amac\u0131n\u0131 g\u00fcd\u00fcyor. Ge\u00e7en y\u0131l, <strong>y\u00f6netici pozisyonundaki kad\u0131nlar\u0131n oran\u0131 y\u00fczde 39,5&#8217;e y\u00fckseldi. <\/strong>Henkel, daha fazla e\u015fitlik ve aile dostu olmaya y\u00f6nelik bir \u015firket olma yolunda, <strong>cinsiyetten ba\u011f\u0131ms\u0131z ebeveyn izni program\u0131n\u0131 ba\u015flatt\u0131.<\/strong> Yeni politika, d\u00fcnya genelindeki t\u00fcm \u00e7al\u0131\u015fanlar i\u00e7in <strong>sekiz haftal\u0131k y\u00fczde 100 \u00fccretli ebeveyn iznini<\/strong> garanti ediyor.<\/p>\n<h3><strong>Global Ba\u011fl\u0131l\u0131k Program\u0131n\u0131n Kapsam\u0131 Geni\u015fletildi<\/strong><\/h3>\n<p>Henkel, 2022 y\u0131l\u0131nda global olarak ba\u015flatt\u0131\u011f\u0131 <strong>&#8220;Sustainability at Heart&#8221; program\u0131n\u0131n<\/strong> bir par\u00e7as\u0131 olarak, \u00e7al\u0131\u015fanlar\u0131n\u0131n s\u00fcrd\u00fcr\u00fclebilirli\u011fe olan ba\u011fl\u0131l\u0131\u011f\u0131n\u0131 daha da te\u015fvik etmeyi ama\u00e7l\u0131yor. \u015eirket bu maksatla 2023 y\u0131l\u0131nda <strong>sundu\u011fu e\u011fitimlerin kapsam\u0131n\u0131 geni\u015fletti.<\/strong> <strong>Halihaz\u0131rda 10.000&#8217;den fazla \u00e7al\u0131\u015fan<\/strong>, bir\u00e7ok dilde e-e\u011fitime ve \u00fcretimde \u00e7al\u0131\u015fanlar i\u00e7in yeni geli\u015ftirilen bir format \u015feklinde mevcut olan <strong>temel e\u011fitime kat\u0131ld\u0131<\/strong>. Ayr\u0131ca detayl\u0131 e\u011fitim programlar\u0131n\u0131n yan\u0131 s\u0131ra, \u00e7al\u0131\u015fanlara kendi s\u00fcrd\u00fcr\u00fclebilirlik fikirleri \u00fczerinde \u00e7al\u0131\u015fma f\u0131rsat\u0131 veren yeni bir <strong>S\u00fcrd\u00fcr\u00fclebilirlik \u0130nk\u00fcbat\u00f6r Laboratuvar\u0131<\/strong> da bulunuyor.<\/p>","protected":false},"excerpt":{"rendered":"<p>Sorry, this entry is only available in Turkish. For the sake of viewer convenience, the content is shown below in the alternative language. You may click the link to switch the active language. \u201c2030+ S\u00fcrd\u00fcr\u00fclebilirlik Hedefi \u00c7er\u00e7evesi\u201d, Henkel&#8217;in \u00e7evre, sosyal ve y\u00f6neti\u015fim alanlar\u0131nda izleyece\u011fi global s\u00fcrd\u00fcr\u00fclebilirlik yolu i\u00e7in net hedefler ve ama\u00e7lar tan\u0131ml\u0131yor. Henkel, ge\u00e7ti\u011fimiz [&hellip;]<\/p>\n","protected":false},"author":1,"featured_media":185733,"comment_status":"open","ping_status":"open","sticky":false,"template":"","format":"standard","meta":[],"categories":[53,52,49,50],"tags":[111766,12,112930,69455,112931,105],"views":27,"_links":{"self":[{"href":"https:\/\/www.enerjigazetesi.ist\/en\/wp-json\/wp\/v2\/posts\/185731"}],"collection":[{"href":"https:\/\/www.enerjigazetesi.ist\/en\/wp-json\/wp\/v2\/posts"}],"about":[{"href":"https:\/\/www.enerjigazetesi.ist\/en\/wp-json\/wp\/v2\/types\/post"}],"author":[{"embeddable":true,"href":"https:\/\/www.enerjigazetesi.ist\/en\/wp-json\/wp\/v2\/users\/1"}],"replies":[{"embeddable":true,"href":"https:\/\/www.enerjigazetesi.ist\/en\/wp-json\/wp\/v2\/comments?post=185731"}],"version-history":[{"count":0,"href":"https:\/\/www.enerjigazetesi.ist\/en\/wp-json\/wp\/v2\/posts\/185731\/revisions"}],"wp:featuredmedia":[{"embeddable":true,"href":"https:\/\/www.enerjigazetesi.ist\/en\/wp-json\/wp\/v2\/media\/185733"}],"wp:attachment":[{"href":"https:\/\/www.enerjigazetesi.ist\/en\/wp-json\/wp\/v2\/media?parent=185731"}],"wp:term":[{"taxonomy":"category","embeddable":true,"href":"https:\/\/www.enerjigazetesi.ist\/en\/wp-json\/wp\/v2\/categories?post=185731"},{"taxonomy":"post_tag","embeddable":true,"href":"https:\/\/www.enerjigazetesi.ist\/en\/wp-json\/wp\/v2\/tags?post=185731"}],"curies":[{"name":"wp","href":"https:\/\/api.w.org\/{rel}","templated":true}]}}