{"id":185711,"date":"2024-03-13T18:21:19","date_gmt":"2024-03-13T15:21:19","guid":{"rendered":"https:\/\/www.enerjigazetesi.ist\/?p=185711"},"modified":"2024-03-13T18:22:24","modified_gmt":"2024-03-13T15:22:24","slug":"tofasin-hedefi-2030-yilinda-yuzde-50-karbon-azaltimi","status":"publish","type":"post","link":"https:\/\/www.enerjigazetesi.ist\/en\/tofasin-hedefi-2030-yilinda-yuzde-50-karbon-azaltimi\/","title":{"rendered":"(Turkish) &#8217;Tofa\u015f\u2019\u0131n Hedefi 2030 Y\u0131l\u0131nda Y\u00fczde 50 Karbon Azalt\u0131m\u0131"},"content":{"rendered":"<p class=\"qtranxs-available-languages-message qtranxs-available-languages-message-en\">Sorry, this entry is only available in <a href=\"https:\/\/www.enerjigazetesi.ist\/tr\/wp-json\/wp\/v2\/posts\/185711\" class=\"qtranxs-available-language-link qtranxs-available-language-link-tr\" title=\"Turkish\">Turkish<\/a>. For the sake of viewer convenience, the content is shown below in the alternative language. You may click the link to switch the active language.<\/p><p><\/p>\n<h2>Tofa\u015f, 2023 y\u0131l\u0131 faaliyet raporunu yay\u0131nlad\u0131. \u015eirket, ge\u00e7ti\u011fimiz y\u0131l ba\u015far\u0131l\u0131 finansal ve faaliyet sonu\u00e7lar\u0131na ula\u015f\u0131rken, Ar-Ge, dijital d\u00f6n\u00fc\u015f\u00fcm, mobilite hizmetleri ve \u00e7al\u0131\u015fanlar\u0131n\u0131n yetkinlik geli\u015fimine olan yat\u0131r\u0131mlar\u0131na devam devam etti.<\/h2>\n<p>Raporda; ekonomideki ko\u015fullar\u0131n yan\u0131 s\u0131ra teknolojik geli\u015fmelerle birlikte otomotiv d\u00fcnyas\u0131n\u0131n h\u0131zl\u0131 de\u011fi\u015fmeye devam etti\u011fi ve, yo\u011fun rekabetin ya\u015fand\u0131\u011f\u0131 2023 y\u0131l\u0131nda Tofa\u015f\u2019\u0131n <strong>s\u00fcrd\u00fcr\u00fclebilir Kalk\u0131nma Hedefleri<\/strong> kapsam\u0131nda, ekonomik de\u011fer yaratmaya, toplumsal geli\u015fimi <strong>destekleyici projeler \u00fcretmeye, \u00e7evresel, sosyal ve y\u00f6netsel performans\u0131 s\u00fcrekli iyile\u015ftirerek<\/strong> payda\u015flar\u0131 i\u00e7in yarat\u0131lan de\u011feri art\u0131rmaya devam edilece\u011fi\u201d vurgusu yap\u0131ld\u0131.<\/p>\n<h3><strong>Ko\u00e7 Holding ve Tofa\u015f Y\u00f6netim Kurulu Ba\u015fkan\u0131 \u00d6mer M. Ko\u00e7:<em> \u201cTofa\u015f, Sekt\u00f6r Liderli\u011fini 5\u2019inci Y\u0131la Ta\u015f\u0131d\u0131\u201d<\/em><\/strong><\/h3>\n<p><strong>Ko\u00e7 Holding ve Tofa\u015f Y\u00f6netim Kurulu Ba\u015fkan\u0131 \u00d6mer M. Ko\u00e7<\/strong>, faaliyet raporunda yapt\u0131\u011f\u0131 de\u011ferlendirmede, Cumhuriyetin 100\u2019\u00fcnc\u00fc ya\u015f\u0131n\u0131 ge\u00e7ti\u011fimiz y\u0131l b\u00fcy\u00fck bir mutluluk ve gururla kutlad\u0131klar\u0131n\u0131 vurgulad\u0131. <strong>Ko\u00e7<\/strong>, Cumhuriyetle neredeyse ya\u015f\u0131t bir topluluk olarak, kurumsal ilke olarak benimsedikleri, Vehbi Ko\u00e7\u2019un <strong>\u201c\u00dclkem varsa ben de var\u0131m; demokrasi varsa hepimiz var\u0131z\u201d<\/strong> <img loading=\"lazy\" class=\"alignright wp-image-185714 size-full\" src=\"https:\/\/www.enerjigazetesi.ist\/wp-content\/uploads\/2024\/03\/Koc-Holding-ve-Tofas-Yonetim-Kurulu-Baskani-Omer-M.-Koc_110436334.jpg\" alt=\"\" width=\"320\" height=\"324\" srcset=\"https:\/\/www.enerjigazetesi.ist\/wp-content\/uploads\/2024\/03\/Koc-Holding-ve-Tofas-Yonetim-Kurulu-Baskani-Omer-M.-Koc_110436334.jpg 320w, https:\/\/www.enerjigazetesi.ist\/wp-content\/uploads\/2024\/03\/Koc-Holding-ve-Tofas-Yonetim-Kurulu-Baskani-Omer-M.-Koc_110436334-296x300.jpg 296w, https:\/\/www.enerjigazetesi.ist\/wp-content\/uploads\/2024\/03\/Koc-Holding-ve-Tofas-Yonetim-Kurulu-Baskani-Omer-M.-Koc_110436334-49x50.jpg 49w, https:\/\/www.enerjigazetesi.ist\/wp-content\/uploads\/2024\/03\/Koc-Holding-ve-Tofas-Yonetim-Kurulu-Baskani-Omer-M.-Koc_110436334-100x100.jpg 100w\" sizes=\"(max-width: 320px) 100vw, 320px\" \/>s\u00f6zleri do\u011frultusunda \u00e7a\u011fda\u015f Cumhuriyet de\u011ferlerinin savunucusu ve hizmetk\u00e2r\u0131 olmaya devam edeceklerini kaydetti. <strong>Ko\u00e7<\/strong>, \u015eubat ay\u0131nda meydana gelen b\u00fcy\u00fck depremde yitirilen on binlerce yurtta\u015f\u0131m\u0131z\u0131n ac\u0131s\u0131n\u0131 asla unutmayacaklar\u0131n\u0131 s\u00f6yleyerek, b\u00f6lgeye destek vermeyi s\u00fcrd\u00fcreceklerini de belirtti.<\/p>\n<p>T\u00fcrkiye otomotiv sekt\u00f6r\u00fcn\u00fcn Cumhuriyet tarihi rekorunu k\u0131rd\u0131\u011f\u0131n\u0131 hat\u0131rlatan<strong> \u00d6mer M. Ko\u00e7<\/strong>, pazar\u0131n 2023 y\u0131l\u0131nda, bir \u00f6nceki y\u0131la g\u00f6re toplamda y\u00fczde 9 art\u0131\u015fla 1 milyon 468 bin 393 adet \u00fcretim seviyesine ula\u015ft\u0131\u011f\u0131na dikkat \u00e7ekti. Ko\u00e7, \u015fu de\u011ferlendirmelerde bulundu:<em> \u201cOtomotiv sanayimizin en g\u00fc\u00e7l\u00fc oyuncular\u0131ndan biri olan Tofa\u015f, 2023 y\u0131l\u0131nda da ba\u015far\u0131l\u0131 performans\u0131n\u0131 s\u00fcrd\u00fcrd\u00fc. 55\u2019inci kurulu\u015f y\u0131l\u0131n\u0131 geride b\u0131rakan Tofa\u015f, 2023 y\u0131l\u0131nda 7 milyonuncu arac\u0131n\u0131 \u00fcretirken, 240 bin adetle \u00fclkemiz otomotiv \u00fcretiminin y\u00fczde 16\u2019s\u0131n\u0131 ger\u00e7ekle\u015ftirdi ve 60 bin adetlik ihracat yapt\u0131.T\u00fcrkiye binek ve hafif ticari ara\u00e7 pazar\u0131nda y\u00fczde 16,2 pay elde eden Tofa\u015f, Fiat markas\u0131yla sekt\u00f6r liderli\u011fini 5\u2019inci y\u0131la ta\u015f\u0131rken, t\u00fcm markalar\u0131m\u0131z da kayda de\u011fer bir pazar b\u00fcy\u00fcmesi elde etti. Tofa\u015f, h\u0131zla de\u011fi\u015fen dinamikleri y\u00f6netme kabiliyeti, s\u00fcrd\u00fcr\u00fclebilirlik yakla\u015f\u0131m\u0131yla geli\u015ftirdi\u011fi kurumsal yetkinlikleri, istikrarl\u0131 yat\u0131r\u0131mlar\u0131 ve rekabet\u00e7ili\u011fiyle gelece\u011fe emin ad\u0131mlarla y\u00fcr\u00fcyor. Dijital d\u00f6n\u00fc\u015f\u00fcm inovasyon, \u00e7evik y\u00f6netim ve karbon d\u00f6n\u00fc\u015f\u00fcm\u00fc gibi birbirini tamamlayan programlarla yar\u0131nlara haz\u0131rlan\u0131yor\u201d<\/em> diye konu\u015ftu.<\/p>\n<h3><strong>Stellantis ile Stratejik \u0130\u015f Birli\u011fine Vurgu<\/strong><\/h3>\n<p>Ko\u00e7, 2023 y\u0131l\u0131n\u0131n Mart ay\u0131nda Ko\u00e7 Holding ile Stellantis Grubu aras\u0131nda imzalanan \u00e7er\u00e7eve anla\u015fma ve Temmuz ay\u0131nda Tofa\u015f ile Stellantis T\u00fcrkiye aras\u0131ndaki sat\u0131n alma anla\u015fmas\u0131 oldu\u011funu da s\u00f6zlerine ekleyerek, <em>\u201c\u00c7ok \u00f6nemli bu stratejik i\u015f birli\u011fi, Ko\u00e7 Holding ve Stellantis\u2019in \u00fclkemizin gelece\u011fine olan b\u00fcy\u00fck g\u00fcvenlerinin g\u00fc\u00e7l\u00fc bir teyididir. Rekabet Kurumu onay\u0131 da d\u00e2hil olmak \u00fczere, d\u00fczenleyici onaylara t\u00e2bi olan bu i\u015flemin 2024 y\u0131l\u0131nda tamamlanmas\u0131n\u0131 umuyoruz\u201d<\/em> dedi.<\/p>\n<h3><strong>\u201cTofa\u015f 2023\u2019te de B\u00fcy\u00fcmesini S\u00fcrd\u00fcrd\u00fc\u201d<\/strong><\/h3>\n<p><strong>Tofa\u015f Y\u00f6netim Kurulu \u00dcyesi ve CEO\u2019su Cengiz Eroldu<\/strong> ise Tofa\u015f olarak T\u00fcrkiye otomobil ve hafif ticari ara\u00e7 pazar\u0131ndaki be\u015f marka ile 200 bin 204 sat\u0131\u015f adedi ile pazar liderli\u011fini s\u00fcrd\u00fcrd\u00fcklerine ve Tofa\u015f\u2019\u0131n temsil etti\u011fi markalarla t\u00fcm segmentlerde ba\u015far\u0131l\u0131 sonu\u00e7lar elde etti\u011fini de s\u00f6yledi. <strong>Eroldu<\/strong> <img loading=\"lazy\" class=\"alignleft wp-image-185715\" src=\"https:\/\/www.enerjigazetesi.ist\/wp-content\/uploads\/2024\/03\/Tofas-CEOsu-Cengiz-Eroldu_110436712.jpg\" alt=\"\" width=\"320\" height=\"329\" srcset=\"https:\/\/www.enerjigazetesi.ist\/wp-content\/uploads\/2024\/03\/Tofas-CEOsu-Cengiz-Eroldu_110436712.jpg 383w, https:\/\/www.enerjigazetesi.ist\/wp-content\/uploads\/2024\/03\/Tofas-CEOsu-Cengiz-Eroldu_110436712-292x300.jpg 292w, https:\/\/www.enerjigazetesi.ist\/wp-content\/uploads\/2024\/03\/Tofas-CEOsu-Cengiz-Eroldu_110436712-49x50.jpg 49w\" sizes=\"(max-width: 320px) 100vw, 320px\" \/><em>\u201cTofa\u015f\u2019ta geli\u015ftirerek, \u00fcretti\u011fimiz ve 2023\u2019te T\u00fcrkiye pazar\u0131ndaki 500 bininci sat\u0131\u015f\u0131 ger\u00e7ekle\u015fen Egea\u2019n\u0131n, yenilenen versiyonlar\u0131yla 8 y\u0131ld\u0131r \u00fclkemizin en \u00e7ok tercih edilen otomobili olmas\u0131 hepimizi bir kez daha gururland\u0131r\u0131rken, tasar\u0131m ve teknolojinin ayr\u0131cal\u0131klar\u0131na geni\u015f kitlelerin ula\u015fabilece\u011fini bir kez daha ispatlad\u0131. Fiat markas\u0131n\u0131n elektrikli ara\u00e7 yolculu\u011funun ilk kilometre ta\u015f\u0131 olan 500e \u00fclkemizde ilgi g\u00f6rd\u00fc. E-Dobl\u00f2 ve E-Scudo modelleri ile hafif ticari ara\u00e7 pazar\u0131nda elektrifikasyon kapsam\u0131nda \u00f6nemli bir ad\u0131m at\u0131ld\u0131. Premium markalar\u0131m\u0131zdaki b\u00fcy\u00fcmenin dikkat \u00e7ekti\u011fi 2023 y\u0131l\u0131nda; Jeep sat\u0131\u015flar\u0131nda y\u00fczde 50 art\u0131\u015f sa\u011fland\u0131. Jeep Renegade ve Compass e-Hybrid modellerinin yan\u0131s\u0131ra, Avrupa\u2019da y\u0131l\u0131n otomobili se\u00e7ilen \u00e7evreci SUV Avenger\u2019\u0131 da sat\u0131\u015fa sunduk. Tonale&#8217;nin Plug-in Hybrid Q4 versiyonu ile Giulia ve Stelvio\u2019nun yenilenen versiyonlar\u0131n\u0131n pazara sunuldu\u011fu Alfa Romeo markam\u0131zda da sat\u0131\u015flar\u0131m\u0131z\u0131 3 kat\u0131na \u00e7\u0131kard\u0131k. L\u00fcks segmentte \u00f6nemli yeri olan Maserati markam\u0131z\u0131n sat\u0131\u015flar\u0131nda son 3 y\u0131lda 12 kat art\u0131\u015f ger\u00e7ekle\u015firken, 2023 sat\u0131\u015flar\u0131 600 adedi ge\u00e7ti. T\u00fcm bu operasyonel verilerin \u0131\u015f\u0131\u011f\u0131nda, \u015eirketimizin gelirleri bir \u00f6nceki y\u0131la g\u00f6re y\u00fczde 3, net kar\u0131 da y\u00fczde 61 art\u0131\u015f g\u00f6sterdi\u201d<\/em> dedi.<\/p>\n<h3><strong>\u201cAr-ge, \u0130novasyon ve Teknolojik Kabiliyetlerimiz \u0130tici G\u00fcc\u00fcm\u00fcz\u201d<\/strong><\/h3>\n<p><strong>Cengiz Eroldu<\/strong>, Tofa\u015f\u2019\u0131n Stellantis Grubu b\u00fcnyesinde yeni ara\u00e7 geli\u015ftirme yetkinli\u011fine ve sorumlulu\u011funa sahip ileri Ar-Ge merkezlerinden birine sahip oldu\u011funu ve T\u00fcrkiye\u2019nin en \u00e7ok Ar-Ge harcamas\u0131 yapan \u015firketlerinden biri konumunda bulundu\u011funu kaydetti. Tofa\u015f\u2019\u0131n k\u00fcresel otomotiv yaz\u0131l\u0131m\u0131 alan\u0131ndaki ihtiya\u00e7lara yan\u0131t vermek \u00fczere faaliyet kapsam\u0131n\u0131 ve Ar-Ge ekosistemini geni\u015fletmeyi, Ar-Ge ihracat\u0131n\u0131 art\u0131rmay\u0131 hedefledi\u011fini s\u00f6yleyen Eroldu, <em>\u201c32 Avrupa Birli\u011fi projesinin 2023 y\u0131l sonu itibariyle 21\u2019ini tamamlayan Ar-Ge Merkezimiz, 2023 y\u0131l\u0131nda 8 yeni projenin kabul\u00fcn\u00fc de alarak devam eden proje say\u0131s\u0131n\u0131 19\u2018a \u00e7\u0131kard\u0131. Dijital optimizasyon uygulamalar\u0131yla ak\u0131ll\u0131 fabrikaya y\u00f6nelik \u00e7al\u0131\u015fmalar kapsam\u0131nda, Son 5 y\u0131lda dijitalle\u015fme alan\u0131nda 1.700\u2019\u00fc a\u015fk\u0131n proje ger\u00e7ekle\u015ftirdik. Tofa\u015f\u2019ta geli\u015ftirdi\u011fimiz T\u00fcrkiye&#8217;nin ilk ve en kapsaml\u0131 ba\u011flanabilirlik uygulamas\u0131 Fiat Connect\u2019i yeni fonksiyonlar ile zenginle\u015ftirerek, m\u00fc\u015fterilerimize ek faydalar sa\u011flad\u0131k. Connect uygulamas\u0131n\u0131 2024 y\u0131l\u0131nda b\u00fcnyemizdeki di\u011fer markalar\u0131m\u0131zda kullan\u0131labilir hale getirerek, bu teknolojiyi daha geni\u015f kitlelerle bulu\u015fturmay\u0131 planl\u0131yoruz\u201d<\/em> dedi.<\/p>\n<h3><strong>\u201cTofa\u015f\u2019\u0131n Hedefi 2030 Y\u0131l\u0131nda Y\u00fczde 50 Karbon Azalt\u0131m\u0131\u201d<\/strong><\/h3>\n<p>Eroldu, Tofa\u015f\u2019\u0131n a\u011f\u0131rl\u0131kla enerji verimlili\u011fi projeleri, g\u00fcne\u015f enerjisi \u00fcretimi ve kullan\u0131m\u0131 ile <strong>Kapsam 1 ve 2 toplam\u0131nda<\/strong> 2030\u2019a kadar <strong>y\u00fczde 50<\/strong> karbon azalt\u0131m\u0131n\u0131 hedefledi\u011fini de kaydederek s\u00f6zlerine \u015f\u00f6yle devam etti; <em>&#8220;2050 y\u0131l\u0131nda da net s\u0131f\u0131r karbon olmay\u0131 hedefliyoruz. Ko\u00e7 Holding\u2019in iklim kriziyle m\u00fccadele yolunda ba\u015flatt\u0131\u011f\u0131, somut ve uygulanabilir ad\u0131mlar\u0131 i\u00e7eren <strong>Karbon D\u00f6n\u00fc\u015f\u00fcm Program\u0131<\/strong>\u2019n\u0131n bir par\u00e7as\u0131 olarak, iklim krizinin olumsuz etkilerini ortadan kald\u0131rmay\u0131 hedefleyen uluslararas\u0131 <strong>\u201cBilim Temelli Hedefler Giri\u015fimi\u2019ne<\/strong> dahil olduk. Otomotiv sanayinin ya\u015fad\u0131\u011f\u0131 d\u00f6n\u00fc\u015f\u00fcmde Tofa\u015f olarak \u00fclkemizin \u00f6nde gelen oyuncusu olmaya devam edece\u011fiz. Stellantis grubunun en iyi 3 fabrikas\u0131ndan biri olarak<strong> i\u015f g\u00fcvenli\u011fi, kalite ve verimlilik<\/strong> gibi g\u00f6stergelerde de en \u00f6n s\u0131ralarda yer al\u0131rken, t\u00fcm \u00e7al\u0131\u015fanlar\u0131m\u0131z i\u00e7in <strong>g\u00fcvenli, sa\u011fl\u0131kl\u0131, \u00f6\u011frenmeyi ve geli\u015fimi destekleyen<\/strong> bir i\u015f ortam\u0131 yaratmay\u0131 temel sorumluluklar\u0131m\u0131zdan biri kabul ediyoruz. Di\u011fer taraftan gen\u00e7 nesillerin <strong>sa\u011fl\u0131kl\u0131<\/strong> ve <strong>donan\u0131ml\u0131 yeti\u015fmesini<\/strong> destekleyen<strong> spor ve e\u011fitim<\/strong> alanlar\u0131ndaki projelerimiz toplumsal geli\u015fime katk\u0131 ad\u0131na \u00f6nceli\u011fini de koruyor.&#8221;<\/em> diyerek s\u00f6zlerine son verdi.<\/p>\n<p><strong>Tofa\u015f 2023 Faaliyet Raporu\u2019nu detayl\u0131 incelemek i\u00e7in: <\/strong><a href=\"https:\/\/www.tofas.com.tr\/\" target=\"_blank\" rel=\"noopener\">www.tofas.com.tr\/<\/a>\u00a0adresini ziyaret edebilirsiniz.<\/p>","protected":false},"excerpt":{"rendered":"<p>Sorry, this entry is only available in Turkish. For the sake of viewer convenience, the content is shown below in the alternative language. You may click the link to switch the active language. Tofa\u015f, 2023 y\u0131l\u0131 faaliyet raporunu yay\u0131nlad\u0131. \u015eirket, ge\u00e7ti\u011fimiz y\u0131l ba\u015far\u0131l\u0131 finansal ve faaliyet sonu\u00e7lar\u0131na ula\u015f\u0131rken, Ar-Ge, dijital d\u00f6n\u00fc\u015f\u00fcm, mobilite hizmetleri ve \u00e7al\u0131\u015fanlar\u0131n\u0131n [&hellip;]<\/p>\n","protected":false},"author":1,"featured_media":185716,"comment_status":"open","ping_status":"open","sticky":false,"template":"","format":"standard","meta":[],"categories":[53,52,49,157],"tags":[112924,2059,31910,614,112923,97283,1609,68052,98742,14654,11434,7874],"views":33,"_links":{"self":[{"href":"https:\/\/www.enerjigazetesi.ist\/en\/wp-json\/wp\/v2\/posts\/185711"}],"collection":[{"href":"https:\/\/www.enerjigazetesi.ist\/en\/wp-json\/wp\/v2\/posts"}],"about":[{"href":"https:\/\/www.enerjigazetesi.ist\/en\/wp-json\/wp\/v2\/types\/post"}],"author":[{"embeddable":true,"href":"https:\/\/www.enerjigazetesi.ist\/en\/wp-json\/wp\/v2\/users\/1"}],"replies":[{"embeddable":true,"href":"https:\/\/www.enerjigazetesi.ist\/en\/wp-json\/wp\/v2\/comments?post=185711"}],"version-history":[{"count":0,"href":"https:\/\/www.enerjigazetesi.ist\/en\/wp-json\/wp\/v2\/posts\/185711\/revisions"}],"wp:featuredmedia":[{"embeddable":true,"href":"https:\/\/www.enerjigazetesi.ist\/en\/wp-json\/wp\/v2\/media\/185716"}],"wp:attachment":[{"href":"https:\/\/www.enerjigazetesi.ist\/en\/wp-json\/wp\/v2\/media?parent=185711"}],"wp:term":[{"taxonomy":"category","embeddable":true,"href":"https:\/\/www.enerjigazetesi.ist\/en\/wp-json\/wp\/v2\/categories?post=185711"},{"taxonomy":"post_tag","embeddable":true,"href":"https:\/\/www.enerjigazetesi.ist\/en\/wp-json\/wp\/v2\/tags?post=185711"}],"curies":[{"name":"wp","href":"https:\/\/api.w.org\/{rel}","templated":true}]}}