{"id":185613,"date":"2024-03-12T16:03:43","date_gmt":"2024-03-12T13:03:43","guid":{"rendered":"https:\/\/www.enerjigazetesi.ist\/?p=185613"},"modified":"2024-03-12T16:08:38","modified_gmt":"2024-03-12T13:08:38","slug":"kilis-te-gunes-enerjisi-santrali-hizmete-girdi","status":"publish","type":"post","link":"https:\/\/www.enerjigazetesi.ist\/en\/kilis-te-gunes-enerjisi-santrali-hizmete-girdi\/","title":{"rendered":"(Turkish) &#8217;Kilis&#8217;te G\u00fcne\u015f Enerjisi Santrali Hizmete Girdi"},"content":{"rendered":"<p class=\"qtranxs-available-languages-message qtranxs-available-languages-message-en\">Sorry, this entry is only available in <a href=\"https:\/\/www.enerjigazetesi.ist\/tr\/wp-json\/wp\/v2\/posts\/185613\" class=\"qtranxs-available-language-link qtranxs-available-language-link-tr\" title=\"Turkish\">Turkish<\/a>. For the sake of viewer convenience, the content is shown below in the alternative language. You may click the link to switch the active language.<\/p><p><\/p>\n<header class=\"hbptHead\">\n<h2 class=\"description\">M\u00fclkiyeti Vak\u0131flar Genel M\u00fcd\u00fcrl\u00fc\u011f\u00fcne ait Kilis&#8217;te kurulan g\u00fcne\u015f enerjisi santralinin yap\u0131m\u0131 tamamland\u0131. Santralde y\u0131ll\u0131k 1 milyon 400 bin kilowatt\/saat elektrik \u00fcretilecek ve Vak\u0131flar Genel M\u00fcd\u00fcrl\u00fc\u011f\u00fcn\u00fcn tesislerinin elektrik ihtiyac\u0131n\u0131 kar\u015f\u0131layacak. Bu sayede Vak\u0131flar Genel M\u00fcd\u00fcrl\u00fc\u011f\u00fc y\u0131ll\u0131k 5 milyon lira tasarruf etmeyi hedefliyor.<\/h2>\n<\/header>\n<p><main class=\"mtm-20 hbptContent haber_metni\">M\u00fclkiyeti Vak\u0131flar Genel M\u00fcd\u00fcrl\u00fc\u011f\u00fcne ait\u00a0<strong>Kilis<\/strong>&#8216;te kurulan g\u00fcne\u015f enerjisi santralinin yap\u0131m\u0131 tamamland\u0131.<img loading=\"lazy\" class=\"alignright wp-image-185615\" src=\"https:\/\/www.enerjigazetesi.ist\/wp-content\/uploads\/2024\/03\/kilis-te-gunes-enerjisi-santrali-hizmete-girdi.jpg\" alt=\"\" width=\"320\" height=\"213\" srcset=\"https:\/\/www.enerjigazetesi.ist\/wp-content\/uploads\/2024\/03\/kilis-te-gunes-enerjisi-santrali-hizmete-girdi.jpg 550w, https:\/\/www.enerjigazetesi.ist\/wp-content\/uploads\/2024\/03\/kilis-te-gunes-enerjisi-santrali-hizmete-girdi-300x200.jpg 300w, https:\/\/www.enerjigazetesi.ist\/wp-content\/uploads\/2024\/03\/kilis-te-gunes-enerjisi-santrali-hizmete-girdi-500x333.jpg 500w, https:\/\/www.enerjigazetesi.ist\/wp-content\/uploads\/2024\/03\/kilis-te-gunes-enerjisi-santrali-hizmete-girdi-75x50.jpg 75w, https:\/\/www.enerjigazetesi.ist\/wp-content\/uploads\/2024\/03\/kilis-te-gunes-enerjisi-santrali-hizmete-girdi-450x300.jpg 450w\" sizes=\"(max-width: 320px) 100vw, 320px\" \/><\/main>Vak\u0131flar Genel M\u00fcd\u00fcrl\u00fc\u011f\u00fcnden yap\u0131lan a\u00e7\u0131klamaya g\u00f6re, hizmete ba\u015flayan <strong>Kilis Acar G\u00fcne\u015f Enerjisi Santrali<\/strong>&#8216;nde y\u0131ll\u0131k 1 milyon 400 bin kilowatt\/saat elektrik \u00fcretilecek.<\/p>\n<p>\u00dcretilen elektrik enerjisi ile Vak\u0131flar Genel M\u00fcd\u00fcrl\u00fc\u011f\u00fc&#8217;n\u00fcn <strong>Ankara&#8217;daki tesisleri, Ayasofya-i Kebir Cami-i \u015eerifi ve Ey\u00fcp \u0130marethanesi&#8217;nin<\/strong> t\u00fcketiminin kar\u015f\u0131lanmas\u0131 ama\u00e7lan\u0131yor.<\/p>\n<p>\u00dcretilen elektrik enerjisi ile g\u00fcncel tarifeler \u00fczerinden Vak\u0131flar Genel M\u00fcd\u00fcrl\u00fc\u011f\u00fcn\u00fcn y\u0131ll\u0131k <strong>5 milyon lira tasarruf etmesi<\/strong> sa\u011flanacak.<\/p>\n<p>G\u00fcne\u015f enerjisi santralin \u00f6mr\u00fcn\u00fcn <strong>25 y\u0131l<\/strong> oldu\u011fu d\u00fc\u015f\u00fcn\u00fcld\u00fc\u011f\u00fcnde tesis \u00f6mr\u00fc boyunca <strong>125 milyon lira tasarruf sa\u011flanmas\u0131<\/strong> bekleniliyor.<\/p>\n<p>Kaynak: <a href=\"https:\/\/www.haberler.com\/guncel\/kilis-te-gunes-enerjisi-santrali-hizmete-girdi-16914767-haberi\/\" target=\"_blank\" rel=\"noopener\">Haberler<\/a><\/p>","protected":false},"excerpt":{"rendered":"<p>Sorry, this entry is only available in Turkish. For the sake of viewer convenience, the content is shown below in the alternative language. You may click the link to switch the active language. M\u00fclkiyeti Vak\u0131flar Genel M\u00fcd\u00fcrl\u00fc\u011f\u00fcne ait Kilis&#8217;te kurulan g\u00fcne\u015f enerjisi santralinin yap\u0131m\u0131 tamamland\u0131. Santralde y\u0131ll\u0131k 1 milyon 400 bin kilowatt\/saat elektrik \u00fcretilecek ve [&hellip;]<\/p>\n","protected":false},"author":1,"featured_media":185615,"comment_status":"open","ping_status":"open","sticky":false,"template":"","format":"standard","meta":[],"categories":[53,49],"tags":[112878,2326,2569,2206,968,112877,112876,12644],"views":84,"_links":{"self":[{"href":"https:\/\/www.enerjigazetesi.ist\/en\/wp-json\/wp\/v2\/posts\/185613"}],"collection":[{"href":"https:\/\/www.enerjigazetesi.ist\/en\/wp-json\/wp\/v2\/posts"}],"about":[{"href":"https:\/\/www.enerjigazetesi.ist\/en\/wp-json\/wp\/v2\/types\/post"}],"author":[{"embeddable":true,"href":"https:\/\/www.enerjigazetesi.ist\/en\/wp-json\/wp\/v2\/users\/1"}],"replies":[{"embeddable":true,"href":"https:\/\/www.enerjigazetesi.ist\/en\/wp-json\/wp\/v2\/comments?post=185613"}],"version-history":[{"count":0,"href":"https:\/\/www.enerjigazetesi.ist\/en\/wp-json\/wp\/v2\/posts\/185613\/revisions"}],"wp:featuredmedia":[{"embeddable":true,"href":"https:\/\/www.enerjigazetesi.ist\/en\/wp-json\/wp\/v2\/media\/185615"}],"wp:attachment":[{"href":"https:\/\/www.enerjigazetesi.ist\/en\/wp-json\/wp\/v2\/media?parent=185613"}],"wp:term":[{"taxonomy":"category","embeddable":true,"href":"https:\/\/www.enerjigazetesi.ist\/en\/wp-json\/wp\/v2\/categories?post=185613"},{"taxonomy":"post_tag","embeddable":true,"href":"https:\/\/www.enerjigazetesi.ist\/en\/wp-json\/wp\/v2\/tags?post=185613"}],"curies":[{"name":"wp","href":"https:\/\/api.w.org\/{rel}","templated":true}]}}