{"id":185576,"date":"2024-03-11T18:22:46","date_gmt":"2024-03-11T15:22:46","guid":{"rendered":"https:\/\/www.enerjigazetesi.ist\/?p=185576"},"modified":"2024-03-11T18:22:46","modified_gmt":"2024-03-11T15:22:46","slug":"ilic-te-yasananlarin-hesabi-sorulmazsa-ayni-felaket-eskisehirde-de-yasanacaktir","status":"publish","type":"post","link":"https:\/\/www.enerjigazetesi.ist\/en\/ilic-te-yasananlarin-hesabi-sorulmazsa-ayni-felaket-eskisehirde-de-yasanacaktir\/","title":{"rendered":"(Turkish) \u0130li\u00e7\u2019te Ya\u015fananlar\u0131n Hesab\u0131 Sorulmazsa Ayn\u0131 Felaket Eski\u015fehir\u2019de de Ya\u015fanacakt\u0131r"},"content":{"rendered":"<p class=\"qtranxs-available-languages-message qtranxs-available-languages-message-en\">Sorry, this entry is only available in <a href=\"https:\/\/www.enerjigazetesi.ist\/tr\/wp-json\/wp\/v2\/posts\/185576\" class=\"qtranxs-available-language-link qtranxs-available-language-link-tr\" title=\"Turkish\">Turkish<\/a>. For the sake of viewer convenience, the content is shown below in the alternative language. You may click the link to switch the active language.<\/p><p><\/p>\n<h2>13 \u015eubat 2024 tarihinde Erzincan \u0130li\u00e7 s\u0131n\u0131rlar\u0131 i\u00e7erisinde T\u00fcrkiye tarihinin en b\u00fcy\u00fck \u00e7evre felaketlerinden biri ya\u015fanm\u0131\u015f olmas\u0131n\u0131 Eski\u015fehir \u00c7evre Koruma ve Geli\u015ftirme Derne\u011fi ( ES\u00c7EVDER ) olarak yak\u0131ndan takip etmekteyiz.<\/h2>\n<p style=\"text-align: center;\"><img loading=\"lazy\" class=\"aligncenter wp-image-185579\" src=\"https:\/\/www.enerjigazetesi.ist\/wp-content\/uploads\/2024\/03\/ilic-te-yasananlarin-hesabi-sorulmazsa-ayni-felaket-eskisehirde-de-yasanacaktir-1.jpg\" alt=\"\" width=\"500\" height=\"225\" srcset=\"https:\/\/www.enerjigazetesi.ist\/wp-content\/uploads\/2024\/03\/ilic-te-yasananlarin-hesabi-sorulmazsa-ayni-felaket-eskisehirde-de-yasanacaktir-1.jpg 550w, https:\/\/www.enerjigazetesi.ist\/wp-content\/uploads\/2024\/03\/ilic-te-yasananlarin-hesabi-sorulmazsa-ayni-felaket-eskisehirde-de-yasanacaktir-1-300x135.jpg 300w, https:\/\/www.enerjigazetesi.ist\/wp-content\/uploads\/2024\/03\/ilic-te-yasananlarin-hesabi-sorulmazsa-ayni-felaket-eskisehirde-de-yasanacaktir-1-500x225.jpg 500w, https:\/\/www.enerjigazetesi.ist\/wp-content\/uploads\/2024\/03\/ilic-te-yasananlarin-hesabi-sorulmazsa-ayni-felaket-eskisehirde-de-yasanacaktir-1-80x36.jpg 80w\" sizes=\"(max-width: 500px) 100vw, 500px\" \/><\/p>\n<p>Bir \u015firketin k\u00e2r\u0131 u\u011fruna hukuku, insan\u0131, ya\u015fam\u0131 ve do\u011fay\u0131 hi\u00e7e sayan \u00e7evre katliam\u0131na kar\u015f\u0131 meslek odalar\u0131 ve yurtta\u015flar taraf\u0131ndan yap\u0131lan onlarca ba\u015fvuru ve uyar\u0131ya kar\u015f\u0131n kamu g\u00f6revlilerinin g\u00f6revlerini yerine getirmekten ka\u00e7\u0131nd\u0131\u011f\u0131, \u015firketin kolland\u0131\u011f\u0131, uygulamalar\u0131na g\u00f6z yumuldu\u011fu ortaya \u00e7\u0131kt\u0131.<\/p>\n<p>Felaket halen sona ermi\u015f de\u011fildir. <strong>Anagold Madencilik Sanayi ve Ticaret A.\u015e<\/strong> halen b\u00f6lgede faaliyetine devam etmektedir. Milyonlarca ton tar\u0131m topra\u011f\u0131 siyan\u00fcr ve di\u011fer kimyasallarla zehirlenmi\u015f ve on y\u0131llarca kullan\u0131lamaz hale getirilmi\u015f, b\u00f6lgedeki k\u0131rsal i\u00e7me suyu kaynaklar\u0131n\u0131n neredeyse tamam\u0131 kirlilik nedeniyle y\u0131llarca i\u00e7ilemez hale getirilmi\u015f, do\u011fal ya\u015fam zenginli\u011fi ile \u00fcnl\u00fc b\u00f6lgede art\u0131k ku\u015flar dahi u\u00e7amaz olmu\u015ftur. \u0130\u015fletme F\u0131rat nehrinin bir kolu olan Karasu ve bunun \u00fczerinde bulunan Ba\u011f\u0131\u015fta\u015f baraj\u0131na \u00e7ok yak\u0131n konumdad\u0131r. \u0130\u015fletmenin bulundu\u011fu alan\u0131n akarsu ve baraja g\u00f6re daha y\u00fcksek konumda olmas\u0131, i\u015fletmede olu\u015fabilecek her t\u00fcrl\u00fc s\u0131v\u0131 at\u0131\u011f\u0131n serbest kalmas\u0131 halinde a\u015fa\u011f\u0131 do\u011fru akarak <strong>Karasu ve F\u0131rat\u2019a eri\u015fmesi<\/strong> ve felaketin <strong>t\u00fcm F\u0131rat nehri boyunca b\u00f6lgeye yay\u0131lmas\u0131<\/strong> an meselesidir.<\/p>\n<p>Birka\u00e7 \u015firketin kar etmesi u\u011fruna tar\u0131m alanlar\u0131m\u0131za, g\u00f6llerimize, do\u011fal ya\u015fam\u0131m\u0131za ve nihayet yurtta\u015flar\u0131m\u0131z\u0131n canlar\u0131na g\u00f6z g\u00f6re g\u00f6re kastedilmesine g\u00f6z yumanlar yarg\u0131lanmal\u0131, yapt\u0131klar\u0131n\u0131n hesab\u0131n\u0131 hukuk \u00f6n\u00fcnde vermelidirler.<\/p>\n<p>Bu hesab\u0131n sorulmamas\u0131 daha \u00f6nce de defalarca duyurdu\u011fumuz gibi yar\u0131n Kaymaz\u2019da Koza Madencilik, Sar\u0131cakaya\u2019da Cengiz Holding taraf\u0131ndan da ayn\u0131 katliamlar\u0131n ger\u00e7ekle\u015ftirilmesine yol a\u00e7acakt\u0131r. Sar\u0131cakaya\u2019da ger\u00e7ekle\u015ftirilmesi planlanan \u00e7evre katliam\u0131n\u0131n \u0130li\u00e7\u2019de ya\u015fanandan \u00e7ok daha vahim boyutlarda olaca\u011f\u0131 konunun uzmanlar\u0131nca dile getirilmektedir. <strong>T\u00fcm Eski\u015fehir ve Sakarya havzas\u0131<\/strong> \u0130li\u00e7\u2019te meydana gelenden daha b\u00fcy\u00fck katliam ve felaket tehdidi ile kar\u015f\u0131 kar\u015f\u0131yad\u0131r. \u0130li\u00e7\u2019te ya\u015fananlar\u0131n hesab\u0131 sorulmazsa <strong>ayn\u0131 felaket Eski\u015fehir\u2019de de<\/strong> ya\u015fanacakt\u0131r!<\/p>\n<p>Ya\u015fanan felaketlerin \u00f6z\u00fcnde, \u00fclkenin en stratejik kaynaklar\u0131ndan olan madenlerimizin, \u00f6zel \u015fah\u0131slar\u0131n i\u015fletmesine a\u00e7\u0131lm\u0131\u015f olmas\u0131 yatmaktad\u0131r. Bu felaketlerin \u00f6n\u00fcne ge\u00e7ilmesi, madenlerimizin birka\u00e7 \u015firketin ve onlara g\u00f6z yumanlar\u0131n de\u011fil \u00fclke menfaatleri yolunda kullan\u0131labilmesi i\u00e7in t\u00fcm maden i\u015fletmeleri derhal devletle\u015ftirilmeli, madencilik \u00f6zel te\u015febb\u00fcse kapat\u0131lmal\u0131d\u0131r.<\/p>\n<p>Biz de <strong>Eski\u015fehir \u00c7evre Derne\u011fi ( ES\u00c7EVDER )<\/strong> olarak yurtta\u015flar\u0131m\u0131z\u0131n ya\u015famlar\u0131n\u0131n, \u00fclkemizin menfaatlerinin, topra\u011f\u0131n\u0131n, suyunun, do\u011fal ya\u015fam\u0131n\u0131n bir avu\u00e7 \u015firket patronu ve onlar\u0131n yasa d\u0131\u015f\u0131 faaliyetlerine g\u00f6z yumanlara kar\u015f\u0131 korunmas\u0131, sorumlulardan hukuk \u00f6n\u00fcnde hesap sorulmas\u0131 i\u00e7in Cumhuriyet Ba\u015fsavc\u0131l\u0131\u011f\u0131 nezdinde su\u00e7 duyurusunda bulunduk.<\/p>\n<p>T\u00fcm Eski\u015fehir halk\u0131na ve kamuoyuna sayg\u0131yla duyururuz.<\/p>","protected":false},"excerpt":{"rendered":"<p>Sorry, this entry is only available in Turkish. For the sake of viewer convenience, the content is shown below in the alternative language. You may click the link to switch the active language. 13 \u015eubat 2024 tarihinde Erzincan \u0130li\u00e7 s\u0131n\u0131rlar\u0131 i\u00e7erisinde T\u00fcrkiye tarihinin en b\u00fcy\u00fck \u00e7evre felaketlerinden biri ya\u015fanm\u0131\u015f olmas\u0131n\u0131 Eski\u015fehir \u00c7evre Koruma ve Geli\u015ftirme [&hellip;]<\/p>\n","protected":false},"author":1,"featured_media":185578,"comment_status":"open","ping_status":"open","sticky":false,"template":"","format":"standard","meta":[],"categories":[53],"tags":[46191,98723,8131,103996,112858,95394,9321],"views":25,"_links":{"self":[{"href":"https:\/\/www.enerjigazetesi.ist\/en\/wp-json\/wp\/v2\/posts\/185576"}],"collection":[{"href":"https:\/\/www.enerjigazetesi.ist\/en\/wp-json\/wp\/v2\/posts"}],"about":[{"href":"https:\/\/www.enerjigazetesi.ist\/en\/wp-json\/wp\/v2\/types\/post"}],"author":[{"embeddable":true,"href":"https:\/\/www.enerjigazetesi.ist\/en\/wp-json\/wp\/v2\/users\/1"}],"replies":[{"embeddable":true,"href":"https:\/\/www.enerjigazetesi.ist\/en\/wp-json\/wp\/v2\/comments?post=185576"}],"version-history":[{"count":0,"href":"https:\/\/www.enerjigazetesi.ist\/en\/wp-json\/wp\/v2\/posts\/185576\/revisions"}],"wp:featuredmedia":[{"embeddable":true,"href":"https:\/\/www.enerjigazetesi.ist\/en\/wp-json\/wp\/v2\/media\/185578"}],"wp:attachment":[{"href":"https:\/\/www.enerjigazetesi.ist\/en\/wp-json\/wp\/v2\/media?parent=185576"}],"wp:term":[{"taxonomy":"category","embeddable":true,"href":"https:\/\/www.enerjigazetesi.ist\/en\/wp-json\/wp\/v2\/categories?post=185576"},{"taxonomy":"post_tag","embeddable":true,"href":"https:\/\/www.enerjigazetesi.ist\/en\/wp-json\/wp\/v2\/tags?post=185576"}],"curies":[{"name":"wp","href":"https:\/\/api.w.org\/{rel}","templated":true}]}}