{"id":185465,"date":"2024-03-08T16:57:32","date_gmt":"2024-03-08T13:57:32","guid":{"rendered":"https:\/\/www.enerjigazetesi.ist\/?p=185465"},"modified":"2024-03-08T17:03:25","modified_gmt":"2024-03-08T14:03:25","slug":"dehn-turkiye-gunes-enerjisi-potansiyelini-yeterince-kullanmiyor","status":"publish","type":"post","link":"https:\/\/www.enerjigazetesi.ist\/en\/dehn-turkiye-gunes-enerjisi-potansiyelini-yeterince-kullanmiyor\/","title":{"rendered":"(Turkish) Dehn: T\u00fcrkiye, G\u00fcne\u015f Enerjisi Potansiyelini Yeterince Kullanm\u0131yor"},"content":{"rendered":"<p class=\"qtranxs-available-languages-message qtranxs-available-languages-message-en\">Sorry, this entry is only available in <a href=\"https:\/\/www.enerjigazetesi.ist\/tr\/wp-json\/wp\/v2\/posts\/185465\" class=\"qtranxs-available-language-link qtranxs-available-language-link-tr\" title=\"Turkish\">Turkish<\/a>. For the sake of viewer convenience, the content is shown below in the alternative language. You may click the link to switch the active language.<\/p><p><\/p>\n<h2><strong>DEHN SE G\u00fcney ve Bat\u0131 Avrupa B\u00f6lgesi Sat\u0131\u015f Direkt\u00f6r\u00fc Christian V\u00f6gerl, T\u00fcrkiye&#8217;nin g\u00fcne\u015f enerjisi potansiyeli hakk\u0131nda\u00a0bilgiler\u00a0verdi.<\/strong><\/h2>\n<p>G\u00fcne\u015f enerjisi, T\u00fcrkiye&#8217;nin net s\u0131f\u0131r emisyona giden yolculu\u011funda \u00f6nemli bir m\u00fcttefik olaca\u011fa benziyor. Bu enerjiden faydalanabilmek i\u00e7in kurulacak fotovoltaik sistemlerin uzman \u00e7\u00f6z\u00fcmlerle tehlikelere kar\u015f\u0131 iyi korunmas\u0131n\u0131 sa\u011flamak kritik \u00f6nem ta\u015f\u0131yor.<\/p>\n<p style=\"text-align: center;\"><img loading=\"lazy\" class=\"aligncenter wp-image-185468\" src=\"https:\/\/www.enerjigazetesi.ist\/wp-content\/uploads\/2024\/03\/dehn-turkiye-gunes-enerjisi-potansiyelini-yeterince-kullanmiyor-1.jpeg\" alt=\"\" width=\"500\" height=\"415\" srcset=\"https:\/\/www.enerjigazetesi.ist\/wp-content\/uploads\/2024\/03\/dehn-turkiye-gunes-enerjisi-potansiyelini-yeterince-kullanmiyor-1.jpeg 946w, https:\/\/www.enerjigazetesi.ist\/wp-content\/uploads\/2024\/03\/dehn-turkiye-gunes-enerjisi-potansiyelini-yeterince-kullanmiyor-1-300x249.jpeg 300w, https:\/\/www.enerjigazetesi.ist\/wp-content\/uploads\/2024\/03\/dehn-turkiye-gunes-enerjisi-potansiyelini-yeterince-kullanmiyor-1-768x637.jpeg 768w, https:\/\/www.enerjigazetesi.ist\/wp-content\/uploads\/2024\/03\/dehn-turkiye-gunes-enerjisi-potansiyelini-yeterince-kullanmiyor-1-482x400.jpeg 482w, https:\/\/www.enerjigazetesi.ist\/wp-content\/uploads\/2024\/03\/dehn-turkiye-gunes-enerjisi-potansiyelini-yeterince-kullanmiyor-1-60x50.jpeg 60w, https:\/\/www.enerjigazetesi.ist\/wp-content\/uploads\/2024\/03\/dehn-turkiye-gunes-enerjisi-potansiyelini-yeterince-kullanmiyor-1-500x415.jpeg 500w\" sizes=\"(max-width: 500px) 100vw, 500px\" \/><\/p>\n<h3><em><strong>Christian V\u00f6gerl, DEHN SE G\u00fcney ve Bat\u0131 Avrupa B\u00f6lgesi Sat\u0131\u015f\u00a0Direkt\u00f6r\u00fc<\/strong><\/em><\/h3>\n<p>T\u00fcrkiye, Avrupa ve Asya aras\u0131ndaki konumu sayesinde bol miktarda g\u00fcne\u015f \u0131\u015f\u0131\u011f\u0131 almakla birlikte olduk\u00e7a b\u00fcy\u00fck bir g\u00fcne\u015f enerjisi potansiyeline sahiptir. The Global Solar Atlas, <a href=\"https:\/\/globalsolaratlas.info\/map?c=38.978628,34.222412,8&amp;s=38.959759,34.924965&amp;m=site\" target=\"_blank\" rel=\"noopener\">y\u0131ll\u0131k ortalama yakla\u015f\u0131k 1910 kWh\/m2 \u0131\u015f\u0131n\u0131m de\u011ferine<\/a> sahip olmas\u0131 nedeniyle T\u00fcrkiye&#8217;nin g\u00fcne\u015f enerjisinden yararlanmak ad\u0131na ideal bir \u00fclke oldu\u011funu vurgulamaktad\u0131r ki bu da \u00fclkenin g\u00fcne\u015f enerjisi alan\u0131ndaki muazzam potansiyelinin bir kan\u0131t\u0131d\u0131r.<sup>1<\/sup> K\u00fcresel d\u00fczeyde yenilenebilir enerji kaynaklar\u0131na do\u011fru ge\u00e7i\u015f e\u011filiminin fark\u0131nda olan T\u00fcrkiye, yaln\u0131zca gelecekteki elektrik ihtiyac\u0131n\u0131 kar\u015f\u0131lamakla kalmay\u0131p bunun s\u00fcrd\u00fcr\u00fclebilirli\u011fini de sa\u011flayacak stratejileri aktif olarak takip ediyor. \u00dclke, 2053 y\u0131l\u0131na kadar net s\u0131f\u0131r emisyonu hedeflerken, belirli politikalar ve yat\u0131r\u0131mlar yoluyla ekonomik b\u00fcy\u00fcmeyi de aktif bir \u015fekilde beslemeyi planl\u0131yor. T\u00fcrkiye, inovasyonu benimseyerek ve uluslararas\u0131 i\u015fbirlikleri yoluna giderek daha temiz, daha ye\u015fil ve daha iyi bir gelecek yaratmak ad\u0131na olduk\u00e7a kararl\u0131 g\u00f6r\u00fcn\u00fcyor.<\/p>\n<p>T\u00fcrkiye Cumhuriyeti Enerji ve Tabii Kaynaklar Bakanl\u0131\u011f\u0131, Haziran 2022 sonu itibariyle <a href=\"https:\/\/enerji.gov.tr\/bilgi-merkezi-enerji-gunes\" target=\"_blank\" rel=\"noopener\">g\u00fcne\u015f enerjisine dayal\u0131 elektrik kurulu g\u00fcc\u00fcn\u00fcn <strong>8,479 MW<\/strong> oldu\u011funu ve bunun toplam kurulu g\u00fc\u00e7 i\u00e7erisindeki oran\u0131n\u0131n <strong>%8,35<\/strong><\/a> oldu\u011funu bildirmi\u015ftir. \u00dclkenin g\u00fcne\u015f enerjisi i\u00e7in elveri\u015fli iklimi ve maruz kald\u0131\u011f\u0131 \u0131\u015f\u0131n\u0131m g\u00f6z \u00f6n\u00fcne al\u0131n\u0131rsa, \u015f\u00fcphesiz ki bu potansiyelden faydalanmak ad\u0131na \u00e7ok daha fazla yat\u0131r\u0131m yapmak m\u00fcmk\u00fcnd\u00fcr. Fotovoltaik sistemlerdeki geli\u015fmeler ve azalan maliyetler, bu yenilenebilir enerji t\u00fcr\u00fcn\u00fc T\u00fcrkiye topraklar\u0131nda sadece uygulanabilir de\u011fil, ayn\u0131 zamanda ekonomik olarak da cazip hale getirmektedir. T\u00fcrkiye \u0130statistik Kurumu verilerine g\u00f6re, T\u00fcrkiye\u2019de <strong>11,6 milyon adet<\/strong> bina bulunmakta olup bu miktar\u0131n yakla\u015f\u0131k <strong>%87\u2019sini<\/strong> konut nitelikli binalar olu\u015fturmaktad\u0131r ve T\u00fcrkiye\u2019nin bina stokuna her y\u0131l <strong>100.000\u2019den fazla yeni bina<\/strong> eklenmektedir. Bu binalar\u0131n \u00e7at\u0131 ve cephelerine \u00f6n\u00fcm\u00fczdeki y\u0131llarda b\u00fcy\u00fck miktarlarda <strong>g\u00fcne\u015f enerjisi yat\u0131r\u0131mlar\u0131n\u0131n<\/strong> yap\u0131labilece\u011fi \u00f6ng\u00f6r\u00fclmektedir.<sup>3<\/sup><\/p>\n<h3><strong>S\u00fcrd\u00fcr\u00fclebilir G\u00fcne\u015f Enerjisi i\u00e7in Risklerin Y\u00f6netilmesi<\/strong><\/h3>\n<p>G\u00fcne\u015f enerjisinin umut vadeden potansiyeline ra\u011fmen, T\u00fcrkiye&#8217;de fotovoltaik sistemlerin etkili bir \u015fekilde yayg\u0131nla\u015ft\u0131r\u0131lmas\u0131 ve uzun \u00f6m\u00fcrl\u00fc olmas\u0131n\u0131 sa\u011flamak i\u00e7in birtak\u0131m zorluklar\u0131n ele al\u0131nmas\u0131 gerekmektedir. En \u00f6nde gelen zorluklardan biri, g\u00fcne\u015f enerjisi sistemlerinin y\u0131ld\u0131r\u0131m d\u00fc\u015fmesive elektrik dalgalanmalar\u0131na kar\u015f\u0131 savunmas\u0131z olmas\u0131d\u0131r. Y\u0131ld\u0131r\u0131m d\u00fc\u015fmesi, fotovoltaik sistemler i\u00e7in \u00f6nemli bir risk olu\u015fturmakta ve ekipman hasar\u0131na, operasyonel aksamalara ve hatta g\u00fcvenlik tehlikelerine neden olabilmektedir.<\/p>\n<p>Fotovoltaik sistemlerin y\u0131ld\u0131r\u0131m ve a\u015f\u0131r\u0131 gerilim kaynakl\u0131 risklere kar\u015f\u0131 korunmas\u0131n\u0131n kritik \u00f6neminin fark\u0131nda olan ve bu koruma \u00e7\u00f6z\u00fcmlerinde k\u00fcresel bir lider olan DEHN, g\u00fcne\u015f enerjisi sistemlerinin s\u00f6z konusu ihtiya\u00e7lar\u0131n\u0131 kar\u015f\u0131lamak \u00fczere \u00f6zel olarak tasarlanm\u0131\u015f \u00e7\u00f6z\u00fcmler sun. DEHN&#8217;in kapsaml\u0131 a\u015f\u0131r\u0131 gerilim koruma cihazlar\u0131, <strong>y\u0131ld\u0131r\u0131mdan korunma sistemleri<\/strong> ve <strong>topraklama \u00e7\u00f6z\u00fcmleri,<\/strong> fotovoltaik sistemleri korur.<\/p>\n<p>Fotovoltaik sistemlerde bulunan elektrik bile\u015fenleri ve kablo a\u011f\u0131, bu sistemleri do\u011fal olarak y\u0131ld\u0131r\u0131m\u0131nlar\u0131n neden olabilece\u011fi g\u00fc\u00e7 dalgalanmalar\u0131na kar\u015f\u0131 hassas hale getirir. Bir g\u00fcne\u015f panelinin yak\u0131n\u0131na d\u00fc\u015fen tek bir y\u0131ld\u0131r\u0131m; inverter, \u015farj kontrol cihazlar\u0131 ve izleme sistemleri gibi ekipmanlara zarar verebilecek a\u015f\u0131r\u0131 gerilimler \u00fcretebilir. Ek olarak, ayn\u0131 fenomenin elektromanyetik parazit gibi dolayl\u0131 etkileri fotovoltaik tesislerin b\u00fct\u00fcnl\u00fc\u011f\u00fcn\u00fc zay\u0131flatarak ilave sorunlara yol a\u00e7abilir. B\u00f6ylesine bir durum da operasyonu t\u00fcm\u00fcyle tehlikeye atarak ka\u00e7\u0131n\u0131lmas\u0131 olduk\u00e7a zor mali kay\u0131plara neden olabilir. Fotovoltaik sistemlerin yat\u0131r\u0131m hacimleri y\u00fcksektir ve sistemin s\u00fcrekli kullan\u0131labilir olmas\u0131 sistem operat\u00f6rleri i\u00e7in temel bir gerekliliktir. Bu nedenle y\u0131ld\u0131r\u0131mlardan kaynaklanan hasar riski <strong>TS EN 62305-2&#8217;ye uygun<\/strong> olarak hesaplanmal\u0131d\u0131r. B\u00f6yle bir risk analizinin sonu\u00e7lar\u0131, <strong>y\u0131ld\u0131r\u0131mdan korunma sisteminin planlanmas\u0131<\/strong> i\u00e7in temel olu\u015fturur.<\/p>\n<p>DEHN&#8217;in hava terminalleri, ini\u015f iletkenleri, topraklama ve e\u015fpotansiyel ku\u015faklama sistemlerini i\u00e7eren geli\u015fmi\u015f y\u0131ld\u0131r\u0131mdan korunma sistemleri, y\u0131ld\u0131r\u0131mlar\u0131n neden olabilece\u011fi hasarlara kar\u015f\u0131 etkin bir koruma sa\u011flar.<\/p>\n<p>T\u00fcrkiye yenilenebilir enerji yolunda \u00f6nemli ad\u0131mlar at\u0131yor ve g\u00fcne\u015f enerjisi bu yolculu\u011fun temel unsurlar\u0131ndan biri olacak gibi g\u00f6r\u00fcn\u00fcyor. Bu yolda yap\u0131lacak yat\u0131r\u0131mlar\u0131 korumak ad\u0131na, y\u0131ld\u0131r\u0131m ve elektrik dalgalanmalar\u0131n\u0131n fotovoltaik sistemler i\u00e7in olu\u015fturdu\u011fu risklerin bilinmesi ve bunlara kar\u015f\u0131 \u00f6nlem al\u0131nmas\u0131 kritik \u00f6nem ta\u015f\u0131yor. DEHN&#8217;in y\u0131ld\u0131r\u0131m ve a\u015f\u0131r\u0131 gerilim koruma \u00e7\u00f6z\u00fcmleri ile hasar riski \u00f6nemli \u00f6l\u00e7\u00fcde azalt\u0131labilir. G\u00fcvenilir koruma \u00f6nlemlerine yat\u0131r\u0131m yapmak, T\u00fcrkiye&#8217;nin enerji d\u00f6n\u00fc\u015f\u00fcm\u00fcne yard\u0131mc\u0131 olur ve daha ye\u015fil, daha s\u00fcrd\u00fcr\u00fclebilir bir gelece\u011fe giden kap\u0131y\u0131 a\u00e7ar.<\/p>\n<p><strong>Ek Kaynaklar<\/strong><\/p>\n<p><sup>1 <\/sup>ESMAP<em>. 2020. Global Photovoltaic Power Potential by Country. Washington, DC: World Bank.<\/em><\/p>\n<p><sup>2,3<\/sup> Ministry of Energy and Natural Resources of Turkey, Information Center for Solar Energy<\/p>","protected":false},"excerpt":{"rendered":"<p>Sorry, this entry is only available in Turkish. For the sake of viewer convenience, the content is shown below in the alternative language. You may click the link to switch the active language. DEHN SE G\u00fcney ve Bat\u0131 Avrupa B\u00f6lgesi Sat\u0131\u015f Direkt\u00f6r\u00fc Christian V\u00f6gerl, T\u00fcrkiye&#8217;nin g\u00fcne\u015f enerjisi potansiyeli hakk\u0131nda\u00a0bilgiler\u00a0verdi. G\u00fcne\u015f enerjisi, T\u00fcrkiye&#8217;nin net s\u0131f\u0131r emisyona [&hellip;]<\/p>\n","protected":false},"author":1,"featured_media":185467,"comment_status":"open","ping_status":"open","sticky":false,"template":"","format":"standard","meta":[],"categories":[53,49],"tags":[112821,607,2206,5982,112824,112822,112825,112823],"views":59,"_links":{"self":[{"href":"https:\/\/www.enerjigazetesi.ist\/en\/wp-json\/wp\/v2\/posts\/185465"}],"collection":[{"href":"https:\/\/www.enerjigazetesi.ist\/en\/wp-json\/wp\/v2\/posts"}],"about":[{"href":"https:\/\/www.enerjigazetesi.ist\/en\/wp-json\/wp\/v2\/types\/post"}],"author":[{"embeddable":true,"href":"https:\/\/www.enerjigazetesi.ist\/en\/wp-json\/wp\/v2\/users\/1"}],"replies":[{"embeddable":true,"href":"https:\/\/www.enerjigazetesi.ist\/en\/wp-json\/wp\/v2\/comments?post=185465"}],"version-history":[{"count":0,"href":"https:\/\/www.enerjigazetesi.ist\/en\/wp-json\/wp\/v2\/posts\/185465\/revisions"}],"wp:featuredmedia":[{"embeddable":true,"href":"https:\/\/www.enerjigazetesi.ist\/en\/wp-json\/wp\/v2\/media\/185467"}],"wp:attachment":[{"href":"https:\/\/www.enerjigazetesi.ist\/en\/wp-json\/wp\/v2\/media?parent=185465"}],"wp:term":[{"taxonomy":"category","embeddable":true,"href":"https:\/\/www.enerjigazetesi.ist\/en\/wp-json\/wp\/v2\/categories?post=185465"},{"taxonomy":"post_tag","embeddable":true,"href":"https:\/\/www.enerjigazetesi.ist\/en\/wp-json\/wp\/v2\/tags?post=185465"}],"curies":[{"name":"wp","href":"https:\/\/api.w.org\/{rel}","templated":true}]}}