{"id":185445,"date":"2024-03-07T19:11:03","date_gmt":"2024-03-07T16:11:03","guid":{"rendered":"https:\/\/www.enerjigazetesi.ist\/?p=185445"},"modified":"2024-03-07T19:11:03","modified_gmt":"2024-03-07T16:11:03","slug":"akfen-yenilenebilir-enerji-den-kurulu-gucu-1200-megavata-cikarma-hedefi","status":"publish","type":"post","link":"https:\/\/www.enerjigazetesi.ist\/en\/akfen-yenilenebilir-enerji-den-kurulu-gucu-1200-megavata-cikarma-hedefi\/","title":{"rendered":"(Turkish) &#8217;Akfen Yenilenebilir Enerji&#8217;den Kurulu G\u00fcc\u00fc 1200 Megavata \u00c7\u0131karma Hedefi"},"content":{"rendered":"<p class=\"qtranxs-available-languages-message qtranxs-available-languages-message-en\">Sorry, this entry is only available in <a href=\"https:\/\/www.enerjigazetesi.ist\/tr\/wp-json\/wp\/v2\/posts\/185445\" class=\"qtranxs-available-language-link qtranxs-available-language-link-tr\" title=\"Turkish\">Turkish<\/a>. For the sake of viewer convenience, the content is shown below in the alternative language. You may click the link to switch the active language.<\/p><p><\/p>\n<h2><strong>Akfen Yenilenebilir Enerji Genel M\u00fcd\u00fcr\u00fc Mustafa Kemal G\u00fcng\u00f6r, \u015firketin gelecek d\u00f6nem hedeflerini a\u00e7\u0131klad\u0131. \u015eirket, 2025 y\u0131l\u0131 sonuna kadar kurulu g\u00fcc\u00fcn\u00fc 1200 megavata \u00e7\u0131karmay\u0131 hedefliyor.<\/strong><\/h2>\n<p style=\"text-align: center;\"><img loading=\"lazy\" class=\"aligncenter wp-image-185447\" src=\"https:\/\/www.enerjigazetesi.ist\/wp-content\/uploads\/2024\/03\/akfen-yenilenebilir-enerji-den-kurulu-gucu-1200-megavata-cikarma-hedefi.jpg\" alt=\"\" width=\"500\" height=\"282\" srcset=\"https:\/\/www.enerjigazetesi.ist\/wp-content\/uploads\/2024\/03\/akfen-yenilenebilir-enerji-den-kurulu-gucu-1200-megavata-cikarma-hedefi.jpg 550w, https:\/\/www.enerjigazetesi.ist\/wp-content\/uploads\/2024\/03\/akfen-yenilenebilir-enerji-den-kurulu-gucu-1200-megavata-cikarma-hedefi-300x169.jpg 300w, https:\/\/www.enerjigazetesi.ist\/wp-content\/uploads\/2024\/03\/akfen-yenilenebilir-enerji-den-kurulu-gucu-1200-megavata-cikarma-hedefi-500x282.jpg 500w, https:\/\/www.enerjigazetesi.ist\/wp-content\/uploads\/2024\/03\/akfen-yenilenebilir-enerji-den-kurulu-gucu-1200-megavata-cikarma-hedefi-80x45.jpg 80w\" sizes=\"(max-width: 500px) 100vw, 500px\" \/><\/p>\n<p>Ge\u00e7en y\u0131l ger\u00e7ekle\u015ftirilen halka arz d\u00f6nemi sonras\u0131nda yeni bir yat\u0131r\u0131m ata\u011f\u0131na ba\u015flad\u0131klar\u0131na dikkati \u00e7eken Akfen Yenilenebilir Enerji Genel M\u00fcd\u00fcr\u00fc Mustafa Kemal G\u00fcng\u00f6r, <strong>3 yeni GES<\/strong> yap\u0131m\u0131na ba\u015flad\u0131klar\u0131n\u0131 belirtti. G\u00fcng\u00f6r, toplam kurulu g\u00fcc\u00fc <strong>66 megavat b\u00fcy\u00fckl\u00fc\u011f\u00fcnde<\/strong> olacak <strong>3 hibrit g\u00fcne\u015f enerji santralinin<\/strong> Osmaniye ve \u00c7anakkale\u2019de yer alaca\u011f\u0131n\u0131 belirterek, Osmaniye\u2019deki<strong> 57 megavatl\u0131k Sar\u0131tepe<\/strong> ve <strong>23 megavatl\u0131k Demirciler RES projelerinin<\/strong> alanlar\u0131nda hayata ge\u00e7irilecek <strong>2 hibrit GES projesi<\/strong>nden<strong> Demirciler Hibrit GES<\/strong> projesinin <strong>13,27 megavat<\/strong>, <strong>Sar\u0131tepe Hibrit GES projesi<\/strong>nin ise<strong> 12,98 megavat kurulu g\u00fcce<\/strong> sahip olaca\u011f\u0131n\u0131 aktard\u0131.<\/p>\n<p>Yap\u0131m\u0131na ba\u015flan\u0131lan <strong>\u00fc\u00e7\u00fcnc\u00fc hibrit GES projesinin<\/strong> \u00c7anakkale\u2019deki <strong>112,2 megavat<\/strong> g\u00fcc\u00fcndeki <strong>\u00dc\u00e7p\u0131nar RES<\/strong> sahas\u0131nda hayata ge\u00e7irilece\u011fini belirten G\u00fcng\u00f6r, bu projede <strong>kurulu g\u00fcc\u00fcn 40 megavat<\/strong> olaca\u011f\u0131n\u0131 s\u00f6yledi. G\u00fcng\u00f6r, <strong>anahtar teslim m\u00fchendislik, tedarik ve in\u015faat i\u015fleri s\u00f6zle\u015fmesi<\/strong> imzalanan projelerin <strong>2024 y\u0131l\u0131 i\u00e7erisinde tamamlanarak<\/strong> enerji \u00fcretmeye ba\u015flayaca\u011f\u0131n\u0131 kaydederek, \u015f\u00f6yle devam etti: <em>&#8220;B\u00fcy\u00fcme stratejimize uygun olarak ald\u0131\u011f\u0131m\u0131z ve alaca\u011f\u0131m\u0131z olan \u00f6n lisanslar ile <strong>80 megavat<\/strong> kurulu g\u00fcce sahip <strong>2 depolamal\u0131 GES<\/strong> ve <strong>205 megavat<\/strong> kurulu g\u00fcce sahip <strong>4 depolamal\u0131 RES<\/strong> olmak \u00fczere toplam <strong>285 megavat<\/strong> d\u00fczeyinde yeni yat\u0131r\u0131mlar\u0131 hayata ge\u00e7irece\u011fiz. Bu yeni yat\u0131r\u0131mlar tamamlan\u0131nca <strong>2025 y\u0131l\u0131 sonunda<\/strong> toplam kurulu g\u00fc\u00e7 kapasitemizi <strong>1200 megavat<\/strong> d\u00fczeyine \u00e7\u0131karmay\u0131 hedefliyoruz.&#8221;<\/em><\/p>","protected":false},"excerpt":{"rendered":"<p>Sorry, this entry is only available in Turkish. For the sake of viewer convenience, the content is shown below in the alternative language. You may click the link to switch the active language. Akfen Yenilenebilir Enerji Genel M\u00fcd\u00fcr\u00fc Mustafa Kemal G\u00fcng\u00f6r, \u015firketin gelecek d\u00f6nem hedeflerini a\u00e7\u0131klad\u0131. \u015eirket, 2025 y\u0131l\u0131 sonuna kadar kurulu g\u00fcc\u00fcn\u00fc 1200 megavata [&hellip;]<\/p>\n","protected":false},"author":1,"featured_media":185447,"comment_status":"open","ping_status":"open","sticky":false,"template":"","format":"standard","meta":[],"categories":[53,49],"tags":[28245,2326,2569,105989],"views":35,"_links":{"self":[{"href":"https:\/\/www.enerjigazetesi.ist\/en\/wp-json\/wp\/v2\/posts\/185445"}],"collection":[{"href":"https:\/\/www.enerjigazetesi.ist\/en\/wp-json\/wp\/v2\/posts"}],"about":[{"href":"https:\/\/www.enerjigazetesi.ist\/en\/wp-json\/wp\/v2\/types\/post"}],"author":[{"embeddable":true,"href":"https:\/\/www.enerjigazetesi.ist\/en\/wp-json\/wp\/v2\/users\/1"}],"replies":[{"embeddable":true,"href":"https:\/\/www.enerjigazetesi.ist\/en\/wp-json\/wp\/v2\/comments?post=185445"}],"version-history":[{"count":0,"href":"https:\/\/www.enerjigazetesi.ist\/en\/wp-json\/wp\/v2\/posts\/185445\/revisions"}],"wp:featuredmedia":[{"embeddable":true,"href":"https:\/\/www.enerjigazetesi.ist\/en\/wp-json\/wp\/v2\/media\/185447"}],"wp:attachment":[{"href":"https:\/\/www.enerjigazetesi.ist\/en\/wp-json\/wp\/v2\/media?parent=185445"}],"wp:term":[{"taxonomy":"category","embeddable":true,"href":"https:\/\/www.enerjigazetesi.ist\/en\/wp-json\/wp\/v2\/categories?post=185445"},{"taxonomy":"post_tag","embeddable":true,"href":"https:\/\/www.enerjigazetesi.ist\/en\/wp-json\/wp\/v2\/tags?post=185445"}],"curies":[{"name":"wp","href":"https:\/\/api.w.org\/{rel}","templated":true}]}}