{"id":185093,"date":"2024-02-28T14:43:13","date_gmt":"2024-02-28T11:43:13","guid":{"rendered":"https:\/\/www.enerjigazetesi.ist\/?p=185093"},"modified":"2024-02-28T14:43:35","modified_gmt":"2024-02-28T11:43:35","slug":"oedas-ikaf24-te-universiteli-gencler-ile-bulusuyor","status":"publish","type":"post","link":"https:\/\/www.enerjigazetesi.ist\/en\/oedas-ikaf24-te-universiteli-gencler-ile-bulusuyor\/","title":{"rendered":"(Turkish) &#8217;OEDA\u015e&#8217; \u0130KAF\u201924\u2019te \u00dcniversiteli Gen\u00e7ler ile Bulu\u015fuyor"},"content":{"rendered":"<p class=\"qtranxs-available-languages-message qtranxs-available-languages-message-en\">Sorry, this entry is only available in <a href=\"https:\/\/www.enerjigazetesi.ist\/tr\/wp-json\/wp\/v2\/posts\/185093\" class=\"qtranxs-available-language-link qtranxs-available-language-link-tr\" title=\"Turkish\">Turkish<\/a>. For the sake of viewer convenience, the content is shown below in the alternative language. You may click the link to switch the active language.<\/p><p><\/p>\n<h2><strong>Elektrik da\u011f\u0131t\u0131m \u015firketi OEDA\u015e, 28-29 \u015eubat tarihlerinde Cumhurba\u015fkanl\u0131\u011f\u0131 \u0130nsan Kaynaklar\u0131 Ofisi Ba\u015fkanl\u0131\u011f\u0131\u2019n\u0131n koordinasyonunda, Anadolu \u00dcniversitesi\u2019nin ev sahipli\u011finde d\u00fczenlenen \u0130\u00e7 Anadolu B\u00f6lgesel Kariyer Fuar\u0131\u2019na (\u0130KAF\u201924) kat\u0131l\u0131yor. 50 binin \u00fczerinde \u00f6\u011frencinin kat\u0131l\u0131m\u0131n\u0131n beklendi\u011fi fuarda, OEDA\u015e gen\u00e7lere sekt\u00f6r hakk\u0131nda bilgi verecek, kariyer planlamalar\u0131na destek olacak ve i\u015f ba\u015fvurusu taleplerini alacak.<\/strong><\/h2>\n<p style=\"text-align: left;\"><img loading=\"lazy\" class=\"alignright wp-image-185095\" src=\"https:\/\/www.enerjigazetesi.ist\/wp-content\/uploads\/2024\/02\/oedas-ikaf24-te-universiteli-gencler-ile-bulusuyor.jpg\" alt=\"\" width=\"320\" height=\"240\" srcset=\"https:\/\/www.enerjigazetesi.ist\/wp-content\/uploads\/2024\/02\/oedas-ikaf24-te-universiteli-gencler-ile-bulusuyor.jpg 550w, https:\/\/www.enerjigazetesi.ist\/wp-content\/uploads\/2024\/02\/oedas-ikaf24-te-universiteli-gencler-ile-bulusuyor-300x225.jpg 300w, https:\/\/www.enerjigazetesi.ist\/wp-content\/uploads\/2024\/02\/oedas-ikaf24-te-universiteli-gencler-ile-bulusuyor-500x375.jpg 500w, https:\/\/www.enerjigazetesi.ist\/wp-content\/uploads\/2024\/02\/oedas-ikaf24-te-universiteli-gencler-ile-bulusuyor-67x50.jpg 67w\" sizes=\"(max-width: 320px) 100vw, 320px\" \/>Enerji sekt\u00f6r\u00fcn\u00fcn gelece\u011fini \u015fekillendirecek \u00fcniversiteli gen\u00e7lerin mesleki ve ki\u015fisel geli\u015fimlerine katk\u0131 sa\u011flamaya odaklanan <strong>Osmangazi Elektrik Da\u011f\u0131t\u0131m A\u015e (OEDA\u015e), <\/strong>\u2018Yetenek Her Yerde\u2019 temas\u0131 ile d\u00fczenlenen \u0130\u00e7 Anadolu B\u00f6lgesel Kariyer Fuar\u0131\u2019na (\u0130KAF\u201924) kat\u0131l\u0131yor. Cumhurba\u015fkanl\u0131\u011f\u0131 \u0130nsan Kaynaklar\u0131 Ofisi Ba\u015fkanl\u0131\u011f\u0131\u2019n\u0131n koordinasyonunda, 12 \u00fcniversitenin kat\u0131l\u0131m\u0131 ile <strong>28-29 \u015eubat<\/strong> tarihlerinde ger\u00e7ekle\u015fen fuara bu y\u0131l Anadolu \u00dcniversitesi ev sahipli\u011fi yap\u0131yor. \u0130\u00e7 Anadolu\u2019nun en b\u00fcy\u00fck <strong>kariyer fuar\u0131<\/strong> olan etkinli\u011fe 50 binin \u00fczerinde \u00f6\u011frencinin kat\u0131laca\u011f\u0131 \u00f6ng\u00f6r\u00fcl\u00fcyor.<\/p>\n<h3><strong>Muzaffer Yal\u00e7\u0131n: \u201cGen\u00e7lerin Yenilik\u00e7i Fikirlerinden \u0130lham Al\u0131yoruz\u201d<\/strong><\/h3>\n<p>Hizmet b\u00f6lgeleri olan Afyonkarahisar, Bilecik, Eski\u015fehir, K\u00fctahya ve U\u015fak\u2019taki \u00fcniversiteler ile i\u015f birli\u011fi i\u00e7inde olduklar\u0131n\u0131 ve \u00e7e\u015fitli etkinlikler vas\u0131tas\u0131yla \u00fcniversite \u00f6\u011frencileri ile bir araya geldiklerini s\u00f6yleyen <img loading=\"lazy\" class=\"alignleft wp-image-185096\" src=\"https:\/\/www.enerjigazetesi.ist\/wp-content\/uploads\/2024\/02\/oedas-ikaf24-te-universiteli-gencler-ile-bulusuyor-1.jpg\" alt=\"\" width=\"320\" height=\"239\" srcset=\"https:\/\/www.enerjigazetesi.ist\/wp-content\/uploads\/2024\/02\/oedas-ikaf24-te-universiteli-gencler-ile-bulusuyor-1.jpg 550w, https:\/\/www.enerjigazetesi.ist\/wp-content\/uploads\/2024\/02\/oedas-ikaf24-te-universiteli-gencler-ile-bulusuyor-1-300x224.jpg 300w, https:\/\/www.enerjigazetesi.ist\/wp-content\/uploads\/2024\/02\/oedas-ikaf24-te-universiteli-gencler-ile-bulusuyor-1-500x373.jpg 500w, https:\/\/www.enerjigazetesi.ist\/wp-content\/uploads\/2024\/02\/oedas-ikaf24-te-universiteli-gencler-ile-bulusuyor-1-67x50.jpg 67w\" sizes=\"(max-width: 320px) 100vw, 320px\" \/><strong>OEDA\u015e Direkt\u00f6r\u00fc Muzaffer Yal\u00e7\u0131n, <\/strong><em>\u201cDijitalle\u015fme ve ye\u015fil d\u00f6n\u00fc\u015f\u00fcm pek \u00e7ok sekt\u00f6rde oldu\u011fu gibi enerji sekt\u00f6r\u00fcnde de k\u00f6kl\u00fc de\u011fi\u015fiklikler ya\u015fanmas\u0131na yol a\u00e7\u0131yor. Biz de gelece\u011fin ak\u0131ll\u0131, verimli \u015febekeleri \u00fczerine Ar-Ge \u00e7al\u0131\u015fmalar\u0131 yap\u0131yor, sistemlerimizi bu do\u011frultuda kurguluyoruz. Bu \u00e7al\u0131\u015fmalar\u0131 gen\u00e7 arkada\u015flar\u0131m\u0131zla birlikte y\u00fcr\u00fctmek, onlar\u0131n yenilik\u00e7i fikirlerinden ilham almak ise bizleri ayr\u0131ca mutlu ediyor. \u0130KAF\u201924 etkinli\u011fi de \u00fcniversite \u00f6\u011frencileriyle bir araya gelmemize olanak tan\u0131yacak. Bu fuarda gen\u00e7lere \u015firketimizi ve sekt\u00f6r\u00fcm\u00fcz\u00fc anlat\u0131rken ayn\u0131 zamanda kariyer planlamalar\u0131na destek olacak ve i\u015f ba\u015fvurusu taleplerini alaca\u011f\u0131z. OEDA\u015e olarak <strong>Cumhurba\u015fkanl\u0131\u011f\u0131 \u0130nsan Kaynaklar\u0131 Ofisi Ba\u015fkanl\u0131\u011f\u0131<\/strong> ve <strong>Anadolu \u00dcniversitesi<\/strong> ba\u015fta olmak \u00fczere bu b\u00fcy\u00fck organizasyonda eme\u011fi ge\u00e7en herkese te\u015fekk\u00fcr ediyoruz.\u201d<\/em> dedi.<\/p>\n<h3><strong>Sosyal Sorumluluk Projeleri de Anlat\u0131l\u0131yor<\/strong><\/h3>\n<p>OEDA\u015e, \u0130KAF\u201924\u2019te ayr\u0131ca y\u00fcr\u00fctt\u00fc\u011f\u00fc sosyal sorumluluk projeleri hakk\u0131nda da bilgi verecek. Sokak hayvanlar\u0131n\u0131n beslenme, bar\u0131nma ve tedavi ihtiya\u00e7lar\u0131n\u0131n kar\u015f\u0131land\u0131\u011f\u0131 <strong>Can Dostlar<\/strong> ve kad\u0131n istihdam\u0131n\u0131n d\u00fc\u015f\u00fck oldu\u011fu enerji sekt\u00f6r\u00fcnde <strong>toplumsal cinsiyet e\u015fitli\u011finin sa\u011flanmas\u0131<\/strong> hedefiyle y\u00fcr\u00fct\u00fclen <strong>Enerjimiz E\u015fit projesi<\/strong> ba\u015fta olmak \u00fczere bu alandaki \u00e7al\u0131\u015fmalar anlat\u0131larak, \u00fcniversitelere gen\u00e7lerin fark\u0131ndal\u0131klar\u0131n\u0131n art\u0131r\u0131lmas\u0131na katk\u0131 sunulacak.<\/p>","protected":false},"excerpt":{"rendered":"<p>Sorry, this entry is only available in Turkish. For the sake of viewer convenience, the content is shown below in the alternative language. You may click the link to switch the active language. Elektrik da\u011f\u0131t\u0131m \u015firketi OEDA\u015e, 28-29 \u015eubat tarihlerinde Cumhurba\u015fkanl\u0131\u011f\u0131 \u0130nsan Kaynaklar\u0131 Ofisi Ba\u015fkanl\u0131\u011f\u0131\u2019n\u0131n koordinasyonunda, Anadolu \u00dcniversitesi\u2019nin ev sahipli\u011finde d\u00fczenlenen \u0130\u00e7 Anadolu B\u00f6lgesel Kariyer [&hellip;]<\/p>\n","protected":false},"author":1,"featured_media":185095,"comment_status":"open","ping_status":"open","sticky":false,"template":"","format":"standard","meta":[],"categories":[51,53],"tags":[7862,4546,112691,112692,8689,112693,73431,9749,7471,99777],"views":32,"_links":{"self":[{"href":"https:\/\/www.enerjigazetesi.ist\/en\/wp-json\/wp\/v2\/posts\/185093"}],"collection":[{"href":"https:\/\/www.enerjigazetesi.ist\/en\/wp-json\/wp\/v2\/posts"}],"about":[{"href":"https:\/\/www.enerjigazetesi.ist\/en\/wp-json\/wp\/v2\/types\/post"}],"author":[{"embeddable":true,"href":"https:\/\/www.enerjigazetesi.ist\/en\/wp-json\/wp\/v2\/users\/1"}],"replies":[{"embeddable":true,"href":"https:\/\/www.enerjigazetesi.ist\/en\/wp-json\/wp\/v2\/comments?post=185093"}],"version-history":[{"count":0,"href":"https:\/\/www.enerjigazetesi.ist\/en\/wp-json\/wp\/v2\/posts\/185093\/revisions"}],"wp:featuredmedia":[{"embeddable":true,"href":"https:\/\/www.enerjigazetesi.ist\/en\/wp-json\/wp\/v2\/media\/185095"}],"wp:attachment":[{"href":"https:\/\/www.enerjigazetesi.ist\/en\/wp-json\/wp\/v2\/media?parent=185093"}],"wp:term":[{"taxonomy":"category","embeddable":true,"href":"https:\/\/www.enerjigazetesi.ist\/en\/wp-json\/wp\/v2\/categories?post=185093"},{"taxonomy":"post_tag","embeddable":true,"href":"https:\/\/www.enerjigazetesi.ist\/en\/wp-json\/wp\/v2\/tags?post=185093"}],"curies":[{"name":"wp","href":"https:\/\/api.w.org\/{rel}","templated":true}]}}