{"id":185037,"date":"2024-02-27T16:17:11","date_gmt":"2024-02-27T13:17:11","guid":{"rendered":"https:\/\/www.enerjigazetesi.ist\/?p=185037"},"modified":"2024-02-27T16:17:39","modified_gmt":"2024-02-27T13:17:39","slug":"elektrik-uretiminde-en-buyukler-mw100-ile-28-subat-ta-aciklanacak","status":"publish","type":"post","link":"https:\/\/www.enerjigazetesi.ist\/en\/elektrik-uretiminde-en-buyukler-mw100-ile-28-subat-ta-aciklanacak\/","title":{"rendered":"(Turkish) Elektrik \u00dcretiminde En B\u00fcy\u00fckler &#8216;MW100&#8217; ile 28 \u015eubat\u2019ta A\u00e7\u0131klanacak"},"content":{"rendered":"<p class=\"qtranxs-available-languages-message qtranxs-available-languages-message-en\">Sorry, this entry is only available in <a href=\"https:\/\/www.enerjigazetesi.ist\/tr\/wp-json\/wp\/v2\/posts\/185037\" class=\"qtranxs-available-language-link qtranxs-available-language-link-tr\" title=\"Turkish\">Turkish<\/a>. For the sake of viewer convenience, the content is shown below in the alternative language. You may click the link to switch the active language.<\/p><p><\/p>\n<h2>Enerjj G\u00fcnl\u00fc\u011f\u00fc ve Kearney taraf\u0131ndan haz\u0131rlanan MW100 &#8211; T\u00fcrkiye\u2019nin En B\u00fcy\u00fck 100 Elektrik \u00dcreticisi\u201d Ara\u015ft\u0131rmas\u0131\u2019n\u0131n 2024 y\u0131l\u0131 sonu\u00e7lar\u0131 <strong>28 \u015eubat \u00c7ar\u015famba g\u00fcn\u00fc, saat 10:00\u2019de a\u00e7\u0131klanacak.<\/strong><\/h2>\n<p style=\"text-align: center;\"><img loading=\"lazy\" class=\"aligncenter wp-image-185039\" src=\"https:\/\/www.enerjigazetesi.ist\/wp-content\/uploads\/2024\/02\/elektrik-uretiminde-en-buyukler-mw100-ile-28-subat-ta-aciklanacak.jpg\" alt=\"\" width=\"500\" height=\"388\" srcset=\"https:\/\/www.enerjigazetesi.ist\/wp-content\/uploads\/2024\/02\/elektrik-uretiminde-en-buyukler-mw100-ile-28-subat-ta-aciklanacak.jpg 550w, https:\/\/www.enerjigazetesi.ist\/wp-content\/uploads\/2024\/02\/elektrik-uretiminde-en-buyukler-mw100-ile-28-subat-ta-aciklanacak-300x233.jpg 300w, https:\/\/www.enerjigazetesi.ist\/wp-content\/uploads\/2024\/02\/elektrik-uretiminde-en-buyukler-mw100-ile-28-subat-ta-aciklanacak-500x388.jpg 500w, https:\/\/www.enerjigazetesi.ist\/wp-content\/uploads\/2024\/02\/elektrik-uretiminde-en-buyukler-mw100-ile-28-subat-ta-aciklanacak-64x50.jpg 64w\" sizes=\"(max-width: 500px) 100vw, 500px\" \/><\/p>\n<p>MW100 Ara\u015ft\u0131rmas\u0131, EPDK verilerini baz alarak haz\u0131rlan\u0131yor. Ara\u015ft\u0131rma, farkl\u0131 \u015firketler ve b\u00f6lgelerde \u00fcretim yapan enerji oyuncular\u0131n\u0131n konsolide kurulu g\u00fc\u00e7lerine g\u00f6re <strong>T\u00fcrkiye\u2019nin en b\u00fcy\u00fck 100 elektrik \u00fcreticisini<\/strong> belirliyor.<\/p>\n<p>MW100 Ara\u015ft\u0131rmas\u0131, enerji \u015firketlerini toplam kurulu g\u00fc\u00e7lerine g\u00f6re s\u0131ralaman\u0131n yan\u0131 s\u0131ra <strong>hidroelektrik, r\u00fczgar, g\u00fcne\u015f, k\u00f6m\u00fcr ve jeotermalde<\/strong> en b\u00fcy\u00fckleri de belirliyor.<\/p>\n<p><strong>MW100 Ara\u015ft\u0131rmas\u0131<\/strong>\u2019n\u0131n 2024 y\u0131l\u0131 sonu\u00e7lar\u0131 <strong>28 \u015eubat \u00c7ar\u015famba g\u00fcn\u00fc, saat 10:00\u2019de<\/strong>, <strong>Enerji G\u00fcnl\u00fc\u011f\u00fc<\/strong>\u2019n\u00fcn YouTube kanal\u0131nda <strong>canl\u0131 yay\u0131nlanacak<\/strong> bir toplant\u0131yla duyurulacak.<\/p>\n<p><strong>Enerji G\u00fcnl\u00fc\u011f\u00fc Genel Yay\u0131n Y\u00f6netmeni Mehmet Kara<\/strong> ile <strong>Kearney T\u00fcrkiye Direkt\u00f6r\u00fc Onur Okutur<\/strong>\u2019un kat\u0131l\u0131m\u0131yla ger\u00e7ekle\u015fecek toplant\u0131y\u0131 <strong>Enerji G\u00fcnl\u00fc\u011f\u00fc\u2019n\u00fcn YouTube adresinden<\/strong> izlemek m\u00fcmk\u00fcn olabilecek.<\/p>\n<p><strong> Youtube Adresi:<\/strong> <a href=\"https:\/\/www.youtube.com\/c\/EnerjiGunluguEnerjiHaberleri\" target=\"_blank\" rel=\"noopener\">https:\/\/www.youtube.com\/c\/EnerjiGunluguEnerjiHaberleri<\/a><\/p>","protected":false},"excerpt":{"rendered":"<p>Sorry, this entry is only available in Turkish. For the sake of viewer convenience, the content is shown below in the alternative language. You may click the link to switch the active language. Enerjj G\u00fcnl\u00fc\u011f\u00fc ve Kearney taraf\u0131ndan haz\u0131rlanan MW100 &#8211; T\u00fcrkiye\u2019nin En B\u00fcy\u00fck 100 Elektrik \u00dcreticisi\u201d Ara\u015ft\u0131rmas\u0131\u2019n\u0131n 2024 y\u0131l\u0131 sonu\u00e7lar\u0131 28 \u015eubat \u00c7ar\u015famba g\u00fcn\u00fc, [&hellip;]<\/p>\n","protected":false},"author":1,"featured_media":185039,"comment_status":"open","ping_status":"open","sticky":false,"template":"","format":"standard","meta":[],"categories":[51,53,49,47,48,24649,50],"tags":[112678,227,70,58,65699,1675,108405,68966,69,68969],"views":75,"_links":{"self":[{"href":"https:\/\/www.enerjigazetesi.ist\/en\/wp-json\/wp\/v2\/posts\/185037"}],"collection":[{"href":"https:\/\/www.enerjigazetesi.ist\/en\/wp-json\/wp\/v2\/posts"}],"about":[{"href":"https:\/\/www.enerjigazetesi.ist\/en\/wp-json\/wp\/v2\/types\/post"}],"author":[{"embeddable":true,"href":"https:\/\/www.enerjigazetesi.ist\/en\/wp-json\/wp\/v2\/users\/1"}],"replies":[{"embeddable":true,"href":"https:\/\/www.enerjigazetesi.ist\/en\/wp-json\/wp\/v2\/comments?post=185037"}],"version-history":[{"count":0,"href":"https:\/\/www.enerjigazetesi.ist\/en\/wp-json\/wp\/v2\/posts\/185037\/revisions"}],"wp:featuredmedia":[{"embeddable":true,"href":"https:\/\/www.enerjigazetesi.ist\/en\/wp-json\/wp\/v2\/media\/185039"}],"wp:attachment":[{"href":"https:\/\/www.enerjigazetesi.ist\/en\/wp-json\/wp\/v2\/media?parent=185037"}],"wp:term":[{"taxonomy":"category","embeddable":true,"href":"https:\/\/www.enerjigazetesi.ist\/en\/wp-json\/wp\/v2\/categories?post=185037"},{"taxonomy":"post_tag","embeddable":true,"href":"https:\/\/www.enerjigazetesi.ist\/en\/wp-json\/wp\/v2\/tags?post=185037"}],"curies":[{"name":"wp","href":"https:\/\/api.w.org\/{rel}","templated":true}]}}