{"id":185023,"date":"2024-02-27T15:10:14","date_gmt":"2024-02-27T12:10:14","guid":{"rendered":"https:\/\/www.enerjigazetesi.ist\/?p=185023"},"modified":"2024-02-27T15:11:06","modified_gmt":"2024-02-27T12:11:06","slug":"mercedes-benz-turk-outdoor-agv-ler-ile-yeni-bir-ilk-e-daha-imza-atti","status":"publish","type":"post","link":"https:\/\/www.enerjigazetesi.ist\/en\/mercedes-benz-turk-outdoor-agv-ler-ile-yeni-bir-ilk-e-daha-imza-atti\/","title":{"rendered":"(Turkish) Mercedes-Benz T\u00fcrk Outdoor AGV\u2019ler ile Yeni Bir &#8220;\u0130lk&#8221;e Daha \u0130mza Att\u0131"},"content":{"rendered":"<p class=\"qtranxs-available-languages-message qtranxs-available-languages-message-en\">Sorry, this entry is only available in <a href=\"https:\/\/www.enerjigazetesi.ist\/tr\/wp-json\/wp\/v2\/posts\/185023\" class=\"qtranxs-available-language-link qtranxs-available-language-link-tr\" title=\"Turkish\">Turkish<\/a>. For the sake of viewer convenience, the content is shown below in the alternative language. You may click the link to switch the active language.<\/p><p><\/p>\n<h2><strong>Teknolojik \u00e7\u00f6z\u00fcmlerde sekt\u00f6r\u00fcne \u00f6nc\u00fcl\u00fck eden Mercedes-Benz T\u00fcrk, Aksaray Kamyon Fabrikas\u0131\u2019nda hayata ge\u00e7irdi\u011fi Outdoor AGV\u00a0<\/strong><strong>(S\u00fcr\u00fcc\u00fcs\u00fcz Otomatik Ara\u00e7)\u00a0<\/strong><strong>Projesi ile Daimler Truck kamyon fabrikalar\u0131 aras\u0131nda bir \u201cilk\u201di ger\u00e7ekle\u015ftirdi. Mercedes-Benz T\u00fcrk\u2019\u00fcn bu projesiyle, \u00fcretimi tamamlanm\u0131\u015f kabinlerin binalar aras\u0131 ta\u015f\u0131ma i\u015flemi, akan bir trafikte \u00e7al\u0131\u015fabilen Outdoor AGV\u2019ler ile ger\u00e7ekle\u015ftiriliyor. AGV sayesinde otomatik ta\u015f\u0131ma i\u015flemleri ger\u00e7ekle\u015ferek, daha verimli kaynak kullan\u0131m\u0131 sa\u011flan\u0131yor.<\/strong><\/h2>\n<p style=\"text-align: center;\"><img loading=\"lazy\" class=\"aligncenter wp-image-185026\" src=\"https:\/\/www.enerjigazetesi.ist\/wp-content\/uploads\/2024\/02\/mercedes-benz-turk-outdoor-agv-ler-ile-yeni-bir-ilk-e-daha-imza-atti-1.jpg\" alt=\"\" width=\"500\" height=\"375\" srcset=\"https:\/\/www.enerjigazetesi.ist\/wp-content\/uploads\/2024\/02\/mercedes-benz-turk-outdoor-agv-ler-ile-yeni-bir-ilk-e-daha-imza-atti-1.jpg 550w, https:\/\/www.enerjigazetesi.ist\/wp-content\/uploads\/2024\/02\/mercedes-benz-turk-outdoor-agv-ler-ile-yeni-bir-ilk-e-daha-imza-atti-1-300x225.jpg 300w, https:\/\/www.enerjigazetesi.ist\/wp-content\/uploads\/2024\/02\/mercedes-benz-turk-outdoor-agv-ler-ile-yeni-bir-ilk-e-daha-imza-atti-1-500x375.jpg 500w, https:\/\/www.enerjigazetesi.ist\/wp-content\/uploads\/2024\/02\/mercedes-benz-turk-outdoor-agv-ler-ile-yeni-bir-ilk-e-daha-imza-atti-1-67x50.jpg 67w\" sizes=\"(max-width: 500px) 100vw, 500px\" \/><\/p>\n<p>T\u00fcrkiye\u2019de a\u011f\u0131r ticari ara\u00e7 end\u00fcstrisinin \u00f6nc\u00fcs\u00fc Mercedes-Benz T\u00fcrk, \u00a0geli\u015ftirdi\u011fi yenilik\u00e7i teknolojilerle ilklere imza atmaya devam ediyor. Bu kapsamda Mercedes-Benz T\u00fcrk, Aksaray Kamyon Fabrikas\u0131\u2019nda devreye ald\u0131\u011f\u0131; hem i\u00e7 mekanda hem de d\u0131\u015f mekanda kullan\u0131labilen, \u00e7al\u0131\u015fan dostu Outdoor AGV ile <strong>AGV teknolojisi<\/strong>ni bir ad\u0131m ileriye ta\u015f\u0131yor. T\u00fcm Daimler Truck kamyon fabrikalar\u0131 aras\u0131nda \u201cilk\u201d olma \u00f6zelli\u011fini ta\u015f\u0131yan Outdoor AGV\u2019ler, geli\u015fmi\u015f navigasyon, alg\u0131lama ve g\u00fcvenlik sistemleriyle a\u011f\u0131r ta\u015f\u0131ma i\u015flemlerini \u00fcstlenerek, i\u015f g\u00fcvenli\u011finin sa\u011flanmas\u0131nda b\u00fcy\u00fck rol oynuyor.<\/p>\n<h3><strong>Fabrika Personelinin \u0130\u015f Y\u00fck\u00fcn\u00fc Azalt\u0131yor<\/strong><\/h3>\n<p>Yeni Outdoor AGV Projesi, montaj bantlar\u0131nda \u00fcretimi tamamlanm\u0131\u015f kabinlerin, ba\u015fka bir \u00fcretim hol\u00fcnde bulunan \u015fasi ile birle\u015ftirilmesi amac\u0131yla transfer s\u00fcrecini otonom hale getiriyor. Yeni Outdoor AGV Projesi, Mercedes-Benz T\u00fcrk\u2019\u00fcn inovasyon ve ileri teknoloji alan\u0131ndaki yakla\u015f\u0131m\u0131n\u0131 yans\u0131t\u0131rken, proje operasyonel verimlilik, zaman ve i\u015f g\u00fcc\u00fc tasarrufu sa\u011flamas\u0131 bak\u0131m\u0131ndan b\u00fcy\u00fck \u00f6nem ta\u015f\u0131yor.<\/p>\n<h3><strong>S\u00fcrd\u00fcr\u00fclebilirlik Hedefleriyle Uyumlu<\/strong><\/h3>\n<p>S\u00fcrd\u00fcr\u00fclebilirlik vizyonu \u00e7er\u00e7evesinde, <strong>2039\u2019a kadar<\/strong> \u00fcretim s\u00fcre\u00e7lerindeki <strong>karbon sal\u0131n\u0131m\u0131n\u0131 tamamen ortadan kald\u0131rmay\u0131<\/strong> hedefleyen ve bu do\u011frultudaki yat\u0131r\u0131mlar\u0131 ve \u00e7al\u0131\u015fmalar\u0131yla otomotiv sekt\u00f6r\u00fcne \u00f6nc\u00fcl\u00fck eden <strong>Mercedes-Benz T\u00fcrk, Outdoor AGV Projesi<\/strong> ile de bu vizyona katk\u0131 sunmaya devam ediyor. Proje ile <strong>enerji verimlili\u011fi, d\u00fc\u015f\u00fck karbon ayak izi, at\u0131k azalt\u0131m\u0131<\/strong> ve <strong>i\u015f g\u00fcvenli\u011fi<\/strong> gibi alanlarda <strong>s\u00fcrd\u00fcr\u00fclebilirlik hedeflerine uyum<\/strong> sa\u011flan\u0131yor.<\/p>","protected":false},"excerpt":{"rendered":"<p>Sorry, this entry is only available in Turkish. For the sake of viewer convenience, the content is shown below in the alternative language. You may click the link to switch the active language. Teknolojik \u00e7\u00f6z\u00fcmlerde sekt\u00f6r\u00fcne \u00f6nc\u00fcl\u00fck eden Mercedes-Benz T\u00fcrk, Aksaray Kamyon Fabrikas\u0131\u2019nda hayata ge\u00e7irdi\u011fi Outdoor AGV\u00a0(S\u00fcr\u00fcc\u00fcs\u00fcz Otomatik Ara\u00e7)\u00a0Projesi ile Daimler Truck kamyon fabrikalar\u0131 aras\u0131nda [&hellip;]<\/p>\n","protected":false},"author":1,"featured_media":185025,"comment_status":"open","ping_status":"open","sticky":false,"template":"","format":"standard","meta":[],"categories":[53,52],"tags":[112672,112187,112670,74416,112671,112668,112669],"views":55,"_links":{"self":[{"href":"https:\/\/www.enerjigazetesi.ist\/en\/wp-json\/wp\/v2\/posts\/185023"}],"collection":[{"href":"https:\/\/www.enerjigazetesi.ist\/en\/wp-json\/wp\/v2\/posts"}],"about":[{"href":"https:\/\/www.enerjigazetesi.ist\/en\/wp-json\/wp\/v2\/types\/post"}],"author":[{"embeddable":true,"href":"https:\/\/www.enerjigazetesi.ist\/en\/wp-json\/wp\/v2\/users\/1"}],"replies":[{"embeddable":true,"href":"https:\/\/www.enerjigazetesi.ist\/en\/wp-json\/wp\/v2\/comments?post=185023"}],"version-history":[{"count":0,"href":"https:\/\/www.enerjigazetesi.ist\/en\/wp-json\/wp\/v2\/posts\/185023\/revisions"}],"wp:featuredmedia":[{"embeddable":true,"href":"https:\/\/www.enerjigazetesi.ist\/en\/wp-json\/wp\/v2\/media\/185025"}],"wp:attachment":[{"href":"https:\/\/www.enerjigazetesi.ist\/en\/wp-json\/wp\/v2\/media?parent=185023"}],"wp:term":[{"taxonomy":"category","embeddable":true,"href":"https:\/\/www.enerjigazetesi.ist\/en\/wp-json\/wp\/v2\/categories?post=185023"},{"taxonomy":"post_tag","embeddable":true,"href":"https:\/\/www.enerjigazetesi.ist\/en\/wp-json\/wp\/v2\/tags?post=185023"}],"curies":[{"name":"wp","href":"https:\/\/api.w.org\/{rel}","templated":true}]}}