{"id":185017,"date":"2024-02-27T14:42:04","date_gmt":"2024-02-27T11:42:04","guid":{"rendered":"https:\/\/www.enerjigazetesi.ist\/?p=185017"},"modified":"2024-02-27T14:49:18","modified_gmt":"2024-02-27T11:49:18","slug":"world-future-energy-summit-temiz-enerjiye-gecis-hedefini-guclendirecek","status":"publish","type":"post","link":"https:\/\/www.enerjigazetesi.ist\/en\/world-future-energy-summit-temiz-enerjiye-gecis-hedefini-guclendirecek\/","title":{"rendered":"(Turkish) &#8217;World Future Energy Summit&#8217; 16-18 Nisan&#8217;da Abu Dabi&#8217;de D\u00fczenleniyor"},"content":{"rendered":"<p class=\"qtranxs-available-languages-message qtranxs-available-languages-message-en\">Sorry, this entry is only available in <a href=\"https:\/\/www.enerjigazetesi.ist\/tr\/wp-json\/wp\/v2\/posts\/185017\" class=\"qtranxs-available-language-link qtranxs-available-language-link-tr\" title=\"Turkish\">Turkish<\/a>. For the sake of viewer convenience, the content is shown below in the alternative language. You may click the link to switch the active language.<\/p><p><\/p>\n<h2><strong>T\u00fcrkiye ve BAE&#8217;nin\u00a0Abu Dabi&#8217;de 16-18 Nisan tarihleri aras\u0131nda d\u00fczenlenecek\u00a0<\/strong><strong>World Future Energy Summit<\/strong><strong>\u2019te\u00a0enerji ili\u015fkilerini g\u00fc\u00e7lendirerek, k\u00fcresel iklim de\u011fi\u015fikli\u011fi hedeflerine y\u00f6nelik ad\u0131mlar atmas\u0131 bekleniyor.<\/strong><\/h2>\n<p style=\"text-align: center;\"><img loading=\"lazy\" class=\"aligncenter wp-image-185019\" src=\"https:\/\/www.enerjigazetesi.ist\/wp-content\/uploads\/2024\/02\/world-future-energy-summit-temiz-enerjiye-gecis-hedefini-guclendirecek.jpg\" alt=\"\" width=\"500\" height=\"334\" srcset=\"https:\/\/www.enerjigazetesi.ist\/wp-content\/uploads\/2024\/02\/world-future-energy-summit-temiz-enerjiye-gecis-hedefini-guclendirecek.jpg 550w, https:\/\/www.enerjigazetesi.ist\/wp-content\/uploads\/2024\/02\/world-future-energy-summit-temiz-enerjiye-gecis-hedefini-guclendirecek-300x200.jpg 300w, https:\/\/www.enerjigazetesi.ist\/wp-content\/uploads\/2024\/02\/world-future-energy-summit-temiz-enerjiye-gecis-hedefini-guclendirecek-500x334.jpg 500w, https:\/\/www.enerjigazetesi.ist\/wp-content\/uploads\/2024\/02\/world-future-energy-summit-temiz-enerjiye-gecis-hedefini-guclendirecek-75x50.jpg 75w, https:\/\/www.enerjigazetesi.ist\/wp-content\/uploads\/2024\/02\/world-future-energy-summit-temiz-enerjiye-gecis-hedefini-guclendirecek-450x300.jpg 450w\" sizes=\"(max-width: 500px) 100vw, 500px\" \/><\/p>\n<p>T\u00fcrk i\u015f d\u00fcnyas\u0131 \u00f6n\u00fcm\u00fczdeki Nisan ay\u0131nda, son d\u00f6nemde g\u00fc\u00e7lenen BAE-T\u00fcrkiye i\u015f birli\u011fi kapsam\u0131nda geli\u015fen Orta Do\u011fu&#8217;nun temiz enerji d\u00f6n\u00fc\u015f\u00fcm\u00fcne \u00f6nc\u00fcl\u00fck etmek ve k\u00fcresel iklim de\u011fi\u015fikli\u011fi hedeflerini yakalamak amac\u0131yla <strong>Abu Dabi\u2019de<\/strong> ger\u00e7ekle\u015ftirilecek <strong>16.\u00a0World Future Energy Summit\u2019e<\/strong> kat\u0131lacak.<\/p>\n<p>\u0130ki \u00fclke aras\u0131ndaki stratejik ortakl\u0131k ge\u00e7en yaz Cumhurba\u015fkan\u0131 Recep Tayyip Erdo\u011fan&#8217;\u0131n BAE ile enerji ve do\u011fal kaynaklar alanlar\u0131nda kapsaml\u0131 yenilenebilir enerji projelerini hayata ge\u00e7irmek amac\u0131yla hedefiyle imzalad\u0131\u011f\u0131 anla\u015fma ile kuruldu. Projeler aras\u0131nda <strong>offshore r\u00fczg\u00e2r<\/strong> ve <strong>g\u00fcne\u015f enerjisi, temiz hidrojen<\/strong> ile <strong>n\u00fckleer enerji<\/strong> yer al\u0131yor.<\/p>\n<p>D\u00fcnya Bankas\u0131&#8217;na g\u00f6re T\u00fcrkiye, 2053 y\u0131l\u0131na kadar net s\u0131f\u0131r karbon emisyonuna ula\u015fma taahh\u00fcd\u00fcnde bulundu. Bu do\u011frultuda T\u00fcrkiye&#8217;nin en b\u00fcy\u00fck \u00e7elik \u00fcreticisi Erdemir, emisyonlar\u0131n\u0131 2030 y\u0131l\u0131na dek <strong>y\u00fczde 25<\/strong> azaltmak i\u00e7in <strong>3,2 milyar dolar yat\u0131r\u0131m<\/strong> yapaca\u011f\u0131n\u0131 a\u00e7\u0131klad\u0131. Bu da T\u00fcrkiye\u2019nin sadece iklim de\u011fi\u015fikli\u011fini azaltmak i\u00e7in de\u011fil, ayn\u0131 zamanda insan sermayesini g\u00fc\u00e7lendirmek ve karbon emisyonlar\u0131n\u0131 azaltma g\u00fcndemini ilerleterek, yenilik\u00e7i \u00e7\u00f6z\u00fcmlerden yararlanma f\u0131rsat\u0131n\u0131 kullanmak i\u00e7in s\u0131k\u0131 \u00f6nlemler alma y\u00f6n\u00fcndeki kararl\u0131l\u0131\u011f\u0131n\u0131 g\u00f6steriyor.<\/p>\n<p>Geli\u015fmi\u015f \u00fclkeler taraf\u0131ndan desteklenen COP28 sonras\u0131 bir giri\u015fim, BAE-T\u00fcrkiye \u0130\u015f Konseyi&#8217;nin iklim de\u011fi\u015fikli\u011fini azaltma hedefleri konusunda i\u015f birli\u011fi yapma ve b\u00f6lgesel temiz enerjiye ge\u00e7i\u015fi h\u0131zland\u0131rma taahh\u00fcd\u00fcnde bulundu\u011funu g\u00f6rd\u00fc. T\u00fcrk i\u015f d\u00fcnyas\u0131, planlar\u0131 netle\u015ftirmek ve ortak ama\u00e7lar do\u011frultusunda olumlu ad\u0131mlar atmak i\u00e7in <strong>16-18 Nisan<\/strong> tarihleri aras\u0131nda y\u0131lda bir defa d\u00fczenlenen World Future Energy Summit\u2019te bulu\u015fmay\u0131 bekliyor.<\/p>\n<p>Bu seneki Zirve program\u0131nda, T\u00fcrkiye\u2019den gelecek olan konferans konu\u015fmac\u0131lar\u0131, delegeler ve kat\u0131l\u0131mc\u0131lar \u00f6ne \u00e7\u0131k\u0131yor. Ancak T\u00fcrkiye\u2019nin Zirve&#8217;deki G\u00fcne\u015f Enerjisi Sergisi ve Konferans\u0131 ile \u00f6ne \u00e7\u0131kacak. Sekt\u00f6r\u00fcn \u00f6nde gelen \u015firketlerinden Promod Enerji, Aksay Enerji, Turan Makina, HT G\u00fcne\u015f Enerjisi ve Naturel Enerji i\u015f birli\u011fi kapsam\u0131ndaki f\u0131rsatlar\u0131 de\u011ferlendirmek \u00fczere konferansa kat\u0131l\u0131m sa\u011flayacaklar.<\/p>\n<p><strong>HT Solar Energy Genel M\u00fcd\u00fcr\u00fc Bao Yue<\/strong>, <em>\u201cT\u00fcrkiye ile BAE aras\u0131ndaki i\u015f birli\u011fini s\u00fcrd\u00fcr\u00fclebilir enerji alan\u0131nda bir \u00fcst seviyeye ta\u015f\u0131yacak olan <strong>World Future Energy Summit, HT G\u00fcne\u015f Energy\u2019ye de<\/strong> daha ya\u015fanabilir, daha temiz bir d\u00fcnyaya katk\u0131da bulunmak i\u00e7in benzersiz bir f\u0131rsat sunuyor. Bu fuarda, en son teknolojilerimizi tan\u0131taca\u011f\u0131z ve d\u00fcnyam\u0131z\u0131n gelece\u011fini in\u015fa etmek i\u00e7in de\u011ferli ad\u0131mlar ataca\u011f\u0131z\u201d<\/em> dedi.<\/p>\n<p>World Future Energy Summit taraf\u0131ndan haz\u0131rlanan MESIA Solar Outlook Raporu&#8217;na g\u00f6re, Orta Do\u011fu, mod\u00fcl \u00fcretimi alan\u0131nda \u00f6nemli ad\u0131mlar at\u0131yor ve 2025 y\u0131l\u0131na kadar 17 GW&#8217;\u0131n \u00fczerinde bir kapasiteye ula\u015f\u0131laca\u011f\u0131 \u00f6ng\u00f6r\u00fcl\u00fcyor.\u00a0\u00a0Bu ba\u011flamda T\u00fcrkiye, Orta Do\u011fu <strong>g\u00fcne\u015f enerjisi sekt\u00f6r\u00fcnde<\/strong> hem mevcut hem de gelecekte \u00f6ng\u00f6r\u00fclen \u00fcretim kapasitesindeki <strong>y\u00fczde 80&#8217;lik <\/strong>pay\u0131yla bask\u0131n g\u00fc\u00e7 olarak \u00f6ne \u00e7\u0131k\u0131yor.<\/p>\n<p>RX Orta Do\u011fu Genel M\u00fcd\u00fcr\u00fc ve World Future Energy Summit Ba\u015fkan\u0131 Leen Alsebai, iki \u00fclke aras\u0131ndaki i\u015f birli\u011finin sadece \u00fcr\u00fcn tedariki alan\u0131ndaki bilgi payla\u015f\u0131m\u0131n\u0131n \u00f6tesine ge\u00e7erek, \u00fcst d\u00fczeyde bir i\u015f birli\u011fine d\u00f6n\u00fc\u015febilece\u011fini s\u00f6yledi. Alsebai, \u015funlar\u0131 s\u00f6yledi: <em>&#8220;T\u00fcrk ortaklar\u0131m\u0131z\u0131n \u00fclkenin geli\u015fen yenilenebilir enerji alan\u0131ndaki deneyimlerini nas\u0131l payla\u015facaklar\u0131n\u0131 ve Nisan ay\u0131ndaki Zirve\u2019ye kat\u0131lmay\u0131 planlayan b\u00f6lgesel ve uluslararas\u0131 potansiyel kurumlara ve yat\u0131r\u0131mc\u0131lara dair hangi f\u0131rsatlar\u0131n ortaya \u00e7\u0131kaca\u011f\u0131n\u0131 g\u00f6rmeyi heyecanl\u0131 bekliyoruz.\u201d<\/em><\/p>\n<p><strong>World Future Energy Summit 2024<\/strong>\u2019\u00fcn 400&#8217;den fazla kat\u0131l\u0131mc\u0131y\u0131 a\u011f\u0131rlamas\u0131, 30 binden fazla ziyaret\u00e7i \u00e7ekmesi ve <strong>g\u00fcne\u015f, at\u0131k y\u00f6netimi, su, temiz enerji ve ak\u0131ll\u0131 \u015fehirlerin<\/strong> yan\u0131 s\u0131ra <strong>iklim ve \u00e7evre<\/strong> gibi odak sekt\u00f6rlere hitap eden <strong>260&#8217;tan fazla konu\u015fmac\u0131ya<\/strong> yer vermesi bekleniyor. Etkinlik hakk\u0131nda daha fazla bilgi i\u00e7in\u00a0<span style=\"text-decoration: underline;\"><a href=\"https:\/\/www.worldfutureenergysummit.com\" target=\"_blank\" rel=\"noopener\">https:\/\/www.worldfutureenergysummit.com<\/a><\/span> adresini ziyaret edin.<\/p>","protected":false},"excerpt":{"rendered":"<p>Sorry, this entry is only available in Turkish. For the sake of viewer convenience, the content is shown below in the alternative language. You may click the link to switch the active language. T\u00fcrkiye ve BAE&#8217;nin\u00a0Abu Dabi&#8217;de 16-18 Nisan tarihleri aras\u0131nda d\u00fczenlenecek\u00a0World Future Energy Summit\u2019te\u00a0enerji ili\u015fkilerini g\u00fc\u00e7lendirerek, k\u00fcresel iklim de\u011fi\u015fikli\u011fi hedeflerine y\u00f6nelik ad\u0131mlar atmas\u0131 bekleniyor. [&hellip;]<\/p>\n","protected":false},"author":1,"featured_media":185019,"comment_status":"open","ping_status":"open","sticky":false,"template":"","format":"standard","meta":[],"categories":[51,53,49],"tags":[1813,3119,227,2206,99,842,112667],"views":30,"_links":{"self":[{"href":"https:\/\/www.enerjigazetesi.ist\/en\/wp-json\/wp\/v2\/posts\/185017"}],"collection":[{"href":"https:\/\/www.enerjigazetesi.ist\/en\/wp-json\/wp\/v2\/posts"}],"about":[{"href":"https:\/\/www.enerjigazetesi.ist\/en\/wp-json\/wp\/v2\/types\/post"}],"author":[{"embeddable":true,"href":"https:\/\/www.enerjigazetesi.ist\/en\/wp-json\/wp\/v2\/users\/1"}],"replies":[{"embeddable":true,"href":"https:\/\/www.enerjigazetesi.ist\/en\/wp-json\/wp\/v2\/comments?post=185017"}],"version-history":[{"count":0,"href":"https:\/\/www.enerjigazetesi.ist\/en\/wp-json\/wp\/v2\/posts\/185017\/revisions"}],"wp:featuredmedia":[{"embeddable":true,"href":"https:\/\/www.enerjigazetesi.ist\/en\/wp-json\/wp\/v2\/media\/185019"}],"wp:attachment":[{"href":"https:\/\/www.enerjigazetesi.ist\/en\/wp-json\/wp\/v2\/media?parent=185017"}],"wp:term":[{"taxonomy":"category","embeddable":true,"href":"https:\/\/www.enerjigazetesi.ist\/en\/wp-json\/wp\/v2\/categories?post=185017"},{"taxonomy":"post_tag","embeddable":true,"href":"https:\/\/www.enerjigazetesi.ist\/en\/wp-json\/wp\/v2\/tags?post=185017"}],"curies":[{"name":"wp","href":"https:\/\/api.w.org\/{rel}","templated":true}]}}