{"id":184994,"date":"2024-02-26T17:07:52","date_gmt":"2024-02-26T14:07:52","guid":{"rendered":"https:\/\/www.enerjigazetesi.ist\/?p=184994"},"modified":"2024-02-26T17:07:52","modified_gmt":"2024-02-26T14:07:52","slug":"asti-nin-enerji-tuketiminin-yuzde-50-si-gunes-enerjisi-nden-saglanacak","status":"publish","type":"post","link":"https:\/\/www.enerjigazetesi.ist\/en\/asti-nin-enerji-tuketiminin-yuzde-50-si-gunes-enerjisi-nden-saglanacak\/","title":{"rendered":"(Turkish) &#8217;A\u015eT\u0130\u2019nin Enerji T\u00fcketiminin %50\u2019si G\u00fcne\u015f Enerjisi&#8217;nden Sa\u011flanacak"},"content":{"rendered":"<p class=\"qtranxs-available-languages-message qtranxs-available-languages-message-en\">Sorry, this entry is only available in <a href=\"https:\/\/www.enerjigazetesi.ist\/tr\/wp-json\/wp\/v2\/posts\/184994\" class=\"qtranxs-available-language-link qtranxs-available-language-link-tr\" title=\"Turkish\">Turkish<\/a>. For the sake of viewer convenience, the content is shown below in the alternative language. You may click the link to switch the active language.<\/p><p><\/p>\n<h2><strong>Ankara B\u00fcy\u00fck\u015fehir Belediyesi, enerji tasarrufu sa\u011flamak amac\u0131yla A\u015eT\u0130\u2019ye g\u00fcne\u015f enerji panelleri yerle\u015ftirdi. A\u015eT\u0130 \u00e7at\u0131s\u0131na kurulan G\u00fcne\u015f Enerji Santrali, g\u00fcn \u0131\u015f\u0131\u011f\u0131n\u0131 do\u011frudan elektri\u011fe d\u00f6n\u00fc\u015ft\u00fcrerek A\u015eT\u0130\u2019deki enerji t\u00fcketiminin yakla\u015f\u0131k y\u00fczde 50\u2019sini kar\u015f\u0131layacak.<\/strong><\/h2>\n<p style=\"text-align: center;\"><img loading=\"lazy\" class=\"aligncenter wp-image-184997\" src=\"https:\/\/www.enerjigazetesi.ist\/wp-content\/uploads\/2024\/02\/astinin-enerji-tuketiminin-yuzde-50-si-gunes-enerjisi-nden-saglanacak.jpg\" alt=\"\" width=\"500\" height=\"326\" srcset=\"https:\/\/www.enerjigazetesi.ist\/wp-content\/uploads\/2024\/02\/astinin-enerji-tuketiminin-yuzde-50-si-gunes-enerjisi-nden-saglanacak.jpg 550w, https:\/\/www.enerjigazetesi.ist\/wp-content\/uploads\/2024\/02\/astinin-enerji-tuketiminin-yuzde-50-si-gunes-enerjisi-nden-saglanacak-300x196.jpg 300w, https:\/\/www.enerjigazetesi.ist\/wp-content\/uploads\/2024\/02\/astinin-enerji-tuketiminin-yuzde-50-si-gunes-enerjisi-nden-saglanacak-500x326.jpg 500w, https:\/\/www.enerjigazetesi.ist\/wp-content\/uploads\/2024\/02\/astinin-enerji-tuketiminin-yuzde-50-si-gunes-enerjisi-nden-saglanacak-77x50.jpg 77w\" sizes=\"(max-width: 500px) 100vw, 500px\" \/><\/p>\n<p>Ankara B\u00fcy\u00fck\u015fehir Belediyesince (ABB), enerjide tasarrufu sa\u011flamak amac\u0131yla <strong>Ankara \u015eehirler Aras\u0131 Terminal \u0130\u015fletmesi\u2019ne (A\u015eT\u0130) g\u00fcne\u015f enerji panelleri<\/strong> yerle\u015ftirildi. ABB\u2019den yap\u0131lan a\u00e7\u0131klamaya g\u00f6re, A\u015eT\u0130 \u00e7at\u0131s\u0131na kurulan <strong>G\u00fcne\u015f Enerji Santrali\u2019nin (GES) \u00e7al\u0131\u015fmalar\u0131<\/strong> tamamland\u0131. Panellerin g\u00fcn \u0131\u015f\u0131\u011f\u0131n\u0131 do\u011frudan elektri\u011fe d\u00f6n\u00fc\u015ft\u00fcrece\u011fi ve A\u015eT\u0130\u2019deki enerji t\u00fcketiminin yakla\u015f\u0131k <strong>y\u00fczde 50\u2019sini<\/strong> kar\u015f\u0131layaca\u011f\u0131 belirtildi.<\/p>\n<p><strong>ABB Ba\u015fkan\u0131 Mansur Yava\u015f<\/strong>, \u00e7al\u0131\u015fmayla ilgili, <em>\u201c\u00d6nce A\u015eT\u0130\u2019yi \u015fimdi de enerjisini yeniledik. A\u015eT\u0130 \u00e7at\u0131s\u0131na kurdu\u011fumuz g\u00fcne\u015f enerji santrali \u00e7al\u0131\u015fmalar\u0131n\u0131 tamamlad\u0131k. Panellerimiz g\u00fcn \u0131\u015f\u0131\u011f\u0131n\u0131 do\u011frudan elektri\u011fe d\u00f6n\u00fc\u015ft\u00fcrecek ve A\u015eT\u0130\u2019de enerji t\u00fcketiminin yakla\u015f\u0131k <strong>y\u00fczde 50\u2019si<\/strong> yenilenebilir enerji kayna\u011f\u0131ndan kar\u015f\u0131lanacak.\u201d<\/em> ifadelerini kulland\u0131.<\/p>\n<p>Ankara B\u00fcy\u00fck\u015fehir Belediyesi b\u00fcnyesinde \u00e7al\u0131\u015fmalar\u0131n\u0131 s\u00fcrd\u00fcren <strong>Ba\u015fkent Ula\u015f\u0131m ve Do\u011falgaz A\u015e. (BUGSA\u015e)<\/strong> A\u015eT\u0130\u2019nin \u00e7at\u0131s\u0131nda GES kurulumunu tamamlad\u0131klar\u0131n\u0131 a\u00e7\u0131klad\u0131. Proje ile T\u00fcrkiye\u2019de ilk kez bir <strong>\u015fehirleraras\u0131 terminalin<\/strong> \u00e7at\u0131s\u0131nda enerji \u00fcretimi sa\u011flanacak.<\/p>\n<p><strong>BUGSA\u015e Genel M\u00fcd\u00fcr\u00fc Vecihi Halil \u0130yig\u00fcn<\/strong>, <em>\u201cGES projemiz tamamland\u0131 ve elektrik \u00fcretimine test ama\u00e7l\u0131 ba\u015flad\u0131k. A\u015eT\u0130\u2019nin \u00e7at\u0131s\u0131nda bulunan toplam 20 bin metrekarenin <strong>14 bin metrekaresine 4 bin 194 adet panel<\/strong> yerle\u015ftirdik.<\/em><\/p>\n<p><em>Elektrik \u00fcretiminde <strong>A\u015eT\u0130\u2019nin<\/strong> y\u0131ll\u0131k t\u00fcketimi <strong>7 milyon kilovatsaat<\/strong>. GES projesi ile ortalama <strong>3,5 milyon kilovatsaatlik<\/strong> bir enerji \u00fcretimimiz olacak. Bu da demek oluyor ki A\u015eT\u0130\u2019nin <strong>y\u0131ll\u0131k elektrik t\u00fcketiminin yar\u0131s\u0131 bu paneller sayesinde<\/strong> kar\u015f\u0131lanacak. Mevzuatsal s\u00fcrecimizin <strong>3-4 g\u00fcn<\/strong> i\u00e7erisinde tamamlanaca\u011f\u0131n\u0131 de\u011ferlendiriyoruz. \u00d6n\u00fcm\u00fczdeki hafta <strong>A\u015eT\u0130 GES projesi<\/strong> tamamen hayata ge\u00e7irilmi\u015f olacak\u201d<\/em> dedi.<\/p>","protected":false},"excerpt":{"rendered":"<p>Sorry, this entry is only available in Turkish. For the sake of viewer convenience, the content is shown below in the alternative language. You may click the link to switch the active language. Ankara B\u00fcy\u00fck\u015fehir Belediyesi, enerji tasarrufu sa\u011flamak amac\u0131yla A\u015eT\u0130\u2019ye g\u00fcne\u015f enerji panelleri yerle\u015ftirdi. A\u015eT\u0130 \u00e7at\u0131s\u0131na kurulan G\u00fcne\u015f Enerji Santrali, g\u00fcn \u0131\u015f\u0131\u011f\u0131n\u0131 do\u011frudan elektri\u011fe [&hellip;]<\/p>\n","protected":false},"author":1,"featured_media":184997,"comment_status":"open","ping_status":"open","sticky":false,"template":"","format":"standard","meta":[],"categories":[53,49],"tags":[24431,112662,111089,7440,2206],"views":58,"_links":{"self":[{"href":"https:\/\/www.enerjigazetesi.ist\/en\/wp-json\/wp\/v2\/posts\/184994"}],"collection":[{"href":"https:\/\/www.enerjigazetesi.ist\/en\/wp-json\/wp\/v2\/posts"}],"about":[{"href":"https:\/\/www.enerjigazetesi.ist\/en\/wp-json\/wp\/v2\/types\/post"}],"author":[{"embeddable":true,"href":"https:\/\/www.enerjigazetesi.ist\/en\/wp-json\/wp\/v2\/users\/1"}],"replies":[{"embeddable":true,"href":"https:\/\/www.enerjigazetesi.ist\/en\/wp-json\/wp\/v2\/comments?post=184994"}],"version-history":[{"count":0,"href":"https:\/\/www.enerjigazetesi.ist\/en\/wp-json\/wp\/v2\/posts\/184994\/revisions"}],"wp:featuredmedia":[{"embeddable":true,"href":"https:\/\/www.enerjigazetesi.ist\/en\/wp-json\/wp\/v2\/media\/184997"}],"wp:attachment":[{"href":"https:\/\/www.enerjigazetesi.ist\/en\/wp-json\/wp\/v2\/media?parent=184994"}],"wp:term":[{"taxonomy":"category","embeddable":true,"href":"https:\/\/www.enerjigazetesi.ist\/en\/wp-json\/wp\/v2\/categories?post=184994"},{"taxonomy":"post_tag","embeddable":true,"href":"https:\/\/www.enerjigazetesi.ist\/en\/wp-json\/wp\/v2\/tags?post=184994"}],"curies":[{"name":"wp","href":"https:\/\/api.w.org\/{rel}","templated":true}]}}