{"id":184917,"date":"2024-02-23T13:21:46","date_gmt":"2024-02-23T10:21:46","guid":{"rendered":"https:\/\/www.enerjigazetesi.ist\/?p=184917"},"modified":"2024-02-23T13:23:13","modified_gmt":"2024-02-23T10:23:13","slug":"vakifbank-cdp-iklim-degisikligi-programinda-global-a-listesine-girdi","status":"publish","type":"post","link":"https:\/\/www.enerjigazetesi.ist\/en\/vakifbank-cdp-iklim-degisikligi-programinda-global-a-listesine-girdi\/","title":{"rendered":"(Turkish) &#8217;Vak\u0131fBank&#8217; CDP \u0130klim De\u011fi\u015fikli\u011fi Program\u0131\u2019nda Global A Listesi\u2019ne Girdi"},"content":{"rendered":"<p class=\"qtranxs-available-languages-message qtranxs-available-languages-message-en\">Sorry, this entry is only available in <a href=\"https:\/\/www.enerjigazetesi.ist\/tr\/wp-json\/wp\/v2\/posts\/184917\" class=\"qtranxs-available-language-link qtranxs-available-language-link-tr\" title=\"Turkish\">Turkish<\/a>. For the sake of viewer convenience, the content is shown below in the alternative language. You may click the link to switch the active language.<\/p><p><\/p>\n<h2>T\u00fcm \u00e7al\u0131\u015fmalar\u0131n\u0131n merkezine sorumlu ve s\u00fcrd\u00fcr\u00fclebilir banka kimli\u011fini yerle\u015ftirerek faaliyetlerini uluslararas\u0131 s\u00fcrd\u00fcr\u00fclebilirlik standartlar\u0131 \u00e7er\u00e7evesinde ger\u00e7ekle\u015ftiren Vak\u0131fBank\u2019\u0131n bu alandaki \u00f6nc\u00fc konumu, d\u00fcnyan\u0131n en b\u00fcy\u00fck \u00e7evresel raporlama platformu olan CDP taraf\u0131ndan da teyit edildi. Karbon Saydaml\u0131k Projesi&#8217;nin (CDP) \u0130klim De\u011fi\u015fikli\u011fi Program\u0131\u2019nda Global A Listesi\u2019ne giren Vak\u0131fBank, \u201c\u0130klim De\u011fi\u015fikli\u011fi\u201d ve \u201cSu G\u00fcvenli\u011fi\u201d raporlar\u0131ndaki notunu \u201cLiderlik\u201d seviyesine y\u00fckseltti.<\/h2>\n<p>&nbsp;<\/p>\n<h3><strong>\u201cGlobal liderlik stat\u00fcs\u00fc, s\u00fcrd\u00fcr\u00fclebilirlik alan\u0131nda uzun s\u00fcredir yapmakta oldu\u011fumuz \u00e7al\u0131\u015fmalar\u0131n bir yans\u0131mas\u0131d\u0131r\u201d<\/strong><\/h3>\n<p>Kurumsal stratejilerinin ayr\u0131lmaz bir par\u00e7as\u0131 olarak g\u00f6rd\u00fckleri s\u00fcrd\u00fcr\u00fclebilirlik kavram\u0131 \u00e7er\u00e7evesinde <img loading=\"lazy\" class=\"alignright wp-image-184920\" src=\"https:\/\/www.enerjigazetesi.ist\/wp-content\/uploads\/2024\/02\/1708675536_Vak__fBank_Genel_M__d__r___Abdi_Serdar___st__nsalih.jpg\" alt=\"\" width=\"320\" height=\"291\" srcset=\"https:\/\/www.enerjigazetesi.ist\/wp-content\/uploads\/2024\/02\/1708675536_Vak__fBank_Genel_M__d__r___Abdi_Serdar___st__nsalih.jpg 528w, https:\/\/www.enerjigazetesi.ist\/wp-content\/uploads\/2024\/02\/1708675536_Vak__fBank_Genel_M__d__r___Abdi_Serdar___st__nsalih-300x273.jpg 300w, https:\/\/www.enerjigazetesi.ist\/wp-content\/uploads\/2024\/02\/1708675536_Vak__fBank_Genel_M__d__r___Abdi_Serdar___st__nsalih-440x400.jpg 440w, https:\/\/www.enerjigazetesi.ist\/wp-content\/uploads\/2024\/02\/1708675536_Vak__fBank_Genel_M__d__r___Abdi_Serdar___st__nsalih-55x50.jpg 55w, https:\/\/www.enerjigazetesi.ist\/wp-content\/uploads\/2024\/02\/1708675536_Vak__fBank_Genel_M__d__r___Abdi_Serdar___st__nsalih-500x455.jpg 500w\" sizes=\"(max-width: 320px) 100vw, 320px\" \/>t\u00fcm faaliyetlerini ger\u00e7ekle\u015ftirdiklerini kaydeden <strong>Vak\u0131fBank Genel M\u00fcd\u00fcr\u00fc Abdi Serdar \u00dcst\u00fcnsalih<\/strong>, <em>\u201c23 binden fazla \u015firketin bulundu\u011fu ve uluslararas\u0131 \u00e7apta en sayg\u0131n yat\u0131r\u0131mc\u0131lara raporlama yapan CDP platformunun \u0130klim De\u011fi\u015fikli\u011fi ve Su G\u00fcvenli\u011fi Programlar\u0131ndaki \u2018Liderlik\u2019 ba\u015far\u0131m\u0131zla, \u2018s\u00fcrd\u00fcr\u00fclebilir bankac\u0131l\u0131k\u2019 performans\u0131m\u0131z\u0131 ve hassasiyetimizi t\u00fcm payda\u015flar\u0131m\u0131za sunduk. \u0130klim de\u011fi\u015fikli\u011fi ile m\u00fccadele konusundaki kazand\u0131\u011f\u0131m\u0131z bu global liderlik stat\u00fcs\u00fc, s\u00fcrd\u00fcr\u00fclebilirlik alan\u0131nda uzun s\u00fcredir yapmakta oldu\u011fumuz \u00e7al\u0131\u015fmalar\u0131n bir yans\u0131mas\u0131d\u0131r\u201d<\/em> dedi.<\/p>\n<p>Ya\u015fanabilir bir d\u00fcnya i\u00e7in sorumluluk bilinciyle hareket ettiklerini belirten \u00dcst\u00fcnsalih, a\u00e7\u0131klamalar\u0131na <span style=\"text-decoration: underline;\">\u015f\u00f6yle devam etti:<\/span><\/p>\n<p><em>\u201c\u0130klim De\u011fi\u015fikli\u011fi Program\u0131\u2019nda globalde 346 \u015firketin bulundu\u011fu \u2018Global A Liste\u2019sinde\u2019 yer almak bizim i\u00e7in gurur verici bir sonu\u00e7 oldu. \u0130klim De\u011fi\u015fikli\u011fi Program\u0131&#8217;ndaki bu \u00fcst\u00fcn performans\u0131m\u0131zla; skorumuzu 2 basamak birden y\u00fckselterek A notuna (Liderlik) ta\u015f\u0131m\u0131\u015f bulunmaktay\u0131z. \u2018\u0130klim De\u011fi\u015fikli\u011fi\u2019 eylem planlar\u0131m\u0131z kapsam\u0131nda do\u011frudan ve dolayl\u0131 t\u00fcketimlerimizi yak\u0131ndan takip ediyor ve y\u00f6netiyoruz. Ya\u015fanabilir bir d\u00fcnya i\u00e7in \u00e7evresel etkilerimizi azalt\u0131c\u0131 projeler geli\u015ftiriyoruz. Elektrik t\u00fcketimlerimizi <strong>yenilenebilir enerjiden<\/strong> sa\u011fl\u0131yor; <strong>g\u00fcne\u015f enerji santrali<\/strong> ile t\u00fcketimimizi temiz enerjiden elde etmeyi hedefliyoruz. <strong>\u00c7evreye duyarl\u0131 iklimlendirme, ayd\u0131nlatma sistemleri ve enerji verimlili\u011fi projeleriyle<\/strong> \u00e7evresel etkilerimizi minimuma indiriyoruz. T\u00fcm hizmet yerlerimizdeki operasyonlar\u0131m\u0131zda plastik t\u00fcketimini azalt\u0131yor, yeni nesil teknolojiler ile ki\u015fi ba\u015f\u0131 su t\u00fcketimimizi minimum seviyede tutarak do\u011fal kaynaklar\u0131m\u0131z\u0131 korumaya \u00f6zen g\u00f6steriyoruz. Sahip oldu\u011fumuz <strong>ISO 14001 \u00c7evre Y\u00f6netim Sistemi, ISO 50001 Enerji Y\u00f6netim Sistemi<\/strong> ve <strong>S\u0131f\u0131r At\u0131k Sertifikas\u0131<\/strong> ile <strong>\u00e7evre, enerji ve at\u0131k y\u00f6netimi<\/strong> performans\u0131m\u0131z\u0131n <strong>ISO standartlar\u0131nda<\/strong> oldu\u011fumuzu kan\u0131tl\u0131yoruz.\u201d<\/em><\/p>\n<h3><strong>\u201cVak\u0131fBank, s\u00fcrd\u00fcr\u00fclebilirli\u011fe olan ba\u011fl\u0131l\u0131\u011f\u0131n\u0131 ve su kaynaklar\u0131n\u0131n korunmas\u0131 konusuna verdi\u011fi \u00f6nemi bir kez daha kan\u0131tlam\u0131\u015ft\u0131r\u201d\u00a0<\/strong><\/h3>\n<p>2022 y\u0131l\u0131ndan itibaren su kaynaklar\u0131n\u0131n kullan\u0131m\u0131 konusunda yat\u0131r\u0131mc\u0131lara \u015feffaf bir \u015fekilde bilgi verilmesini sa\u011flayan CDP Su G\u00fcvenli\u011fi Program\u0131na da kat\u0131ld\u0131klar\u0131n\u0131n alt\u0131n\u0131 \u00e7izen \u00dcst\u00fcnsalih, <em>\u201cBir \u00f6nceki y\u0131la g\u00f6re bu programda da notumuzu iki basamak birden art\u0131rarak <strong>A- notu<\/strong> ile<strong> \u2018Liderlik\u2019<\/strong> seviyesine y\u00fckseltmi\u015f bulunmaktay\u0131z. Bu sonu\u00e7lar ile Vak\u0131fBank s\u00fcrd\u00fcr\u00fclebilirlik alan\u0131nda, \u00f6nc\u00fc bir kurum oldu\u011funu, s\u00fcrd\u00fcr\u00fclebilirli\u011fe olan ba\u011fl\u0131l\u0131\u011f\u0131n\u0131 ve su kaynaklar\u0131n\u0131n korunmas\u0131 konusuna verdi\u011fi \u00f6nemi bir kez daha kan\u0131tlam\u0131\u015ft\u0131r\u201d<\/em> dedi.<\/p>\n<h3><strong>\u201cVak\u0131fBank, d\u00fc\u015f\u00fck karbonlu ekonomiyi destekleyerek m\u00fc\u015fterilerine d\u00fc\u015f\u00fck karbonlu \u00fcr\u00fcn ve hizmet sunmaya devam edecektir\u201d<\/strong><\/h3>\n<p>\u00c7evreye duyarl\u0131 politikalar ile yar\u0131nlar\u0131n \u00f6nc\u00fcs\u00fc olacaklar\u0131n\u0131 vurgulayan \u00dcst\u00fcnsalih, a\u00e7\u0131klamalar\u0131n\u0131 <span style=\"text-decoration: underline;\">\u015f\u00f6yle tamamlad\u0131:<\/span><\/p>\n<p><em>\u201cBankam\u0131z iklim krizi ile m\u00fccadele ve su g\u00fcvenli\u011fi konular\u0131ndaki bu ba\u015far\u0131s\u0131 ile sadece i\u015f etkinli\u011fine odaklanan bir kurum olmad\u0131\u011f\u0131n\u0131 g\u00f6stermi\u015ftir. Ayn\u0131 zamanda do\u011frudan ya da dolayl\u0131 i\u015f s\u00fcre\u00e7lerine \u00e7evresel ve sosyal fakt\u00f6rleri entegre ederek s\u00fcrd\u00fcr\u00fclebilir bir yakla\u015f\u0131ma sahip oldu\u011funu g\u00f6stermi\u015ftir. Payda\u015f t\u00fcm birimlerimizin uyumlu bir bi\u00e7imde \u00e7al\u0131\u015fmas\u0131, s\u00fcrd\u00fcr\u00fclebilirli\u011fin kurumsal ilkelerimize entegre edilmesi, \u00fcst y\u00f6netimimizde \u00f6nemli kararlar\u0131n al\u0131nmas\u0131, <strong>2023 CDP \u0130klim De\u011fi\u015fikli\u011fi ve Su G\u00fcvenli\u011fi Program\u0131<\/strong> de\u011ferlendirmesinde y\u00fcksek performans g\u00f6sterilmesine \u00f6nemli katk\u0131 sa\u011flam\u0131\u015ft\u0131r. CDP \u0130klim De\u011fi\u015fikli\u011fi ve Su G\u00fcvenli\u011fi Programlar\u0131nda lider olmam\u0131z, s\u00fcrd\u00fcr\u00fclebilirlik konusundaki kararl\u0131l\u0131\u011f\u0131m\u0131z\u0131 ve att\u0131\u011f\u0131m\u0131z ad\u0131mlar\u0131 teyit eder nitelikte. Vak\u0131fBank S\u00fcrd\u00fcr\u00fclebilir Bankac\u0131l\u0131kta \u00f6nc\u00fc konumda olma hedefini s\u00fcrd\u00fcrmek i\u00e7in <strong>d\u00fc\u015f\u00fck karbonlu ekonomiyi destekleyerek<\/strong> m\u00fc\u015fterilerine <strong>d\u00fc\u015f\u00fck karbonlu \u00fcr\u00fcn ve hizmet sunmaya<\/strong> devam edecektir.\u201d<\/em><\/p>\n<p>Vak\u0131fBank, 2023 y\u0131l\u0131n\u0131n haziran ay\u0131nda <strong>Bilim Temelli Hedefler Giri\u015fimi\u2019ne (Science Based Targets initiative-SBTi)<\/strong> do\u011frudan, dolayl\u0131 ve kredi\/yat\u0131r\u0131m faaliyetlerinden kaynakl\u0131<strong> sera gaz\u0131 emisyonlar\u0131na ili\u015fkin hedeflerini<\/strong> onaylatan ilk T\u00fcrk bankas\u0131 da olmu\u015ftur.<\/p>","protected":false},"excerpt":{"rendered":"<p>Sorry, this entry is only available in Turkish. For the sake of viewer convenience, the content is shown below in the alternative language. You may click the link to switch the active language. T\u00fcm \u00e7al\u0131\u015fmalar\u0131n\u0131n merkezine sorumlu ve s\u00fcrd\u00fcr\u00fclebilir banka kimli\u011fini yerle\u015ftirerek faaliyetlerini uluslararas\u0131 s\u00fcrd\u00fcr\u00fclebilirlik standartlar\u0131 \u00e7er\u00e7evesinde ger\u00e7ekle\u015ftiren Vak\u0131fBank\u2019\u0131n bu alandaki \u00f6nc\u00fc konumu, d\u00fcnyan\u0131n en [&hellip;]<\/p>\n","protected":false},"author":1,"featured_media":184919,"comment_status":"open","ping_status":"open","sticky":false,"template":"","format":"standard","meta":[],"categories":[53,52],"tags":[12310,88705,1999,32109,65424,67009,1296,2718],"views":36,"_links":{"self":[{"href":"https:\/\/www.enerjigazetesi.ist\/en\/wp-json\/wp\/v2\/posts\/184917"}],"collection":[{"href":"https:\/\/www.enerjigazetesi.ist\/en\/wp-json\/wp\/v2\/posts"}],"about":[{"href":"https:\/\/www.enerjigazetesi.ist\/en\/wp-json\/wp\/v2\/types\/post"}],"author":[{"embeddable":true,"href":"https:\/\/www.enerjigazetesi.ist\/en\/wp-json\/wp\/v2\/users\/1"}],"replies":[{"embeddable":true,"href":"https:\/\/www.enerjigazetesi.ist\/en\/wp-json\/wp\/v2\/comments?post=184917"}],"version-history":[{"count":0,"href":"https:\/\/www.enerjigazetesi.ist\/en\/wp-json\/wp\/v2\/posts\/184917\/revisions"}],"wp:featuredmedia":[{"embeddable":true,"href":"https:\/\/www.enerjigazetesi.ist\/en\/wp-json\/wp\/v2\/media\/184919"}],"wp:attachment":[{"href":"https:\/\/www.enerjigazetesi.ist\/en\/wp-json\/wp\/v2\/media?parent=184917"}],"wp:term":[{"taxonomy":"category","embeddable":true,"href":"https:\/\/www.enerjigazetesi.ist\/en\/wp-json\/wp\/v2\/categories?post=184917"},{"taxonomy":"post_tag","embeddable":true,"href":"https:\/\/www.enerjigazetesi.ist\/en\/wp-json\/wp\/v2\/tags?post=184917"}],"curies":[{"name":"wp","href":"https:\/\/api.w.org\/{rel}","templated":true}]}}