{"id":184876,"date":"2024-02-21T17:18:27","date_gmt":"2024-02-21T14:18:27","guid":{"rendered":"https:\/\/www.enerjigazetesi.ist\/?p=184876"},"modified":"2024-02-21T17:19:05","modified_gmt":"2024-02-21T14:19:05","slug":"elder-de-genel-sekreterlik-gorevini-fakir-huseyin-erdogan-ustlendi","status":"publish","type":"post","link":"https:\/\/www.enerjigazetesi.ist\/en\/elder-de-genel-sekreterlik-gorevini-fakir-huseyin-erdogan-ustlendi\/","title":{"rendered":"(Turkish) ELDER\u2019de Genel Sekreterlik G\u00f6revini Fakir H\u00fcseyin Erdo\u011fan \u00dcstlendi"},"content":{"rendered":"<p class=\"qtranxs-available-languages-message qtranxs-available-languages-message-en\">Sorry, this entry is only available in <a href=\"https:\/\/www.enerjigazetesi.ist\/tr\/wp-json\/wp\/v2\/posts\/184876\" class=\"qtranxs-available-language-link qtranxs-available-language-link-tr\" title=\"Turkish\">Turkish<\/a>. For the sake of viewer convenience, the content is shown below in the alternative language. You may click the link to switch the active language.<\/p><p><\/p>\n<h2>T\u00fcrkiye\u2019nin her noktas\u0131nda vatanda\u015flara hizmet sa\u011flayan, kesintisiz, kaliteli ve d\u00fc\u015f\u00fck maliyetli elektrik hizmeti sunmak i\u00e7in samimiyetle \u00e7al\u0131\u015fan elektrik da\u011f\u0131t\u0131m sekt\u00f6r\u00fcn\u00fcn \u00e7at\u0131 kurulu\u015fu Elektrik Da\u011f\u0131t\u0131m Hizmetleri Derne\u011fi\u2019nde (Elder) Genel Sekreterlik g\u00f6revine, sekt\u00f6rde 25 y\u0131ll\u0131k tecr\u00fcbeye sahip olan Fakir H\u00fcseyin Erdo\u011fan getirildi.<\/h2>\n<p style=\"text-align: center;\"><img loading=\"lazy\" class=\"aligncenter wp-image-184878\" src=\"https:\/\/www.enerjigazetesi.ist\/wp-content\/uploads\/2024\/02\/elder-de-genel-sekreterlik-gorevini-fakir-huseyin-erdogan-ustlendi.jpg\" alt=\"\" width=\"500\" height=\"322\" srcset=\"https:\/\/www.enerjigazetesi.ist\/wp-content\/uploads\/2024\/02\/elder-de-genel-sekreterlik-gorevini-fakir-huseyin-erdogan-ustlendi.jpg 550w, https:\/\/www.enerjigazetesi.ist\/wp-content\/uploads\/2024\/02\/elder-de-genel-sekreterlik-gorevini-fakir-huseyin-erdogan-ustlendi-300x193.jpg 300w, https:\/\/www.enerjigazetesi.ist\/wp-content\/uploads\/2024\/02\/elder-de-genel-sekreterlik-gorevini-fakir-huseyin-erdogan-ustlendi-500x322.jpg 500w, https:\/\/www.enerjigazetesi.ist\/wp-content\/uploads\/2024\/02\/elder-de-genel-sekreterlik-gorevini-fakir-huseyin-erdogan-ustlendi-78x50.jpg 78w\" sizes=\"(max-width: 500px) 100vw, 500px\" \/><\/p>\n<p>Konuyla ilgili olarak Elder\u2019den yap\u0131lan a\u00e7\u0131klamada, <em>\u201cDerne\u011fimizin genel sekreterlik g\u00f6revini, kamuda bu alanda uzun y\u0131llar \u00e7al\u0131\u015fm\u0131\u015f ve emekliye ayr\u0131lm\u0131\u015f sekt\u00f6r\u00fcm\u00fcz\u00fcn tecr\u00fcbeli ismi Fakir H\u00fcseyin Erdo\u011fan\u2019\u0131n \u00fcstlenmesinden b\u00fcy\u00fck memnuniyet duyuyoruz. Elder olarak t\u00fcketicilerin t\u00fcm\u00fcne fayda sa\u011flayacak, elektrik piyasalar\u0131n\u0131n geli\u015fimine destek sunacak ara\u015ft\u0131rmalar\u0131 ve projeleri \u00fcretmek, elektrik da\u011f\u0131t\u0131m faaliyetlerinde katma de\u011feri art\u0131rmak, hizmet kalitesini y\u00fckseltmek ve ekonomik fayday\u0131 b\u00fcy\u00fctmek her zaman en b\u00fcy\u00fck hedefimiz. Bu hedefler do\u011frultusunda Erdo\u011fan\u2019\u0131n Derne\u011fimize b\u00fcy\u00fck katk\u0131 sunaca\u011f\u0131na, hep birlikte ba\u015far\u0131l\u0131 \u00e7al\u0131\u015fmalara imza ataca\u011f\u0131m\u0131za inan\u0131yoruz. 2021-2024 y\u0131llar\u0131 aras\u0131nda Elder Genel Sekreterli\u011fini y\u00fcr\u00fcten Mustafa \u00d6zge \u00d6zden\u2019e de bug\u00fcne kadar derne\u011fimize katt\u0131\u011f\u0131 de\u011fer ve sundu\u011fu vizyon i\u00e7in te\u015fekk\u00fcrlerimizi sunuyor, D\u00fcnya Bankas\u0131 T\u00fcrkiye\u2019deki yeni g\u00f6revinde ba\u015far\u0131lar\u0131n\u0131n devam\u0131n\u0131 diliyoruz\u201d<\/em> denildi.<\/p>\n<p>Elder\u2019in yeni Genel Sekreteri Fakir H\u00fcseyin Erdo\u011fan; Hacettepe \u00dcniversitesi N\u00fckleer Enerji M\u00fchendisli\u011fi b\u00f6l\u00fcm\u00fcnden mezunu olduktan sonra Ankara \u00dcniversitesi\u2019nde Siyaset Bilimi alan\u0131nda y\u00fcksek lisans yapt\u0131. \u00c7al\u0131\u015fma hayat\u0131na 1992 y\u0131l\u0131nda ad\u0131m atan Erdo\u011fan, enerji sekt\u00f6r\u00fcnde T\u00fcrkiye Elektrik \u00dcretim \u0130letim A\u015e ve Enerji ve Tabii Kaynaklar Bakanl\u0131\u011f\u0131\u2019nda \u00e7e\u015fitli kademelerde g\u00f6rev yapt\u0131. 2002-2024 y\u0131llar\u0131 aras\u0131nda Enerji Piyasas\u0131 D\u00fczenleme Kurumu\u2019nda (EPDK), elektrik piyasas\u0131n izlenmesi, mevzuat geli\u015ftirilmesi, sekt\u00f6rel analizler ve d\u0131\u015f ili\u015fkilerin koordinasyonu alanlar\u0131nda \u00e7al\u0131\u015fmalarda bulunan Erdo\u011fan 2024 y\u0131l\u0131nda EPDK\u2019dan emeklili\u011fe ayr\u0131ld\u0131. Fakir H\u00fcseyin Erdo\u011fan enerji d\u00fczenlemesi alan\u0131nda uluslararas\u0131 en \u00f6nemli etkinlik olan ve 2015 y\u0131l\u0131nda \u0130stanbul\u2019da ger\u00e7ekle\u015ftirilen 6. D\u00fcnya Enerji D\u00fczenleme Forumu\u2019nun teknik sekreteri olarak g\u00f6rev yapt\u0131.\u00a0 \u0130ngilizce bilen Erdo\u011fan evli ve iki \u00e7ocuk babas\u0131.<\/p>","protected":false},"excerpt":{"rendered":"<p>Sorry, this entry is only available in Turkish. For the sake of viewer convenience, the content is shown below in the alternative language. You may click the link to switch the active language. T\u00fcrkiye\u2019nin her noktas\u0131nda vatanda\u015flara hizmet sa\u011flayan, kesintisiz, kaliteli ve d\u00fc\u015f\u00fck maliyetli elektrik hizmeti sunmak i\u00e7in samimiyetle \u00e7al\u0131\u015fan elektrik da\u011f\u0131t\u0131m sekt\u00f6r\u00fcn\u00fcn \u00e7at\u0131 kurulu\u015fu [&hellip;]<\/p>\n","protected":false},"author":1,"featured_media":184878,"comment_status":"open","ping_status":"open","sticky":false,"template":"","format":"standard","meta":[],"categories":[51,53],"tags":[1824,7315,15016,4546,112621,112620],"views":123,"_links":{"self":[{"href":"https:\/\/www.enerjigazetesi.ist\/en\/wp-json\/wp\/v2\/posts\/184876"}],"collection":[{"href":"https:\/\/www.enerjigazetesi.ist\/en\/wp-json\/wp\/v2\/posts"}],"about":[{"href":"https:\/\/www.enerjigazetesi.ist\/en\/wp-json\/wp\/v2\/types\/post"}],"author":[{"embeddable":true,"href":"https:\/\/www.enerjigazetesi.ist\/en\/wp-json\/wp\/v2\/users\/1"}],"replies":[{"embeddable":true,"href":"https:\/\/www.enerjigazetesi.ist\/en\/wp-json\/wp\/v2\/comments?post=184876"}],"version-history":[{"count":0,"href":"https:\/\/www.enerjigazetesi.ist\/en\/wp-json\/wp\/v2\/posts\/184876\/revisions"}],"wp:featuredmedia":[{"embeddable":true,"href":"https:\/\/www.enerjigazetesi.ist\/en\/wp-json\/wp\/v2\/media\/184878"}],"wp:attachment":[{"href":"https:\/\/www.enerjigazetesi.ist\/en\/wp-json\/wp\/v2\/media?parent=184876"}],"wp:term":[{"taxonomy":"category","embeddable":true,"href":"https:\/\/www.enerjigazetesi.ist\/en\/wp-json\/wp\/v2\/categories?post=184876"},{"taxonomy":"post_tag","embeddable":true,"href":"https:\/\/www.enerjigazetesi.ist\/en\/wp-json\/wp\/v2\/tags?post=184876"}],"curies":[{"name":"wp","href":"https:\/\/api.w.org\/{rel}","templated":true}]}}