{"id":18484,"date":"2013-11-29T15:54:13","date_gmt":"2013-11-29T12:54:13","guid":{"rendered":"https:\/\/www.enerjigazetesi.ist\/?p=18484"},"modified":"2013-11-29T15:54:13","modified_gmt":"2013-11-29T12:54:13","slug":"japonlar-aya-gunes-yuzugu-takacak","status":"publish","type":"post","link":"https:\/\/www.enerjigazetesi.ist\/en\/japonlar-aya-gunes-yuzugu-takacak\/","title":{"rendered":"(Turkish) Japonlar Ay\u2019a G\u00fcne\u015f Y\u00fcz\u00fc\u011f\u00fc Takacak!"},"content":{"rendered":"<p class=\"qtranxs-available-languages-message qtranxs-available-languages-message-en\">Sorry, this entry is only available in <a href=\"https:\/\/www.enerjigazetesi.ist\/tr\/wp-json\/wp\/v2\/posts\/18484\" class=\"qtranxs-available-language-link qtranxs-available-language-link-tr\" title=\"Turkish\">Turkish<\/a>. For the sake of viewer convenience, the content is shown below in the alternative language. You may click the link to switch the active language.<\/p><p><strong>Japon Shimizu \u015firketi Ay\u2019\u0131n ekvatorunu g\u00fcne\u015f paneli kemeri ile ku\u015fatarakAy\u2019\u0131 dev bir g\u00fcne\u015f paneli istasyonuna \u00e7evirmeyi planl\u0131yor. Japon m\u00fchendislik ve yap\u0131 firmas\u0131 Shimizu ay\u0131n ekvatoruna 6.800 millik g\u00fcne\u015f kemeri yerle\u015ftirmeyi planl\u0131yor. \u015eirket 2035 y\u0131l\u0131nda in\u015faya ba\u015flamak i\u00e7in 2020 y\u0131l\u0131na kadar bir pilot g\u00f6steri planl\u0131yor.<\/strong><\/p>\n<p><strong>AY Y\u00dcZ\u00dc\u011e\u00dc UZAKTAN KONTROLL\u00dc ROBOTLARLA KURULACAK<\/strong><br \/>\nTamamen uzaktan kumandal\u0131 robotlarla kurulacak olan Ay y\u00fcz\u00fc\u011f\u00fc, yakla\u015f\u0131k 6.800 millik Ay ekvatorunu saracak ve 248 mil geni\u015fli\u011finde olacak. Toplanan g\u00fcne\u015f enerjisi mikrodalgalar ve laserlerle d\u00fcnyaya yans\u0131t\u0131lacak ve burada da elektri\u011fe d\u00f6n\u00fc\u015ft\u00fcr\u00fclecek.<a href=\"https:\/\/www.enerjigazetesi.ist\/wp-content\/uploads\/2013\/11\/japonlar-aya-gunes-yuzugu-takacak.jpg\"><img loading=\"lazy\" class=\"alignright size-medium wp-image-18485\" title=\"japonlar-aya-gunes-yuzugu-takacak\" src=\"https:\/\/www.enerjigazetesi.ist\/wp-content\/uploads\/2013\/11\/japonlar-aya-gunes-yuzugu-takacak-300x210.jpg\" alt=\"\" width=\"300\" height=\"210\" srcset=\"https:\/\/www.enerjigazetesi.ist\/wp-content\/uploads\/2013\/11\/japonlar-aya-gunes-yuzugu-takacak-300x210.jpg 300w, https:\/\/www.enerjigazetesi.ist\/wp-content\/uploads\/2013\/11\/japonlar-aya-gunes-yuzugu-takacak-71x50.jpg 71w, https:\/\/www.enerjigazetesi.ist\/wp-content\/uploads\/2013\/11\/japonlar-aya-gunes-yuzugu-takacak.jpg 375w\" sizes=\"(max-width: 300px) 100vw, 300px\" \/><\/a><\/p>\n<p><strong>AY Y\u00dcZ\u00dc\u011e\u00dc 13.000 TERRA WATT ENERJ\u0130 \u00dcRETEB\u0130LECEK<\/strong><br \/>\nShimizu Ay Y\u00fcz\u00fc\u011f\u00fc\u2019n\u00fcn 13.000 terra watt enerji \u00fcretebilece\u011fini s\u00f6yl\u00fcyor. Kar\u015f\u0131la\u015ft\u0131rmak gerekirse, Suffolk\u2019ta bulunan Sizewell B n\u00fckleer reakt\u00f6r\u00fc 1.198 megawat elektrik \u00fcretiyor.<\/p>\n<p>\u015eirketin m\u00fchendislerine g\u00f6re Ay\u2019\u0131n ekvatoru yeterli miktarda g\u00fcne\u015fe sahip ve d\u00fcnyada oldu\u011fu gibi baz\u0131 hava sorunlar\u0131 da ya\u015fanm\u0131yor.<\/p>\n<p>Shimizu yapt\u0131\u011f\u0131 a\u00e7\u0131klamada, \u201c hemen hemen hi\u00e7 t\u00fckenmeyen, \u00e7evreyi kirletmeyen g\u00fcne\u015f enerjisi hayat\u0131m\u0131za oldu\u011fu kadar do\u011faya da refah getiren nihai ye\u015fil enerji kayna\u011f\u0131d\u0131r\u201d dedi.<\/p>\n<p><strong>NASA YILLARDIR UZAYDA G\u00dcNE\u015e S\u0130STEMLER\u0130N\u0130 ARA\u015eTIRIYOR<\/strong><br \/>\nBu giri\u015fim d\u00fcnyan\u0131n azalan enerji kaynaklar\u0131na bir \u00e7\u00f6z\u00fcm aray\u0131\u015f\u0131 olarak uzayda g\u00fcne\u015f enerjisi \u00fcretimi i\u00e7in yap\u0131lan ilk giri\u015fim de\u011fil. NASA on y\u0131llard\u0131r uzay tabanl\u0131 g\u00fcne\u015f sistemlerini ara\u015ft\u0131r\u0131yor.<\/p>\n<p><strong>F\u0130KRE SICAK BAKMAYANLAR DA VAR<\/strong><br \/>\nLiverpool \u00dcniversitesi Stephenson Enstit\u00fcs\u00fc Yenilenebilir Enerji direkt\u00f6r\u00fc Prof Werner Hofer, bu fikre s\u0131cak bakm\u0131yor. Hofer, bunun inan\u0131lmaz pahal\u0131 bir yat\u0131r\u0131m oldu\u011funu ve yat\u0131r\u0131lan sermayenin asla geri d\u00f6n\u00fc\u015f\u00fc olamayabilece\u011fini s\u00f6yl\u00fcyor.<\/p>\n<p>Kaynak: <a href=\"http:\/\/enerjigunlugu.net\/japonlar-aya-gunes-yuzugu-takacak!_5842.html\" target=\"_blank\">Enerji G\u00fcnl\u00fc\u011f\u00fc<\/a><\/p>","protected":false},"excerpt":{"rendered":"<p>Sorry, this entry is only available in Turkish. For the sake of viewer convenience, the content is shown below in the alternative language. You may click the link to switch the active language.Japon Shimizu \u015firketi Ay\u2019\u0131n ekvatorunu g\u00fcne\u015f paneli kemeri ile ku\u015fatarakAy\u2019\u0131 dev bir g\u00fcne\u015f paneli istasyonuna \u00e7evirmeyi planl\u0131yor. Japon m\u00fchendislik ve yap\u0131 firmas\u0131 Shimizu [&hellip;]<\/p>\n","protected":false},"author":1,"featured_media":18485,"comment_status":"open","ping_status":"open","sticky":false,"template":"","format":"standard","meta":[],"categories":[53,49],"tags":[10802,10804,63,67,1009,165,18,227,13,10805,10803,10801,10800,10807,10806,10808,105,5972],"views":721,"_links":{"self":[{"href":"https:\/\/www.enerjigazetesi.ist\/en\/wp-json\/wp\/v2\/posts\/18484"}],"collection":[{"href":"https:\/\/www.enerjigazetesi.ist\/en\/wp-json\/wp\/v2\/posts"}],"about":[{"href":"https:\/\/www.enerjigazetesi.ist\/en\/wp-json\/wp\/v2\/types\/post"}],"author":[{"embeddable":true,"href":"https:\/\/www.enerjigazetesi.ist\/en\/wp-json\/wp\/v2\/users\/1"}],"replies":[{"embeddable":true,"href":"https:\/\/www.enerjigazetesi.ist\/en\/wp-json\/wp\/v2\/comments?post=18484"}],"version-history":[{"count":1,"href":"https:\/\/www.enerjigazetesi.ist\/en\/wp-json\/wp\/v2\/posts\/18484\/revisions"}],"predecessor-version":[{"id":18486,"href":"https:\/\/www.enerjigazetesi.ist\/en\/wp-json\/wp\/v2\/posts\/18484\/revisions\/18486"}],"wp:featuredmedia":[{"embeddable":true,"href":"https:\/\/www.enerjigazetesi.ist\/en\/wp-json\/wp\/v2\/media\/18485"}],"wp:attachment":[{"href":"https:\/\/www.enerjigazetesi.ist\/en\/wp-json\/wp\/v2\/media?parent=18484"}],"wp:term":[{"taxonomy":"category","embeddable":true,"href":"https:\/\/www.enerjigazetesi.ist\/en\/wp-json\/wp\/v2\/categories?post=18484"},{"taxonomy":"post_tag","embeddable":true,"href":"https:\/\/www.enerjigazetesi.ist\/en\/wp-json\/wp\/v2\/tags?post=18484"}],"curies":[{"name":"wp","href":"https:\/\/api.w.org\/{rel}","templated":true}]}}