{"id":184797,"date":"2024-02-20T14:42:45","date_gmt":"2024-02-20T11:42:45","guid":{"rendered":"https:\/\/www.enerjigazetesi.ist\/?p=184797"},"modified":"2024-02-20T14:46:20","modified_gmt":"2024-02-20T11:46:20","slug":"siemens-turkiye-2023-surdurulebilirlik-raporu-nu-yayimladi","status":"publish","type":"post","link":"https:\/\/www.enerjigazetesi.ist\/en\/siemens-turkiye-2023-surdurulebilirlik-raporu-nu-yayimladi\/","title":{"rendered":"(Turkish) &#8217;Siemens T\u00fcrkiye&#8217; 2023 S\u00fcrd\u00fcr\u00fclebilirlik Raporu\u2019nu Yay\u0131mlad\u0131"},"content":{"rendered":"<p class=\"qtranxs-available-languages-message qtranxs-available-languages-message-en\">Sorry, this entry is only available in <a href=\"https:\/\/www.enerjigazetesi.ist\/tr\/wp-json\/wp\/v2\/posts\/184797\" class=\"qtranxs-available-language-link qtranxs-available-language-link-tr\" title=\"Turkish\">Turkish<\/a>. For the sake of viewer convenience, the content is shown below in the alternative language. You may click the link to switch the active language.<\/p><p><\/p>\n<h2><strong>Siemens T\u00fcrkiye, s\u00fcrd\u00fcr\u00fclebilirlik eylem ve hedeflerini payla\u015ft\u0131\u011f\u0131 2023 S\u00fcrd\u00fcr\u00fclebilirlik Raporu\u2019nu yay\u0131mlad\u0131.<\/strong><\/h2>\n<p style=\"text-align: center;\"><img loading=\"lazy\" class=\"aligncenter wp-image-184800\" src=\"https:\/\/www.enerjigazetesi.ist\/wp-content\/uploads\/2024\/02\/siemens-turkiye-2023-surdurulebilirlik-raporu-nu-yayimladi.jpg\" alt=\"\" width=\"500\" height=\"352\" srcset=\"https:\/\/www.enerjigazetesi.ist\/wp-content\/uploads\/2024\/02\/siemens-turkiye-2023-surdurulebilirlik-raporu-nu-yayimladi.jpg 550w, https:\/\/www.enerjigazetesi.ist\/wp-content\/uploads\/2024\/02\/siemens-turkiye-2023-surdurulebilirlik-raporu-nu-yayimladi-300x211.jpg 300w, https:\/\/www.enerjigazetesi.ist\/wp-content\/uploads\/2024\/02\/siemens-turkiye-2023-surdurulebilirlik-raporu-nu-yayimladi-500x352.jpg 500w, https:\/\/www.enerjigazetesi.ist\/wp-content\/uploads\/2024\/02\/siemens-turkiye-2023-surdurulebilirlik-raporu-nu-yayimladi-71x50.jpg 71w\" sizes=\"(max-width: 500px) 100vw, 500px\" \/><\/p>\n<p>Siemens T\u00fcrkiye, 167 y\u0131ld\u0131r bu topraklarda faaliyet g\u00f6steren sorumlu bir \u015firket olarak att\u0131\u011f\u0131 her ad\u0131mda \u00fclke, insan ve gelecek i\u00e7in de\u011fer yarat\u0131yor. S\u00fcrd\u00fcr\u00fclebilirli\u011fi i\u015finin ayr\u0131lmaz bir par\u00e7as\u0131 olarak de\u011ferlendiren Siemens T\u00fcrkiye, <strong>360 derecelik<\/strong> bir perspektifle global <strong>DEGREE stratejisi<\/strong> kapsam\u0131nda <strong>Karbonsuzla\u015fma, Etik, Y\u00f6neti\u015fim, Kaynak Verimlili\u011fi, F\u0131rsat E\u015fitlili\u011fi, \u0130stihdam Edilebilirlik<\/strong> ba\u015fl\u0131klar\u0131 alt\u0131nda inovatif yakla\u015f\u0131mlar geli\u015ftiriyor; bu yakla\u015f\u0131mlar\u0131 hem kendi operasyonlar\u0131nda da hem de m\u00fc\u015fterilerinin faaliyetlerinde hayata ge\u00e7iriyor.<\/p>\n<p>Siemens T\u00fcrkiye, DEGREE\u2019nin yan\u0131 s\u0131ra, <strong>\u0130klim Koruma, S\u00fcrd\u00fcr\u00fclebilir \u00dcr\u00fcn Tasar\u0131m\u0131, \u0130novasyon ve \u0130\u015f Modelleri, Sorumlu Y\u00f6neti\u015fim, \u0130\u015fin Gelece\u011fi, Siber G\u00fcvenlik ve Veri Y\u00f6netimi, \u00c7al\u0131\u015fan Sa\u011fl\u0131\u011f\u0131 ve G\u00fcvenli\u011fi, Uyumluluk Y\u00f6netimi<\/strong> gibi pek \u00e7ok ba\u015fl\u0131k alt\u0131nda yapt\u0131\u011f\u0131 \u00e7al\u0131\u015fmalarla Birle\u015fmi\u015f Milletler S\u00fcrd\u00fcr\u00fclebilir Kalk\u0131nma Ama\u00e7lar\u0131\u2019na da paralel bir rota izliyor. Faaliyet g\u00f6sterdi\u011fi pek \u00e7ok farkl\u0131 alan ve hizmet sundu\u011fu \u00e7e\u015fitli sekt\u00f6rlerde \u00e7al\u0131\u015fmalar\u0131n\u0131 s\u00fcrd\u00fcr\u00fclebilirlik zemini \u00fczerine yerle\u015ftiriyor, yeniliklere imza at\u0131yor. Bu \u00e7er\u00e7evede \u00fclkemizin ve d\u00fcnyan\u0131n gelece\u011fi i\u00e7in <strong>inovasyona, yeni teknolojilere, Ar-Ge\u2019ye yat\u0131r\u0131m<\/strong> yap\u0131yor.<\/p>\n<h3><strong>\u201cS\u00fcrd\u00fcr\u00fclebilir Kalk\u0131nman\u0131n Yolu B\u00fcy\u00fck \u00d6l\u00e7\u00fcde Teknoloji ve AR-GE\u2019den Ge\u00e7iyor\u201d<\/strong><\/h3>\n<p><strong>Siemens T\u00fcrkiye Y\u00f6netim Kurulu Ba\u015fkan\u0131 ve CEO\u2019su H\u00fcseyin Gelis<\/strong>,\u00a0Siemens T\u00fcrkiye\u2019nin 2023 S\u00fcrd\u00fcr\u00fclebilirlik Raporu ile ilgili \u015funlar\u0131 s\u00f6yledi: <em>&#8220;167 y\u0131ld\u0131r hizmet etti\u011fimiz \u00fclkemize ba\u011fl\u0131l\u0131\u011f\u0131m\u0131z <img loading=\"lazy\" class=\"alignright wp-image-184799\" src=\"https:\/\/www.enerjigazetesi.ist\/wp-content\/uploads\/2024\/02\/1708410438_Huseyin_Gelis.jpg\" alt=\"\" width=\"320\" height=\"334\" srcset=\"https:\/\/www.enerjigazetesi.ist\/wp-content\/uploads\/2024\/02\/1708410438_Huseyin_Gelis.jpg 460w, https:\/\/www.enerjigazetesi.ist\/wp-content\/uploads\/2024\/02\/1708410438_Huseyin_Gelis-288x300.jpg 288w, https:\/\/www.enerjigazetesi.ist\/wp-content\/uploads\/2024\/02\/1708410438_Huseyin_Gelis-383x400.jpg 383w, https:\/\/www.enerjigazetesi.ist\/wp-content\/uploads\/2024\/02\/1708410438_Huseyin_Gelis-48x50.jpg 48w\" sizes=\"(max-width: 320px) 100vw, 320px\" \/>daha da g\u00fc\u00e7lendi. Tarihimiz, elektrik ve ula\u015f\u0131mdan ileti\u015fim ve end\u00fcstriyel \u00fcretime bir\u00e7ok alanda \u00f6nc\u00fc ba\u015far\u0131larla dolu. Bug\u00fcn bu miras\u0131, s\u00fcrd\u00fcr\u00fclebilir kalk\u0131nmaya odaklanarak ve tutkumuzu kaybetmeden s\u00fcrd\u00fcr\u00fcyoruz. \u015eimdi, Cumhuriyetimizin 100. y\u0131l d\u00f6n\u00fcm\u00fc sonras\u0131nda, operasyonlar\u0131m\u0131zda tam bir s\u00fcrd\u00fcr\u00fclebilirlik ilkesiyle hareket ediyor; plastik at\u0131k ve karbon sal\u0131m\u0131n\u0131n azalt\u0131lmas\u0131, yenilenebilir enerjinin te\u015fvik edilmesi ve ak\u0131ll\u0131 ula\u015f\u0131m altyap\u0131lar\u0131n\u0131n geli\u015ftirilmesi gibi alanlara odaklan\u0131yoruz. S\u00fcrd\u00fcr\u00fclebilir kalk\u0131nman\u0131n yolu b\u00fcy\u00fck \u00f6l\u00e7\u00fcde teknoloji ve AR-GE\u2019den ge\u00e7iyor. End\u00fcstriye, ula\u015f\u0131ma, altyap\u0131ya ve enerjiye yat\u0131r\u0131m yapmak, daha temiz ve s\u00fcrd\u00fcr\u00fclebilir bir gelecek i\u00e7in hayati \u00f6nem ta\u015f\u0131yor. Bu yat\u0131r\u0131m sadece finansal de\u011fil, ayn\u0131 zamanda yenilik\u00e7i ve AR-GE odakl\u0131 fikirleri de kaps\u0131yor. Siemens T\u00fcrkiye olarak s\u00fcrd\u00fcr\u00fclebilir bir d\u00fcnyaya katk\u0131da bulunmak i\u00e7in uzmanl\u0131\u011f\u0131m\u0131zdan, deneyimimizden ve geni\u015f ekosistemimizden yararlan\u0131yoruz. Global b\u00fcy\u00fcme stratejimiz DEGREE operasyonlar\u0131m\u0131za netlik kat\u0131yor. Karbon sal\u0131m\u0131n\u0131 azaltma \u00e7abalar\u0131m\u0131z g\u00fcn ge\u00e7tik\u00e7e \u00f6nem kazan\u0131yor. M\u00fc\u015fterilerimiz 2023&#8217;te Siemens T\u00fcrkiye \u00e7\u00f6z\u00fcmlerini kullanarak emisyonlar\u0131n\u0131 71.000 ton CO2\u2019ye e\u015fde\u011fer miktarda azaltt\u0131. 2023&#8217;te at\u0131k y\u00f6netiminde de ba\u015far\u0131ya imza atarak, at\u0131klar\u0131m\u0131z\u0131n %99,3\u2019\u00fcn\u00fc geri d\u00f6n\u00fc\u015f\u00fcme kazand\u0131rd\u0131k. Ancak amac\u0131m\u0131z bu y\u00f6netimden \u00e7ok daha fazlas\u0131; at\u0131klar\u0131 direkt kayna\u011f\u0131nda azaltmay\u0131 hedefliyoruz. Global mottomuz #TransformTheEveryday (Her G\u00fcn\u00fc D\u00f6n\u00fc\u015ft\u00fcr\u00fcn) ve biz onu \u00e7al\u0131\u015fanlar\u0131m\u0131z\u0131n ihtiya\u00e7lar\u0131, yetenekleri ve ilgi alanlar\u0131n\u0131 \u00f6nceliklendiren b\u00fct\u00fcnsel bir stratejiyle hayata ge\u00e7iriyoruz. Ayr\u0131ca, AR-GE alan\u0131nda istihdam\u0131 art\u0131rmaya b\u00fcy\u00fck \u00f6nem veriyoruz. Mevcut \u00e7al\u0131\u015fanlar\u0131m\u0131z\u0131n %26,5&#8217;i yaz\u0131l\u0131mc\u0131lardan olu\u015fuyor, bu da end\u00fcstri, altyap\u0131 ve ula\u015f\u0131m alanlar\u0131nda d\u00f6n\u00fc\u015ft\u00fcr\u00fcc\u00fc teknolojilere odaklanmam\u0131z\u0131 sa\u011fl\u0131yor. Amac\u0131m\u0131z, hizmet verdi\u011fimiz t\u00fcm sekt\u00f6rlerin inovasyon ihtiya\u00e7lar\u0131n\u0131 kar\u015f\u0131layarak m\u00fc\u015fterilerimiz i\u00e7in de\u011fer yaratmak. S\u00fcrd\u00fcr\u00fclebilirli\u011fin, tek bir kurulu\u015f veya eylemin \u00f6tesinde i\u015f birli\u011fi gerektiren bir hedef oldu\u011funun bilincindeyiz. T\u00fcrkiye Cumhuriyeti&#8217;nin 100. y\u0131l\u0131nda s\u00fcrd\u00fcr\u00fclebilir bir gelece\u011fe haz\u0131rlanmak, t\u00fcm sekt\u00f6rlerin, kamu kurumlar\u0131n\u0131n, \u015firketlerin ve bireylerin ortak \u00e7abas\u0131n\u0131 gerektiriyor. Gelecek nesillere; insanlar, hayvanlar, bitkiler, t\u00fcm ya\u015fam formlar\u0131n\u0131n g\u00fcvenli ve mutlu bir \u015fekilde ya\u015fayabilece\u011fi daha iyi bir d\u00fcnya b\u0131rakma sorumlulu\u011funu hepimiz payla\u015f\u0131yoruz. Son olarak, bana rehberlik eden ki\u015fisel bir inanc\u0131 payla\u015fmak istiyorum: \u2018B\u0131rakabilece\u011fimiz en b\u00fcy\u00fck miras, bizden \u00e7ok sonra bile canl\u0131 ve uyum i\u00e7inde ya\u015famaya devam edecek bir d\u00fcnyad\u0131r.&#8221;<\/em><\/p>\n<h3><strong>\u201cS\u00fcrd\u00fcr\u00fclebilirlik Alan\u0131nda T\u00fcrkiye\u2019nin Gelece\u011fine Katk\u0131da Bulunmay\u0131 En Temel Hedefimiz Olarak G\u00f6r\u00fcyoruz\u201d<\/strong><\/h3>\n<p><strong>Siemens T\u00fcrkiye CFO\u2019su Thomas Kolbinger<\/strong> ise a\u00e7\u0131klamas\u0131nda \u015funlar\u0131 s\u00f6yledi: <em>\u201cS\u00fcrd\u00fcr\u00fclebilirlik ile k\u00e2rl\u0131l\u0131\u011f\u0131n birbirine z\u0131t kavramlar oldu\u011fu d\u00fc\u015f\u00fcncesi art\u0131k \u00e7ok eskilerde kald\u0131. Bug\u00fcn biliyoruz ki <img loading=\"lazy\" class=\"alignleft wp-image-184801\" src=\"https:\/\/www.enerjigazetesi.ist\/wp-content\/uploads\/2024\/02\/1708410442_Thomas_Kolbinger.jpg\" alt=\"\" width=\"320\" height=\"294\" srcset=\"https:\/\/www.enerjigazetesi.ist\/wp-content\/uploads\/2024\/02\/1708410442_Thomas_Kolbinger.jpg 523w, https:\/\/www.enerjigazetesi.ist\/wp-content\/uploads\/2024\/02\/1708410442_Thomas_Kolbinger-300x275.jpg 300w, https:\/\/www.enerjigazetesi.ist\/wp-content\/uploads\/2024\/02\/1708410442_Thomas_Kolbinger-436x400.jpg 436w, https:\/\/www.enerjigazetesi.ist\/wp-content\/uploads\/2024\/02\/1708410442_Thomas_Kolbinger-54x50.jpg 54w, https:\/\/www.enerjigazetesi.ist\/wp-content\/uploads\/2024\/02\/1708410442_Thomas_Kolbinger-500x459.jpg 500w\" sizes=\"(max-width: 320px) 100vw, 320px\" \/>s\u00fcrd\u00fcr\u00fclebilirlik, uzun vadede k\u00e2rl\u0131l\u0131\u011f\u0131n en temel ko\u015fulu, \u00e7\u00fcnk\u00fc eski teknolojilere, g\u00fcncelli\u011fini yitirmi\u015f kavramlara, sadece finans odakl\u0131 anlay\u0131\u015flara art\u0131k yer yok. G\u00fcn\u00fcm\u00fczde \u015firketlerin ba\u015far\u0131s\u0131 topluma sunduklar\u0131 katk\u0131ya \u00f6l\u00e7\u00fcl\u00fcyor; tercih edilen bir i\u015fveren olman\u0131n yolu sosyal fayda sunmaktan ge\u00e7iyor; d\u00fcnya vatanda\u015f\u0131 olmak i\u00e7in \u00f6ncelikle gezegenin sa\u011fl\u0131\u011f\u0131n\u0131 g\u00f6zetmek gerekiyor. Siemens AG d\u00fcnyan\u0131n pek \u00e7ok farkl\u0131 noktas\u0131nda bu anlay\u0131\u015fla hareket ederken, biz de Siemens T\u00fcrkiye olarak ayn\u0131 rotay\u0131 benimsiyor, bu topraklar\u0131n bug\u00fcn\u00fcn\u00fc ve gelece\u011fini g\u00fczelle\u015ftirmek i\u00e7in \u00e7al\u0131\u015f\u0131yoruz. S\u00fcrd\u00fcr\u00fclebilir bir gelecek in\u015fa etmek \u00fczere global DEGREE \u00e7er\u00e7evesini T\u00fcrkiye\u2019de de kararl\u0131l\u0131kla uyguluyor; karbon-n\u00f6tr olma yolundaki \u00e7al\u0131\u015fmalar\u0131m\u0131zdan s\u0131n\u0131rl\u0131 kaynaklar\u0131 verimli kullanmaya y\u00f6nelik teknolojilerimize ve etkin y\u00f6neti\u015fime kadar her alanda kesintisiz \u00e7aba g\u00f6steriyoruz. T\u00fcrkiye Cumhuriyeti\u2019nin 100. y\u0131l\u0131n\u0131 co\u015fkuyla kutlad\u0131\u011f\u0131m\u0131z ve geride b\u0131rakt\u0131\u011f\u0131m\u0131z bu d\u00f6nemde, Siemens T\u00fcrkiye\u2019nin s\u00fcrd\u00fcr\u00fclebilirlik raporunu gururla sunuyoruz. S\u00fcrd\u00fcr\u00fclebilirlik dendi\u011finde akla gelen her ne varsa, Siemens T\u00fcrkiye uzmanl\u0131\u011f\u0131 ve tecr\u00fcbesiyle sunuyor, T\u00fcrkiye\u2019nin gelece\u011fine katk\u0131da bulunmay\u0131 en temel hedefimiz olarak g\u00f6r\u00fcyoruz. \u00d6rne\u011fin Siemens Global olarak, \u00fcr\u00fcnlerimizle m\u00fc\u015fterilerimizdeki sera gaz\u0131 emisyonlar\u0131n\u0131 13 kat azalt\u0131yor, 2023 mali y\u0131l\u0131n\u0131n tamam\u0131nda m\u00fc\u015fterilerimize teslim etti\u011fimiz \u00fcr\u00fcn ve \u00e7\u00f6z\u00fcmlerle \u00f6n\u00fcm\u00fczdeki d\u00f6nemde yakla\u015f\u0131k 150 milyon ton sera gaz\u0131 emisyonunu engelleyece\u011fimizi \u00f6ng\u00f6r\u00fcyoruz. Enerji verimlili\u011fi oda\u011f\u0131nda kendi \u00fcr\u00fcn ve \u00e7\u00f6z\u00fcmlerimizle enerji tasarrufunu desteklemenin \u00f6tesinde, m\u00fc\u015fterilerimize sundu\u011fumuz \u2018kulland\u0131k\u00e7a \u00f6de\u2019 veya kiralama gibi finansman \u00e7\u00f6z\u00fcmleriyle de karbonsuzla\u015fmay\u0131 ve kaynak verimlili\u011fini destekliyoruz. Ak\u0131ll\u0131 finansman modellerimizle yenilenebilir ve temiz enerjiye, yeni nesil teknolojilere, yeni i\u015f modellerine ve s\u00fcrd\u00fcr\u00fclebilir inovasyona imk\u00e2n sa\u011fl\u0131yoruz. Etik davran\u0131\u015f ve uyumluluk konusunu \u015firket k\u00fclt\u00fcr\u00fcm\u00fcz\u00fcn ve davran\u0131\u015f kurallar\u0131m\u0131z\u0131n merkezine yerle\u015ftiriyor; bu konuyu f\u0131rsat e\u015fitli\u011finden kad\u0131n \u00e7al\u0131\u015fan oran\u0131n\u0131n art\u0131r\u0131lmas\u0131na, \u2018s\u0131f\u0131r kaza\u2019 hedefinden \u015firket i\u00e7i e\u011fitimlerin g\u00fc\u00e7lendirilmesine kadar geni\u015f bir perspektifle ele al\u0131yoruz. Gelece\u011fi bug\u00fcnden in\u015fa etme sorumlulu\u011fumuzun fark\u0131nday\u0131z ve bu sorumlulu\u011fumuz do\u011frultusundaki \u00e7al\u0131\u015fmalar\u0131m\u0131z\u0131 sizlerle payla\u015fmaktan mutluluk duyuyoruz.\u201d<\/em><\/p>\n<p>Siemens T\u00fcrkiye, karbonsuzla\u015fma ba\u015fl\u0131\u011f\u0131nda <strong>2030 y\u0131l\u0131na kadar t\u00fcm operasyonlar\u0131nda net s\u0131f\u0131r<\/strong>, <strong>2050 y\u0131l\u0131na kadar ise tedarik zincirinde net s\u0131f\u0131r hedefi<\/strong> do\u011frultusunda \u00e7al\u0131\u015fmalar\u0131na aral\u0131ks\u0131z devam ediyor. Etik ba\u015fl\u0131\u011f\u0131nda her \u00fc\u00e7 y\u0131lda bir t\u00fcm \u00e7al\u0131\u015fanlara e\u011fitimler veriliyor.<\/p>\n<p>Tedarik\u00e7i Davran\u0131\u015f Kurallar\u0131na tam ba\u011fl\u0131l\u0131k sayesinde ESG g\u00fcvenceli tedarik zinciri ve ESG kriterlerine dayal\u0131 uzun vadeli te\u015fvik \u00e7al\u0131\u015fmalar\u0131 s\u00fcrd\u00fcr\u00fcl\u00fcyor. Kaynak verimlili\u011finde ise; 2030 y\u0131l\u0131na kadar ilgili Siemens \u00fcr\u00fcn ailelerinin %100\u2019\u00fc i\u00e7in bir \u00fcst seviyede sa\u011flam eko-tasar\u0131m ve ikincil malzemelerin daha fazla sat\u0131n al\u0131nmas\u0131 yoluyla do\u011fal kaynaklar\u0131n ayr\u0131\u015ft\u0131r\u0131lmas\u0131 ve at\u0131k depolama sahalar\u0131na g\u00f6nderilen malzemelerin 2025 y\u0131l\u0131na kadar %50 azalt\u0131l\u0131p 2030 itibar\u0131yla s\u0131f\u0131rland\u0131\u011f\u0131 d\u00f6ng\u00fcsel katk\u0131 hedefleniyor. F\u0131rsat e\u015fitli\u011fi kapsam\u0131nda 2025 y\u0131l\u0131na kadar \u00fcst y\u00f6netimde kad\u0131n oran\u0131n\u0131n %30\u2019a \u00e7\u0131kar\u0131lmas\u0131 ama\u00e7lan\u0131yor. \u0130stihdam edilebilirlik ba\u015fl\u0131\u011f\u0131nda ise dijital e\u011fitim saatlerini 2025 y\u0131l\u0131na kadar iki kat\u0131na \u00e7\u0131kar\u0131p art\u0131rarak, \u00e7al\u0131\u015fan destek program\u0131na eri\u015fimde y\u00fcksek seviyeyi korumak i\u00e7in \u00e7al\u0131\u015fmalara devam ediliyor.<\/p>\n<p><strong>Siemens T\u00fcrkiye 2023 S\u00fcrd\u00fcr\u00fclebilirlik Raporuna Ula\u015fmak \u0130\u00e7in <a href=\"https:\/\/assets.new.siemens.com\/siemens\/assets\/api\/uuid:f85ed6ae-ea73-4ab3-b7b7-95c0db485539\/00.Siemens-Surdurulebilirlik-2023-Raporu-TR.pdf?spr_cid=120_12570&amp;spr_pid=300000955459698&amp;linkId=300000009902204\" target=\"_blank\" rel=\"noopener\">TIKLAYIN&gt;&gt;<\/a><\/strong><\/p>","protected":false},"excerpt":{"rendered":"<p>Sorry, this entry is only available in Turkish. For the sake of viewer convenience, the content is shown below in the alternative language. You may click the link to switch the active language. Siemens T\u00fcrkiye, s\u00fcrd\u00fcr\u00fclebilirlik eylem ve hedeflerini payla\u015ft\u0131\u011f\u0131 2023 S\u00fcrd\u00fcr\u00fclebilirlik Raporu\u2019nu yay\u0131mlad\u0131. Siemens T\u00fcrkiye, 167 y\u0131ld\u0131r bu topraklarda faaliyet g\u00f6steren sorumlu bir \u015firket [&hellip;]<\/p>\n","protected":false},"author":1,"featured_media":184800,"comment_status":"open","ping_status":"open","sticky":false,"template":"","format":"standard","meta":[],"categories":[53,52,157],"tags":[95331,111766,112603,34504,112604,112605,112606,31929,50126,8268],"views":61,"_links":{"self":[{"href":"https:\/\/www.enerjigazetesi.ist\/en\/wp-json\/wp\/v2\/posts\/184797"}],"collection":[{"href":"https:\/\/www.enerjigazetesi.ist\/en\/wp-json\/wp\/v2\/posts"}],"about":[{"href":"https:\/\/www.enerjigazetesi.ist\/en\/wp-json\/wp\/v2\/types\/post"}],"author":[{"embeddable":true,"href":"https:\/\/www.enerjigazetesi.ist\/en\/wp-json\/wp\/v2\/users\/1"}],"replies":[{"embeddable":true,"href":"https:\/\/www.enerjigazetesi.ist\/en\/wp-json\/wp\/v2\/comments?post=184797"}],"version-history":[{"count":0,"href":"https:\/\/www.enerjigazetesi.ist\/en\/wp-json\/wp\/v2\/posts\/184797\/revisions"}],"wp:featuredmedia":[{"embeddable":true,"href":"https:\/\/www.enerjigazetesi.ist\/en\/wp-json\/wp\/v2\/media\/184800"}],"wp:attachment":[{"href":"https:\/\/www.enerjigazetesi.ist\/en\/wp-json\/wp\/v2\/media?parent=184797"}],"wp:term":[{"taxonomy":"category","embeddable":true,"href":"https:\/\/www.enerjigazetesi.ist\/en\/wp-json\/wp\/v2\/categories?post=184797"},{"taxonomy":"post_tag","embeddable":true,"href":"https:\/\/www.enerjigazetesi.ist\/en\/wp-json\/wp\/v2\/tags?post=184797"}],"curies":[{"name":"wp","href":"https:\/\/api.w.org\/{rel}","templated":true}]}}