{"id":184787,"date":"2024-02-20T13:56:07","date_gmt":"2024-02-20T10:56:07","guid":{"rendered":"https:\/\/www.enerjigazetesi.ist\/?p=184787"},"modified":"2024-02-20T13:59:24","modified_gmt":"2024-02-20T10:59:24","slug":"tuik-hanehalki-nihai-enerji-tuketim-istatistikleri-arastirma-sonuclari-aciklandi","status":"publish","type":"post","link":"https:\/\/www.enerjigazetesi.ist\/en\/tuik-hanehalki-nihai-enerji-tuketim-istatistikleri-arastirma-sonuclari-aciklandi\/","title":{"rendered":"(Turkish) &#8217;T\u00dc\u0130K&#8217; Hanehalk\u0131 Nihai Enerji T\u00fcketim \u0130statistikleri Ara\u015ft\u0131rma Sonu\u00e7lar\u0131"},"content":{"rendered":"<p class=\"qtranxs-available-languages-message qtranxs-available-languages-message-en\">Sorry, this entry is only available in <a href=\"https:\/\/www.enerjigazetesi.ist\/tr\/wp-json\/wp\/v2\/posts\/184787\" class=\"qtranxs-available-language-link qtranxs-available-language-link-tr\" title=\"Turkish\">Turkish<\/a>. For the sake of viewer convenience, the content is shown below in the alternative language. You may click the link to switch the active language.<\/p><p><\/p>\n<h2>\u0130nsan hayat\u0131 ve \u00fcretim s\u00fcre\u00e7lerinin temel unsurlar\u0131ndan biri olan enerjinin ekonomik b\u00fcy\u00fcme ve sosyal geli\u015fme ile ili\u015fkisinin yan\u0131 s\u0131ra \u00e7evreye olan etkilerine y\u00f6nelik ayr\u0131nt\u0131l\u0131 istatistiklerin derlenmesi amac\u0131yla hanehalk\u0131 nihai enerji t\u00fcketimlerinin kar\u015f\u0131la\u015ft\u0131r\u0131labilir ve kapsaml\u0131 d\u00fczeyde elde edilmesi ihtiyac\u0131 do\u011fmu\u015ftur.<\/h2>\n<p style=\"text-align: center;\"><img loading=\"lazy\" class=\"aligncenter wp-image-184794\" src=\"https:\/\/www.enerjigazetesi.ist\/wp-content\/uploads\/2024\/02\/tuik-hanehalki-nihai-enerji-tuketim-istatistikleri-arastirma-sonuclari-aciklandi.jpg\" alt=\"\" width=\"500\" height=\"319\" srcset=\"https:\/\/www.enerjigazetesi.ist\/wp-content\/uploads\/2024\/02\/tuik-hanehalki-nihai-enerji-tuketim-istatistikleri-arastirma-sonuclari-aciklandi.jpg 761w, https:\/\/www.enerjigazetesi.ist\/wp-content\/uploads\/2024\/02\/tuik-hanehalki-nihai-enerji-tuketim-istatistikleri-arastirma-sonuclari-aciklandi-300x192.jpg 300w, https:\/\/www.enerjigazetesi.ist\/wp-content\/uploads\/2024\/02\/tuik-hanehalki-nihai-enerji-tuketim-istatistikleri-arastirma-sonuclari-aciklandi-500x319.jpg 500w, https:\/\/www.enerjigazetesi.ist\/wp-content\/uploads\/2024\/02\/tuik-hanehalki-nihai-enerji-tuketim-istatistikleri-arastirma-sonuclari-aciklandi-78x50.jpg 78w\" sizes=\"(max-width: 500px) 100vw, 500px\" \/><\/p>\n<p>T\u00fcrkiye \u0130statistik Kurumu taraf\u0131ndan, ilk kez yay\u0131mlanan bu b\u00fclten ile hanelerde t\u00fcketilen enerjinin; alan \u0131s\u0131tma, alan so\u011futma, su \u0131s\u0131tma, pi\u015firme, ayd\u0131nlatma ve elektrikli ev aletlerinin kullan\u0131m\u0131 gibi ba\u015fl\u0131ca nihai kullan\u0131m alanlar\u0131na ve enerji kaynaklar\u0131na g\u00f6re belirlenmesi ama\u00e7lanmaktad\u0131r. Hanehalk\u0131 Nihai Enerji T\u00fcketim \u0130statistikleri ara\u015ft\u0131rmas\u0131nda; \u00fclke s\u0131n\u0131rlar\u0131 i\u00e7erisinde ikamet eden hanehalk\u0131n\u0131n enerji t\u00fcketimleri kapsanmaktad\u0131r.<\/p>\n<h3>Hanehalk\u0131 Toplam Nihai Enerji T\u00fcketimi 1 Milyon 287 Bin 738 Terajul Olarak Ger\u00e7ekle\u015fti<\/h3>\n<p>Hanehalk\u0131 Nihai Enerji T\u00fcketim Ara\u015ft\u0131rmas\u0131 sonu\u00e7lar\u0131na g\u00f6re; 2022 y\u0131l\u0131nda hanelerin toplam nihai enerji t\u00fcketimi 1 milyon 287 bin 738 terajul olarak ger\u00e7ekle\u015fti. Hanelerde t\u00fcketilen enerji kaynaklar\u0131n\u0131n paylar\u0131na g\u00f6re, nihai enerji t\u00fcketiminde %48,3 ile do\u011fal gaz, %17,1 ile elektrik ve %14,3 ile k\u00f6m\u00fcr en \u00e7ok t\u00fcketilen enerji kaynaklar\u0131 oldu.<\/p>\n<div>\n<p><strong>Enerji kaynaklar\u0131n\u0131n nihai enerji t\u00fcketim miktarlar\u0131, 2022<\/strong><\/p>\n<\/div>\n<div style=\"text-align: center;\"><img loading=\"lazy\" class=\"aligncenter wp-image-184788\" src=\"https:\/\/www.enerjigazetesi.ist\/wp-content\/uploads\/2024\/02\/enerji-tu\u0308ketimi.jpg\" alt=\"\" width=\"500\" height=\"267\" srcset=\"https:\/\/www.enerjigazetesi.ist\/wp-content\/uploads\/2024\/02\/enerji-tu\u0308ketimi.jpg 724w, https:\/\/www.enerjigazetesi.ist\/wp-content\/uploads\/2024\/02\/enerji-tu\u0308ketimi-300x160.jpg 300w, https:\/\/www.enerjigazetesi.ist\/wp-content\/uploads\/2024\/02\/enerji-tu\u0308ketimi-500x267.jpg 500w, https:\/\/www.enerjigazetesi.ist\/wp-content\/uploads\/2024\/02\/enerji-tu\u0308ketimi-80x43.jpg 80w\" sizes=\"(max-width: 500px) 100vw, 500px\" \/><\/div>\n<div>\n<h3><strong>Hanelerde t\u00fcketilen toplam nihai enerjinin %65,3&#8217;\u00fc alan \u0131s\u0131tma amac\u0131yla t\u00fcketildi<\/strong><\/h3>\n<div>Hanehalk\u0131 toplam nihai enerji t\u00fcketimi, kullan\u0131m amac\u0131na g\u00f6re incelendi\u011finde; 2022 y\u0131l\u0131nda alan \u0131s\u0131tma ama\u00e7l\u0131 t\u00fcketim, toplam t\u00fcketimin %65,3&#8217;\u00fcn\u00fc olu\u015fturdu. Alan \u0131s\u0131tmadan sonra, s\u0131ras\u0131yla ayd\u0131nlatma ve elektrikli ev aletleri kullan\u0131m\u0131 %14,1 ile ikinci s\u0131ray\u0131, su \u0131s\u0131tma ise %11,9 ile \u00fc\u00e7\u00fcnc\u00fc s\u0131ray\u0131 ald\u0131. Pi\u015firme ama\u00e7l\u0131 t\u00fcketim, toplam t\u00fcketimin %7,7&#8217;si olurken, alan so\u011futma ve di\u011fer ama\u00e7l\u0131 t\u00fcketimlerin pay\u0131 ise %0,9 olarak ger\u00e7ekle\u015fti.<\/div>\n<\/div>\n<div><\/div>\n<div style=\"text-align: center;\"><img loading=\"lazy\" class=\"aligncenter wp-image-184789\" src=\"https:\/\/www.enerjigazetesi.ist\/wp-content\/uploads\/2024\/02\/02.jpg\" alt=\"\" width=\"500\" height=\"342\" srcset=\"https:\/\/www.enerjigazetesi.ist\/wp-content\/uploads\/2024\/02\/02.jpg 546w, https:\/\/www.enerjigazetesi.ist\/wp-content\/uploads\/2024\/02\/02-300x205.jpg 300w, https:\/\/www.enerjigazetesi.ist\/wp-content\/uploads\/2024\/02\/02-500x342.jpg 500w, https:\/\/www.enerjigazetesi.ist\/wp-content\/uploads\/2024\/02\/02-73x50.jpg 73w\" sizes=\"(max-width: 500px) 100vw, 500px\" \/><\/div>\n<div>\n<div>\n<h3><strong>Do\u011falgaz en \u00e7ok alan \u0131s\u0131tmada, elektrik ise ayd\u0131nlatma ve elektrikli ev aletlerinde t\u00fcketildi<\/strong><\/h3>\n<div>Hanelerde en \u00e7ok t\u00fcketilen enerji t\u00fcr\u00fc olan do\u011fal gaz\u0131n %76,3&#8217;\u00fc alan \u0131s\u0131tma, %14,5&#8217;i su \u0131s\u0131tma, %9,2&#8217;si ise pi\u015firme ama\u00e7l\u0131 t\u00fcketildi. Elektrikte ise kullan\u0131m amac\u0131na g\u00f6re ayd\u0131nlatma ve elektrikli ev aletleri %82,4 ile ilk s\u0131ray\u0131 al\u0131rken, alan so\u011futma ve su \u0131s\u0131tman\u0131n paylar\u0131 %5,4 olarak ger\u00e7ekle\u015fti.<\/div>\n<\/div>\n<\/div>\n<div><\/div>\n<div style=\"text-align: center;\"><img loading=\"lazy\" class=\"aligncenter wp-image-184792\" src=\"https:\/\/www.enerjigazetesi.ist\/wp-content\/uploads\/2024\/02\/03.jpg\" alt=\"\" width=\"500\" height=\"194\" srcset=\"https:\/\/www.enerjigazetesi.ist\/wp-content\/uploads\/2024\/02\/03.jpg 739w, https:\/\/www.enerjigazetesi.ist\/wp-content\/uploads\/2024\/02\/03-300x116.jpg 300w, https:\/\/www.enerjigazetesi.ist\/wp-content\/uploads\/2024\/02\/03-500x194.jpg 500w, https:\/\/www.enerjigazetesi.ist\/wp-content\/uploads\/2024\/02\/03-80x31.jpg 80w\" sizes=\"(max-width: 500px) 100vw, 500px\" \/><\/div>\n<div>\n<h3><strong>Do\u011falgaz alan \u0131s\u0131tma, su \u0131s\u0131tma ve yemek pi\u015firmede en \u00e7ok t\u00fcketilen enerji kayna\u011f\u0131 oldu<\/strong><\/h3>\n<div>Hanelerde alan \u0131s\u0131tma, su \u0131s\u0131tma ve yemek pi\u015firme amac\u0131yla en \u00e7ok do\u011fal gaz t\u00fcketildi. Do\u011fal gaz\u0131n alan \u0131s\u0131tmadaki pay\u0131 %56,4 olurken, su \u0131s\u0131tma ve pi\u015firmedeki paylar\u0131 s\u0131ras\u0131yla %58,8 ve %57,5 olarak hesapland\u0131.\u00a0 Alan \u0131s\u0131tmada do\u011fal gaz\u0131 %21,6 ile k\u00f6m\u00fcr ve %16,9 ile kat\u0131 biyok\u00fctle izlerken; su \u0131s\u0131tmada do\u011fal gazdan sonra en \u00e7ok %28,2 ile g\u00fcne\u015f enerjisi ve %7,8 ile elektrik kullan\u0131ld\u0131. Pi\u015firmede ise do\u011fal gaz\u0131n ard\u0131ndan LPG&#8217;nin pay\u0131 %31,7 ve elektrik enerjisinin pay\u0131 %8,2 oldu.<\/div>\n<\/div>\n<div><\/div>\n<div style=\"text-align: center;\"><img loading=\"lazy\" class=\"aligncenter wp-image-184793\" src=\"https:\/\/www.enerjigazetesi.ist\/wp-content\/uploads\/2024\/02\/04.jpg\" alt=\"\" width=\"500\" height=\"282\" srcset=\"https:\/\/www.enerjigazetesi.ist\/wp-content\/uploads\/2024\/02\/04.jpg 730w, https:\/\/www.enerjigazetesi.ist\/wp-content\/uploads\/2024\/02\/04-300x169.jpg 300w, https:\/\/www.enerjigazetesi.ist\/wp-content\/uploads\/2024\/02\/04-500x282.jpg 500w, https:\/\/www.enerjigazetesi.ist\/wp-content\/uploads\/2024\/02\/04-80x45.jpg 80w\" sizes=\"(max-width: 500px) 100vw, 500px\" \/><\/div>\n<div>\n<div>\n<div><\/div>\n<\/div>\n<\/div>\n<div>Kaynak:\u00a0<a href=\"https:\/\/data.tuik.gov.tr\/Bulten\/Index?p=Hanehalki-Nihai-Enerji-Tuketim-Istatistikleri-2022-53805&amp;dil=1\" target=\"_blank\" rel=\"noopener\">T\u00dc\u0130K<\/a><\/div>\n<div><\/div>\n<p><\/p>","protected":false},"excerpt":{"rendered":"<p>Sorry, this entry is only available in Turkish. For the sake of viewer convenience, the content is shown below in the alternative language. You may click the link to switch the active language. \u0130nsan hayat\u0131 ve \u00fcretim s\u00fcre\u00e7lerinin temel unsurlar\u0131ndan biri olan enerjinin ekonomik b\u00fcy\u00fcme ve sosyal geli\u015fme ile ili\u015fkisinin yan\u0131 s\u0131ra \u00e7evreye olan etkilerine [&hellip;]<\/p>\n","protected":false},"author":1,"featured_media":184794,"comment_status":"open","ping_status":"open","sticky":false,"template":"","format":"standard","meta":[],"categories":[46,51,53,24649],"tags":[92,68,3904,112601,112602,1675,2357,4822],"views":49,"_links":{"self":[{"href":"https:\/\/www.enerjigazetesi.ist\/en\/wp-json\/wp\/v2\/posts\/184787"}],"collection":[{"href":"https:\/\/www.enerjigazetesi.ist\/en\/wp-json\/wp\/v2\/posts"}],"about":[{"href":"https:\/\/www.enerjigazetesi.ist\/en\/wp-json\/wp\/v2\/types\/post"}],"author":[{"embeddable":true,"href":"https:\/\/www.enerjigazetesi.ist\/en\/wp-json\/wp\/v2\/users\/1"}],"replies":[{"embeddable":true,"href":"https:\/\/www.enerjigazetesi.ist\/en\/wp-json\/wp\/v2\/comments?post=184787"}],"version-history":[{"count":0,"href":"https:\/\/www.enerjigazetesi.ist\/en\/wp-json\/wp\/v2\/posts\/184787\/revisions"}],"wp:featuredmedia":[{"embeddable":true,"href":"https:\/\/www.enerjigazetesi.ist\/en\/wp-json\/wp\/v2\/media\/184794"}],"wp:attachment":[{"href":"https:\/\/www.enerjigazetesi.ist\/en\/wp-json\/wp\/v2\/media?parent=184787"}],"wp:term":[{"taxonomy":"category","embeddable":true,"href":"https:\/\/www.enerjigazetesi.ist\/en\/wp-json\/wp\/v2\/categories?post=184787"},{"taxonomy":"post_tag","embeddable":true,"href":"https:\/\/www.enerjigazetesi.ist\/en\/wp-json\/wp\/v2\/tags?post=184787"}],"curies":[{"name":"wp","href":"https:\/\/api.w.org\/{rel}","templated":true}]}}