{"id":184778,"date":"2024-02-20T13:21:47","date_gmt":"2024-02-20T10:21:47","guid":{"rendered":"https:\/\/www.enerjigazetesi.ist\/?p=184778"},"modified":"2024-02-20T13:25:54","modified_gmt":"2024-02-20T10:25:54","slug":"ic-holding-karbon-calistayi-duzenledi","status":"publish","type":"post","link":"https:\/\/www.enerjigazetesi.ist\/en\/ic-holding-karbon-calistayi-duzenledi\/","title":{"rendered":"(Turkish) &#8217;IC Holding&#8217; Karbon \u00c7al\u0131\u015ftay\u0131 D\u00fczenledi"},"content":{"rendered":"<p class=\"qtranxs-available-languages-message qtranxs-available-languages-message-en\">Sorry, this entry is only available in <a href=\"https:\/\/www.enerjigazetesi.ist\/tr\/wp-json\/wp\/v2\/posts\/184778\" class=\"qtranxs-available-language-link qtranxs-available-language-link-tr\" title=\"Turkish\">Turkish<\/a>. For the sake of viewer convenience, the content is shown below in the alternative language. You may click the link to switch the active language.<\/p><p><\/p>\n<h2>IC Holding, geli\u015fimin etkisi s\u00fcrd\u00fcr\u00fclebilirlik stratejisi \u0131\u015f\u0131\u011f\u0131nda iklim krizi ile m\u00fccadele i\u00e7in ger\u00e7ekle\u015ftirdi\u011fi \u00e7al\u0131\u015fmalar\u0131, somut hedefler vererek bir ad\u0131m \u00f6teye ta\u015f\u0131mak \u00fczere Karbon \u00c7al\u0131\u015ftay\u0131 d\u00fczenledi. IC Holding CEO\u2019su Murad Bayar ve T.C. \u00c7evre, \u015eehircilik ve \u0130klim De\u011fi\u015fikli\u011fi Bakanl\u0131\u011f\u0131 \u0130klim De\u011fi\u015fikli\u011fi Ba\u015fkanl\u0131\u011f\u0131 Ba\u015fkan Yard\u0131mc\u0131s\u0131 Do\u00e7. Dr. Abdulkadir Bekta\u015f\u2019\u0131n a\u00e7\u0131l\u0131\u015f konu\u015fmalar\u0131n\u0131 ger\u00e7ekle\u015ftirdi\u011fi \u00e7al\u0131\u015ftaya; \u0130T\u00dc \u00d6\u011fretim \u00dcyesi ve S\u00dcT-D Ba\u015fkan\u0131 Prof. Dr. Filiz Karaosmano\u011fu ve Escarus CEO\u2019su Dr. Kubilay Kavak sunumlar\u0131 ile kat\u0131ld\u0131.<\/h2>\n<p>A\u00e7\u0131l\u0131\u015f konu\u015fmas\u0131nda, \u00e7al\u0131\u015ftay\u0131n<strong> SKA 13 \u0130klim Eylemi<\/strong> amac\u0131 do\u011frultusunda y\u00fcr\u00fct\u00fclen \u00e7al\u0131\u015fmalarda <img loading=\"lazy\" class=\"alignright wp-image-184783\" src=\"https:\/\/www.enerjigazetesi.ist\/wp-content\/uploads\/2024\/02\/1708410693_Murad_Bayar_IC_Holding.jpg\" alt=\"\" width=\"300\" height=\"233\" srcset=\"https:\/\/www.enerjigazetesi.ist\/wp-content\/uploads\/2024\/02\/1708410693_Murad_Bayar_IC_Holding.jpg 550w, https:\/\/www.enerjigazetesi.ist\/wp-content\/uploads\/2024\/02\/1708410693_Murad_Bayar_IC_Holding-300x233.jpg 300w, https:\/\/www.enerjigazetesi.ist\/wp-content\/uploads\/2024\/02\/1708410693_Murad_Bayar_IC_Holding-500x388.jpg 500w, https:\/\/www.enerjigazetesi.ist\/wp-content\/uploads\/2024\/02\/1708410693_Murad_Bayar_IC_Holding-64x50.jpg 64w\" sizes=\"(max-width: 300px) 100vw, 300px\" \/>\u00f6nemli bir kilometre ta\u015f\u0131 oldu\u011funu s\u00f6yleyen <strong>IC Holding CEO&#8217;su Murad Bayar<\/strong>, <em>\u201cYay\u0131mlad\u0131\u011f\u0131m\u0131z ilk s\u00fcrd\u00fcr\u00fclebilirlik raporumuzda payda\u015flar\u0131m\u0131za verdi\u011fimiz hedeften hareketle, s\u00fcrd\u00fcr\u00fclebilirlik raporumuza konu olan 14 \u015firket ve 2 projemiz i\u00e7in Kapsam 1 ve Kapsam 2 emisyon hesaplar\u0131n\u0131 2023 y\u0131l\u0131 i\u00e7erisinde tamamlayarak genel durumumuzu ortaya koyduk. Geli\u015fimin Etkisi s\u00fcrd\u00fcr\u00fclebilirlik stratejimiz \u0131\u015f\u0131\u011f\u0131nda iklim krizi ile m\u00fccadele i\u00e7in ger\u00e7ekle\u015ftirdi\u011fimiz \u00e7al\u0131\u015fmalar\u0131, somut hedefler vererek bir ad\u0131m \u00f6teye ta\u015f\u0131mak, bu konudaki kararl\u0131 duru\u015fumuzu a\u00e7\u0131k\u00e7a ifade etmek \u00fczere <strong>Karbon \u00c7al\u0131\u015ftay\u0131m\u0131z\u0131<\/strong> planlad\u0131k.<\/em><em>\u00a0<\/em><em>Bu \u00e7al\u0131\u015ftay\u0131n sonunda belirlenecek somut hedefler son derece \u00f6nemli. \u00dclkemizin geli\u015ftirdi\u011fi etkin politikalar\u0131 da takip ederek ye\u015fil d\u00f6n\u00fc\u015f\u00fcm\u00fc ba\u015far\u0131yla ger\u00e7ekle\u015ftirmek \u00fczere bizlere yol g\u00f6sterecek\u201d\u00a0<\/em>dedi.<\/p>\n<p><strong><img loading=\"lazy\" class=\"alignleft wp-image-184781\" src=\"https:\/\/www.enerjigazetesi.ist\/wp-content\/uploads\/2024\/02\/1708410675_Do__._Dr._Abdulkadir_Bekta__.jpg\" alt=\"\" width=\"300\" height=\"200\" srcset=\"https:\/\/www.enerjigazetesi.ist\/wp-content\/uploads\/2024\/02\/1708410675_Do__._Dr._Abdulkadir_Bekta__.jpg 550w, https:\/\/www.enerjigazetesi.ist\/wp-content\/uploads\/2024\/02\/1708410675_Do__._Dr._Abdulkadir_Bekta__-300x200.jpg 300w, https:\/\/www.enerjigazetesi.ist\/wp-content\/uploads\/2024\/02\/1708410675_Do__._Dr._Abdulkadir_Bekta__-500x334.jpg 500w, https:\/\/www.enerjigazetesi.ist\/wp-content\/uploads\/2024\/02\/1708410675_Do__._Dr._Abdulkadir_Bekta__-75x50.jpg 75w, https:\/\/www.enerjigazetesi.ist\/wp-content\/uploads\/2024\/02\/1708410675_Do__._Dr._Abdulkadir_Bekta__-450x300.jpg 450w\" sizes=\"(max-width: 300px) 100vw, 300px\" \/>\u0130klim De\u011fi\u015fikli\u011fi Ba\u015fkanl\u0131\u011f\u0131 Ba\u015fkan Yard\u0131mc\u0131s\u0131 Do\u00e7. Dr. Abdulkadir Bekta\u015f<\/strong>\u00a0ise ger\u00e7ekle\u015ftirdi\u011fi a\u00e7\u0131l\u0131\u015f konu\u015fmas\u0131nda Ulusal Emisyon Ticaret Sistemini esas alacak \u015fekilde \u00fclkemizdeki karbon fiyatland\u0131rma politikalar\u0131na ili\u015fkin yap\u0131lan planlamalar\u0131 ve faaliyetleri, Emisyon Ticaret Sistemi i\u015fleyi\u015fi ile tasar\u0131m\u0131n\u0131, \u0130klim Kanunu\u2019nu ve mevcut durumu anlatt\u0131. <strong>Bekta\u015f<\/strong>, Emisyon Ticaret Sistemi kapsam\u0131, piyasa tasar\u0131m\u0131, g\u00f6zetim s\u00fcre\u00e7leri gibi \u0130klim Kanunu\u2019nun alt yap\u0131s\u0131n\u0131 olu\u015fturacak mevzuat \u00e7al\u0131\u015fmalar\u0131n\u0131n ilgili payda\u015f kurum ve kurulu\u015flarla yak\u0131n i\u015f birli\u011fi halinde t\u00fcm h\u0131z\u0131yla devam etti\u011fini belirtti.<\/p>\n<p><strong><img loading=\"lazy\" class=\"alignright wp-image-184782\" src=\"https:\/\/www.enerjigazetesi.ist\/wp-content\/uploads\/2024\/02\/1708410701_Prof._Dr._Filiz_Karaosmano__lu.jpg\" alt=\"\" width=\"300\" height=\"200\" srcset=\"https:\/\/www.enerjigazetesi.ist\/wp-content\/uploads\/2024\/02\/1708410701_Prof._Dr._Filiz_Karaosmano__lu.jpg 550w, https:\/\/www.enerjigazetesi.ist\/wp-content\/uploads\/2024\/02\/1708410701_Prof._Dr._Filiz_Karaosmano__lu-300x200.jpg 300w, https:\/\/www.enerjigazetesi.ist\/wp-content\/uploads\/2024\/02\/1708410701_Prof._Dr._Filiz_Karaosmano__lu-500x334.jpg 500w, https:\/\/www.enerjigazetesi.ist\/wp-content\/uploads\/2024\/02\/1708410701_Prof._Dr._Filiz_Karaosmano__lu-75x50.jpg 75w, https:\/\/www.enerjigazetesi.ist\/wp-content\/uploads\/2024\/02\/1708410701_Prof._Dr._Filiz_Karaosmano__lu-450x300.jpg 450w\" sizes=\"(max-width: 300px) 100vw, 300px\" \/>\u0130stanbul Teknik \u00dcniversitesi \u00d6\u011fretim \u00dcyesi ve S\u00dcT-D Ba\u015fkan\u0131 Prof. Dr. Filiz Karaosmano\u011flu,\u00a0<\/strong>S\u00fcrd\u00fcr\u00fclebilirlik Y\u00f6netimi:5N1K konulu sunumunda,<strong>\u00a0<\/strong><em>\u201cS\u00fcrd\u00fcr\u00fclebilirlik Y\u00f6netimi bir risk, bir f\u0131rsat, marka ve itibar y\u00f6netimi ama her \u015feyden \u00f6nce istihdam, sermaye ve ye\u015fil finansmana eri\u015fim ayr\u0131cal\u0131\u011f\u0131 demek. Kurulu\u015f i\u00e7inde bir s\u00fcrd\u00fcr\u00fclebilirlik y\u00f6netim dili olmal\u0131. Her bir tesisinizde, \u00fcr\u00fcn\u00fcn\u00fczde, griden beyaza b\u00fct\u00fcn yakalarda i\u015fi \u00f6\u011frenmelisiniz. Hedeflerinizi ger\u00e7ek\u00e7i, makul, teknik ve yap\u0131labilir se\u00e7melisiniz\u201d<\/em> dedi.<\/p>\n<p><strong>Escarus CEO\u2019su Kubilay Kavak<\/strong>, \u0130klim Teknolojilerine Giri\u015f konulu interaktif sunumunda <strong><img loading=\"lazy\" class=\"alignleft wp-image-184784\" src=\"https:\/\/www.enerjigazetesi.ist\/wp-content\/uploads\/2024\/02\/1708410679_Kubilay_Kavak.jpg\" alt=\"\" width=\"300\" height=\"200\" srcset=\"https:\/\/www.enerjigazetesi.ist\/wp-content\/uploads\/2024\/02\/1708410679_Kubilay_Kavak.jpg 550w, https:\/\/www.enerjigazetesi.ist\/wp-content\/uploads\/2024\/02\/1708410679_Kubilay_Kavak-300x200.jpg 300w, https:\/\/www.enerjigazetesi.ist\/wp-content\/uploads\/2024\/02\/1708410679_Kubilay_Kavak-500x334.jpg 500w, https:\/\/www.enerjigazetesi.ist\/wp-content\/uploads\/2024\/02\/1708410679_Kubilay_Kavak-75x50.jpg 75w, https:\/\/www.enerjigazetesi.ist\/wp-content\/uploads\/2024\/02\/1708410679_Kubilay_Kavak-450x300.jpg 450w\" sizes=\"(max-width: 300px) 100vw, 300px\" \/><\/strong><em>\u201cTeknoloji, iklim de\u011fi\u015fikli\u011fi ile m\u00fccadele kapsam\u0131nda ger\u00e7ekle\u015ftirilen azalt\u0131m ve uyum \u00e7al\u0131\u015fmalar\u0131 i\u00e7in insanl\u0131\u011f\u0131n elindeki en \u00f6nemli ara\u00e7lardan biri olarak kar\u015f\u0131m\u0131za \u00e7\u0131k\u0131yor. Bu sebeple \u00f6zel sekt\u00f6r\u00fcn de bu d\u00f6n\u00fc\u015f\u00fcm s\u00fcrecinde iklim teknolojilerini yak\u0131ndan takip etmesi ve hayata ge\u00e7irmesi rekabet avantaj\u0131 a\u00e7\u0131s\u0131ndan kritik bir unsur\u201d\u00a0<\/em>dedi.<\/p>\n<h3><strong>Be\u015f Sekt\u00f6r ve Farkl\u0131 Prensiplerden Y\u00f6neticiler \u00c7al\u0131\u015ftay \u0130\u00e7in Bir Araya Geldi<\/strong><\/h3>\n<p>2053 Net Zero yolculu\u011funda <strong>IC Holding<\/strong> ve <strong>Grup \u015eirketlerinin<\/strong> <strong>karbon azalt\u0131m hedeflerini belirlemek<\/strong> \u00fczere ger\u00e7ekle\u015ftirilen \u00e7al\u0131\u015ftaya faaliyet g\u00f6sterilen <strong>in\u015faat, turizm, enerji, sanayi ve altyap\u0131 sekt\u00f6rlerinde<\/strong> g\u00f6rev yapan farkl\u0131 disiplinlerden y\u00f6neticiler kat\u0131l\u0131rken, \u00e7al\u0131\u015ftay sonucunda konuyla ilgili kararl\u0131 ad\u0131mlar atacak aksiyon planlar\u0131 belirlendi.<\/p>\n<p>S\u00fcrd\u00fcr\u00fclebilirli\u011fi bir kurum k\u00fclt\u00fcr\u00fc haline getiren IC Holding, odakland\u0131\u011f\u0131 <strong>d\u00f6rt s\u00fcrd\u00fcr\u00fclebilir kalk\u0131nma amac\u0131<\/strong> olan <strong>Toplumsal Cinsiyet E\u015fitli\u011fi, \u0130nsana Yak\u0131\u015f\u0131r \u0130\u015f ve Ekonomik B\u00fcy\u00fcme, Sanayi, Yenilik\u00e7ilik ve Altyap\u0131<\/strong> ile \u0130klim Eylemi \u00f6zelinde 2024\u2019te de proje \u00fcretmeye, <strong>plastikle m\u00fccadele etmeye, d\u00f6ng\u00fcsel ekonomiyi destekleyecek faaliyetler<\/strong> geli\u015ftirmeye devam edecek.<\/p>","protected":false},"excerpt":{"rendered":"<p>Sorry, this entry is only available in Turkish. For the sake of viewer convenience, the content is shown below in the alternative language. You may click the link to switch the active language. IC Holding, geli\u015fimin etkisi s\u00fcrd\u00fcr\u00fclebilirlik stratejisi \u0131\u015f\u0131\u011f\u0131nda iklim krizi ile m\u00fccadele i\u00e7in ger\u00e7ekle\u015ftirdi\u011fi \u00e7al\u0131\u015fmalar\u0131, somut hedefler vererek bir ad\u0131m \u00f6teye ta\u015f\u0131mak \u00fczere [&hellip;]<\/p>\n","protected":false},"author":1,"featured_media":184780,"comment_status":"open","ping_status":"open","sticky":false,"template":"","format":"standard","meta":[],"categories":[53,52],"tags":[36982,52510,112600,112599,5724],"views":44,"_links":{"self":[{"href":"https:\/\/www.enerjigazetesi.ist\/en\/wp-json\/wp\/v2\/posts\/184778"}],"collection":[{"href":"https:\/\/www.enerjigazetesi.ist\/en\/wp-json\/wp\/v2\/posts"}],"about":[{"href":"https:\/\/www.enerjigazetesi.ist\/en\/wp-json\/wp\/v2\/types\/post"}],"author":[{"embeddable":true,"href":"https:\/\/www.enerjigazetesi.ist\/en\/wp-json\/wp\/v2\/users\/1"}],"replies":[{"embeddable":true,"href":"https:\/\/www.enerjigazetesi.ist\/en\/wp-json\/wp\/v2\/comments?post=184778"}],"version-history":[{"count":0,"href":"https:\/\/www.enerjigazetesi.ist\/en\/wp-json\/wp\/v2\/posts\/184778\/revisions"}],"wp:featuredmedia":[{"embeddable":true,"href":"https:\/\/www.enerjigazetesi.ist\/en\/wp-json\/wp\/v2\/media\/184780"}],"wp:attachment":[{"href":"https:\/\/www.enerjigazetesi.ist\/en\/wp-json\/wp\/v2\/media?parent=184778"}],"wp:term":[{"taxonomy":"category","embeddable":true,"href":"https:\/\/www.enerjigazetesi.ist\/en\/wp-json\/wp\/v2\/categories?post=184778"},{"taxonomy":"post_tag","embeddable":true,"href":"https:\/\/www.enerjigazetesi.ist\/en\/wp-json\/wp\/v2\/tags?post=184778"}],"curies":[{"name":"wp","href":"https:\/\/api.w.org\/{rel}","templated":true}]}}