{"id":184754,"date":"2024-02-20T11:27:50","date_gmt":"2024-02-20T08:27:50","guid":{"rendered":"https:\/\/www.enerjigazetesi.ist\/?p=184754"},"modified":"2024-02-20T11:27:50","modified_gmt":"2024-02-20T08:27:50","slug":"iga-istanbul-havalimani-nin-2023-iklim-degisikligi-raporlamasi-sonuclari-aciklandi","status":"publish","type":"post","link":"https:\/\/www.enerjigazetesi.ist\/en\/iga-istanbul-havalimani-nin-2023-iklim-degisikligi-raporlamasi-sonuclari-aciklandi\/","title":{"rendered":"(Turkish) &#8217;\u0130GA \u0130stanbul Havaliman\u0131&#8217;n\u0131n 2023 \u0130klim De\u011fi\u015fikli\u011fi Raporlamas\u0131 Sonu\u00e7lar\u0131&#8230;"},"content":{"rendered":"<p class=\"qtranxs-available-languages-message qtranxs-available-languages-message-en\">Sorry, this entry is only available in <a href=\"https:\/\/www.enerjigazetesi.ist\/tr\/wp-json\/wp\/v2\/posts\/184754\" class=\"qtranxs-available-language-link qtranxs-available-language-link-tr\" title=\"Turkish\">Turkish<\/a>. For the sake of viewer convenience, the content is shown below in the alternative language. You may click the link to switch the active language.<\/p><p><\/p>\n<h2><strong>\u0130GA \u0130stanbul Havaliman\u0131, d\u00fcnyan\u0131n en b\u00fcy\u00fck s\u00fcrd\u00fcr\u00fclebilirlik derecelendirme platformu \u2018Karbon Saydaml\u0131k Projesi\u2019nin (CDP) \u0130klim De\u011fi\u015fikli\u011fi ve Su Y\u00f6netim programlar\u0131na bu y\u0131l da kat\u0131larak \u00e7evreye ve d\u00fcnyaya olan duyarl\u0131l\u0131\u011f\u0131n\u0131 g\u00f6sterdi. <em>\u201cOda\u011f\u0131m\u0131z D\u00fcnya, Hedefimiz Gelecek\u201d<\/em> s\u00fcrd\u00fcr\u00fclebilirlik yakla\u015f\u0131m\u0131n\u0131 benimseyen ve en y\u00fcksek \u00f6nemde de\u011ferlendirilen ESG riskleri kar\u015f\u0131s\u0131nda yapt\u0131\u011f\u0131 y\u00f6neti\u015fim faaliyetlerini kamuoyu ile payla\u015fan Havaliman\u0131, de\u011ferlendirmede ald\u0131\u011f\u0131 skorlar\u0131 ba\u015far\u0131 hanesine yazd\u0131.<\/strong><\/h2>\n<p style=\"text-align: center;\"><img loading=\"lazy\" class=\"aligncenter wp-image-184757\" src=\"https:\/\/www.enerjigazetesi.ist\/wp-content\/uploads\/2024\/02\/iga-istanbul-havalimani-nin-2023-iklim-degisikligi-raporlamasi-sonuclari-aciklandi.jpg\" alt=\"\" width=\"500\" height=\"303\" srcset=\"https:\/\/www.enerjigazetesi.ist\/wp-content\/uploads\/2024\/02\/iga-istanbul-havalimani-nin-2023-iklim-degisikligi-raporlamasi-sonuclari-aciklandi.jpg 550w, https:\/\/www.enerjigazetesi.ist\/wp-content\/uploads\/2024\/02\/iga-istanbul-havalimani-nin-2023-iklim-degisikligi-raporlamasi-sonuclari-aciklandi-300x182.jpg 300w, https:\/\/www.enerjigazetesi.ist\/wp-content\/uploads\/2024\/02\/iga-istanbul-havalimani-nin-2023-iklim-degisikligi-raporlamasi-sonuclari-aciklandi-500x303.jpg 500w, https:\/\/www.enerjigazetesi.ist\/wp-content\/uploads\/2024\/02\/iga-istanbul-havalimani-nin-2023-iklim-degisikligi-raporlamasi-sonuclari-aciklandi-80x48.jpg 80w\" sizes=\"(max-width: 500px) 100vw, 500px\" \/><\/p>\n<p>D\u00fcnya genelinde ya\u015fanan iklim krizine kar\u015f\u0131, \u00e7evresel etkilerini ve s\u00fcrd\u00fcr\u00fclebilirlik \u00e7abalar\u0131n\u0131 d\u00fczenli olarak raporlayan <strong>\u0130GA \u0130stanbul Havaliman\u0131<\/strong>, \u2018\u015feffafl\u0131k\u2019 ilkesine olan ba\u011fl\u0131l\u0131\u011f\u0131n\u0131 yerine getirmeye devam ediyor. D\u00fcnyan\u0131n en b\u00fcy\u00fck s\u00fcrd\u00fcr\u00fclebilirlik derecelendirme platformu olan <strong>CDP\u2019nin (Karbon Saydaml\u0131k Projesi)<\/strong> \u0130klim De\u011fi\u015fikli\u011fi ve Su Y\u00f6netim programlar\u0131na bu y\u0131l da raporlama yapan Havaliman\u0131, <strong>\u0130klim De\u011fi\u015fikli\u011fi Program\u0131\u2019nda A-, Su G\u00fcvenli\u011fi Program\u0131\u2019nda ise B skoru<\/strong> alarak \u00f6nemli bir ba\u015far\u0131ya imza att\u0131.<\/p>\n<p>\u2018Net S\u0131f\u0131r\u2019 yol haritas\u0131na g\u00f6re, <strong>2023 y\u0131l\u0131<\/strong> hedefini <strong>y\u00fczde 14<\/strong> daha az emisyon ile tamamlayan \u0130GA \u0130stanbul Havaliman\u0131, 2019 baz y\u0131l\u0131na g\u00f6re <strong>2023 y\u0131l\u0131nda y\u00fczde 26 emisyon azalt\u0131m\u0131<\/strong> sa\u011flad\u0131. 2023\u2019te su t\u00fcketiminin <strong>y\u00fczde 30<\/strong>\u2019u geri kazan\u0131lm\u0131\u015f sulardan elde edilirken, havaliman\u0131ndan kaynaklanan at\u0131klar\u0131n <strong>y\u00fczde 35<\/strong>\u2019i de geri d\u00f6n\u00fc\u015ft\u00fcr\u00fclerek ekonomiye kazand\u0131r\u0131ld\u0131.<\/p>\n<p><strong>\u0130GA \u0130stanbul Havaliman\u0131 CEO Vekili Selahattin Bilgen:<\/strong> <em>\u201c\u0130GA \u0130stanbul Havaliman\u0131 olarak, t\u00fcm faaliyetlerimizde Birle\u015fmi\u015f Milletler&#8217;in S\u00fcrd\u00fcr\u00fclebilir Kalk\u0131nma Ama\u00e7lar\u0131 do\u011frultusunda hareket etmeyi \u00f6nceliklendiriyoruz. D\u00fcnyam\u0131za duydu\u011fumuz sayg\u0131 ve s\u00fcrd\u00fcr\u00fclebilirlik bilinciyle gelecek nesillere daha iyi bir d\u00fcnya b\u0131rakmay\u0131 hedefliyoruz. Bu kapsamda \u0130GA olarak, s\u00fcrd\u00fcr\u00fclebilirlik stratejisi, vizyonu, planlar\u0131, aksiyonlar\u0131, projeleri, toplumsal yat\u0131r\u0131mlar\u0131 ve raporlar\u0131 bir araya getiren \u2018WE RESPECT\u2019 (Sayg\u0131 Duyuyoruz) program\u0131n\u0131 da y\u00fcr\u00fct\u00fcyoruz. \u0130GA \u0130stanbul Havaliman\u0131 olarak raporlad\u0131\u011f\u0131m\u0131z bu veriler, d\u00fcnyan\u0131n en kapsaml\u0131 s\u00fcrd\u00fcr\u00fclebilirlik veri envanterine eklenecek.\u00a0<strong>Kapsam 1 ve 2 <\/strong>emisyonlar\u0131n\u0131n, 2030 y\u0131l\u0131nda <strong>y\u00fczde 45<\/strong>, <strong>2040<\/strong>\u2019ta ise <strong>y\u00fczde 73<\/strong> d\u00fc\u015f\u00fcr\u00fclmesi \u00f6ng\u00f6r\u00fcl\u00fcrken; \u00e7evresel s\u00fcrd\u00fcr\u00fclebilirlik \u00e7abalar\u0131n\u0131 g\u00fc\u00e7lendirip <strong>kapsam 3 emisyonlar\u0131n\u0131 azaltma hedefleri<\/strong> do\u011frultusunda karbonsuzla\u015ft\u0131rma teknolojileri, s\u00fcrd\u00fcr\u00fclebilir yak\u0131tlar\u0131n tedari\u011fi i\u00e7in altyap\u0131 deste\u011fi, <strong>enerji verimlili\u011fi<\/strong> ve <strong>yenilenebilir enerji<\/strong> gibi ana stratejilere odaklanmay\u0131 planl\u0131yoruz.\u201d<\/em><\/p>\n<p>Konuyla ilgili g\u00f6r\u00fc\u015flerini payla\u015fan <strong>CDP CEO\u2019su Sherry Madera<\/strong><em><strong>\u00a0<\/strong><\/em>ise \u015funlar\u0131 s\u00f6yledi: <em>&#8220;Bu y\u0131l CDP arac\u0131l\u0131\u011f\u0131yla raporlama yapan 23 binden fazla \u015firketin, <strong>s\u00fcrd\u00fcr\u00fclebilirlik<\/strong> ve onu destekleyen verilerinin raporlanmas\u0131, bir tercih de\u011fil, i\u015f d\u00fcnyas\u0131nda uzun vadeli ba\u015far\u0131n\u0131n vazge\u00e7ilmez bir par\u00e7as\u0131d\u0131r. Elbette bu e\u011filimin yava\u015flamadan devam etmesi gerekiyor. \u0130GA \u0130stanbul Havaliman\u0131, bu y\u0131l da s\u00fcrd\u00fcr\u00fclebilirlik verilerini CDP arac\u0131l\u0131\u011f\u0131 ile raporlayarak, umut etti\u011fimiz ye\u015fil gelece\u011fe katk\u0131da bulunan s\u00fcrd\u00fcr\u00fclebilirlik yolculu\u011funa devam ediyor.\u201d<\/em><\/p>","protected":false},"excerpt":{"rendered":"<p>Sorry, this entry is only available in Turkish. For the sake of viewer convenience, the content is shown below in the alternative language. You may click the link to switch the active language. \u0130GA \u0130stanbul Havaliman\u0131, d\u00fcnyan\u0131n en b\u00fcy\u00fck s\u00fcrd\u00fcr\u00fclebilirlik derecelendirme platformu \u2018Karbon Saydaml\u0131k Projesi\u2019nin (CDP) \u0130klim De\u011fi\u015fikli\u011fi ve Su Y\u00f6netim programlar\u0131na bu y\u0131l da [&hellip;]<\/p>\n","protected":false},"author":1,"featured_media":184757,"comment_status":"open","ping_status":"open","sticky":false,"template":"","format":"standard","meta":[],"categories":[53,52],"tags":[72988,12,111608,112589,1296],"views":29,"_links":{"self":[{"href":"https:\/\/www.enerjigazetesi.ist\/en\/wp-json\/wp\/v2\/posts\/184754"}],"collection":[{"href":"https:\/\/www.enerjigazetesi.ist\/en\/wp-json\/wp\/v2\/posts"}],"about":[{"href":"https:\/\/www.enerjigazetesi.ist\/en\/wp-json\/wp\/v2\/types\/post"}],"author":[{"embeddable":true,"href":"https:\/\/www.enerjigazetesi.ist\/en\/wp-json\/wp\/v2\/users\/1"}],"replies":[{"embeddable":true,"href":"https:\/\/www.enerjigazetesi.ist\/en\/wp-json\/wp\/v2\/comments?post=184754"}],"version-history":[{"count":0,"href":"https:\/\/www.enerjigazetesi.ist\/en\/wp-json\/wp\/v2\/posts\/184754\/revisions"}],"wp:featuredmedia":[{"embeddable":true,"href":"https:\/\/www.enerjigazetesi.ist\/en\/wp-json\/wp\/v2\/media\/184757"}],"wp:attachment":[{"href":"https:\/\/www.enerjigazetesi.ist\/en\/wp-json\/wp\/v2\/media?parent=184754"}],"wp:term":[{"taxonomy":"category","embeddable":true,"href":"https:\/\/www.enerjigazetesi.ist\/en\/wp-json\/wp\/v2\/categories?post=184754"},{"taxonomy":"post_tag","embeddable":true,"href":"https:\/\/www.enerjigazetesi.ist\/en\/wp-json\/wp\/v2\/tags?post=184754"}],"curies":[{"name":"wp","href":"https:\/\/api.w.org\/{rel}","templated":true}]}}