{"id":184678,"date":"2024-02-19T11:22:40","date_gmt":"2024-02-19T08:22:40","guid":{"rendered":"https:\/\/www.enerjigazetesi.ist\/?p=184678"},"modified":"2024-02-19T11:23:07","modified_gmt":"2024-02-19T08:23:07","slug":"acil-durum-yonetimi-kapsaminda-mobil-destek-alt-yapisi-guclendirildi","status":"publish","type":"post","link":"https:\/\/www.enerjigazetesi.ist\/en\/acil-durum-yonetimi-kapsaminda-mobil-destek-alt-yapisi-guclendirildi\/","title":{"rendered":"(Turkish) Acil Durum Y\u00f6netimi Kapsam\u0131nda Mobil Destek Alt Yap\u0131s\u0131 G\u00fc\u00e7lendirildi"},"content":{"rendered":"<p class=\"qtranxs-available-languages-message qtranxs-available-languages-message-en\">Sorry, this entry is only available in <a href=\"https:\/\/www.enerjigazetesi.ist\/tr\/wp-json\/wp\/v2\/posts\/184678\" class=\"qtranxs-available-language-link qtranxs-available-language-link-tr\" title=\"Turkish\">Turkish<\/a>. For the sake of viewer convenience, the content is shown below in the alternative language. You may click the link to switch the active language.<\/p><p><\/p>\n<h2><strong>Kesintisiz ve kaliteli elektrik da\u011f\u0131t\u0131m hizmeti i\u00e7in yat\u0131r\u0131m, bak\u0131m ve onar\u0131m \u00e7al\u0131\u015fmalar\u0131na aral\u0131ks\u0131z devam eden TREDA\u015e, mobil enerji altyap\u0131s\u0131n\u0131 daha da g\u00fc\u00e7lendirmek hedefi ile 12 mobil jenerat\u00f6r\u00fc daha envanterine katt\u0131.<\/strong><\/h2>\n<p style=\"text-align: center;\"><img loading=\"lazy\" class=\"aligncenter wp-image-184681\" src=\"https:\/\/www.enerjigazetesi.ist\/wp-content\/uploads\/2024\/02\/acil-durum-yonetimi-kapsaminda-mobil-destek-alt-yapisi-guclendirildi-1.jpg\" alt=\"\" width=\"500\" height=\"334\" srcset=\"https:\/\/www.enerjigazetesi.ist\/wp-content\/uploads\/2024\/02\/acil-durum-yonetimi-kapsaminda-mobil-destek-alt-yapisi-guclendirildi-1.jpg 550w, https:\/\/www.enerjigazetesi.ist\/wp-content\/uploads\/2024\/02\/acil-durum-yonetimi-kapsaminda-mobil-destek-alt-yapisi-guclendirildi-1-300x200.jpg 300w, https:\/\/www.enerjigazetesi.ist\/wp-content\/uploads\/2024\/02\/acil-durum-yonetimi-kapsaminda-mobil-destek-alt-yapisi-guclendirildi-1-500x334.jpg 500w, https:\/\/www.enerjigazetesi.ist\/wp-content\/uploads\/2024\/02\/acil-durum-yonetimi-kapsaminda-mobil-destek-alt-yapisi-guclendirildi-1-75x50.jpg 75w, https:\/\/www.enerjigazetesi.ist\/wp-content\/uploads\/2024\/02\/acil-durum-yonetimi-kapsaminda-mobil-destek-alt-yapisi-guclendirildi-1-450x300.jpg 450w\" sizes=\"(max-width: 500px) 100vw, 500px\" \/><\/p>\n<p>Edirne, Tekirda\u011f ve K\u0131rklareli\u2019ne uluslararas\u0131 standartlarda elektrik da\u011f\u0131t\u0131m hizmeti sunan Trakya Elektrik Da\u011f\u0131t\u0131m A.\u015e. (TREDA\u015e), mobil enerji altyap\u0131s\u0131n\u0131 \u00e7ok daha g\u00fc\u00e7lendirmek hedefi ile envanterine toplam 12 yeni jenerat\u00f6r ekledi.<\/p>\n<p>Acil ihtiya\u00e7 durumlar\u0131nda hizmet verme kapasitesini art\u0131racak <strong>8<\/strong> adet <strong>50 kVA<\/strong> g\u00fcc\u00fcnde r\u00f6morklu ve<strong> 3<\/strong> adet <strong>400 kVA<\/strong> g\u00fcc\u00fcnde kamyon \u00fcst\u00fc olmak \u00fczere <strong>11 adet al\u00e7ak gerilim seviyesi \u00e7\u0131k\u0131\u015fl\u0131 jenerat\u00f6r<\/strong> ile <strong>bir<\/strong> adet de<strong> 1 MVA<\/strong> g\u00fcc\u00fcnde orta gerilim seviyesi \u00e7\u0131k\u0131\u015fl\u0131 mobil jenerat\u00f6r alan TREDA\u015e, s\u00f6z konusu jenerat\u00f6rleri hizmet b\u00f6lgesindeki uygun noktalarda g\u00f6reve haz\u0131r halde bekletecek.<\/p>\n<p>Mobil jenerat\u00f6rlerin acil ihtiya\u00e7 durumlar\u0131nda etkin bir \u015fekilde kullanaca\u011f\u0131n\u0131 dile getiren <strong><em>TREDA\u015e Genel M\u00fcd\u00fcr\u00fc Re\u015fit Bilgili,<\/em><\/strong> <em>\u201cAbonelerimizin enerji ihtiyac\u0131n\u0131 kar\u015f\u0131lamak i\u00e7in 7 g\u00fcn 24 saat g\u00f6rev ba\u015f\u0131nda olan personelimizi, ara\u00e7 ve ekipman ile de destekliyoruz. Toplam <strong>2 bin 600 kVA<\/strong> g\u00fc\u00e7te olan, farkl\u0131 g\u00fc\u00e7 gruplar\u0131na g\u00f6re <strong>16 ayr\u0131 trafo b\u00f6lgesinde<\/strong> enerjilendirme kapasitesine sahip <strong>mobil jenerat\u00f6rlerimiz<\/strong> ile gerekli m\u00fcdahaleleri daha h\u0131zl\u0131 yapabilece\u011fiz\u201d<\/em> de\u011ferlendirmesinde bulundu.<\/p>","protected":false},"excerpt":{"rendered":"<p>Sorry, this entry is only available in Turkish. For the sake of viewer convenience, the content is shown below in the alternative language. You may click the link to switch the active language. Kesintisiz ve kaliteli elektrik da\u011f\u0131t\u0131m hizmeti i\u00e7in yat\u0131r\u0131m, bak\u0131m ve onar\u0131m \u00e7al\u0131\u015fmalar\u0131na aral\u0131ks\u0131z devam eden TREDA\u015e, mobil enerji altyap\u0131s\u0131n\u0131 daha da g\u00fc\u00e7lendirmek [&hellip;]<\/p>\n","protected":false},"author":1,"featured_media":184680,"comment_status":"open","ping_status":"open","sticky":false,"template":"","format":"standard","meta":[],"categories":[51,53],"tags":[15016,4546,112564,95401,112565,108919,12370],"views":36,"_links":{"self":[{"href":"https:\/\/www.enerjigazetesi.ist\/en\/wp-json\/wp\/v2\/posts\/184678"}],"collection":[{"href":"https:\/\/www.enerjigazetesi.ist\/en\/wp-json\/wp\/v2\/posts"}],"about":[{"href":"https:\/\/www.enerjigazetesi.ist\/en\/wp-json\/wp\/v2\/types\/post"}],"author":[{"embeddable":true,"href":"https:\/\/www.enerjigazetesi.ist\/en\/wp-json\/wp\/v2\/users\/1"}],"replies":[{"embeddable":true,"href":"https:\/\/www.enerjigazetesi.ist\/en\/wp-json\/wp\/v2\/comments?post=184678"}],"version-history":[{"count":0,"href":"https:\/\/www.enerjigazetesi.ist\/en\/wp-json\/wp\/v2\/posts\/184678\/revisions"}],"wp:featuredmedia":[{"embeddable":true,"href":"https:\/\/www.enerjigazetesi.ist\/en\/wp-json\/wp\/v2\/media\/184680"}],"wp:attachment":[{"href":"https:\/\/www.enerjigazetesi.ist\/en\/wp-json\/wp\/v2\/media?parent=184678"}],"wp:term":[{"taxonomy":"category","embeddable":true,"href":"https:\/\/www.enerjigazetesi.ist\/en\/wp-json\/wp\/v2\/categories?post=184678"},{"taxonomy":"post_tag","embeddable":true,"href":"https:\/\/www.enerjigazetesi.ist\/en\/wp-json\/wp\/v2\/tags?post=184678"}],"curies":[{"name":"wp","href":"https:\/\/api.w.org\/{rel}","templated":true}]}}