{"id":184659,"date":"2024-02-16T17:11:57","date_gmt":"2024-02-16T14:11:57","guid":{"rendered":"https:\/\/www.enerjigazetesi.ist\/?p=184659"},"modified":"2024-02-16T17:11:57","modified_gmt":"2024-02-16T14:11:57","slug":"subatta-elektrikli-arac-satin-alanlarin-1-yil-boyunca-sarj-gideri-sifirlaniyor","status":"publish","type":"post","link":"https:\/\/www.enerjigazetesi.ist\/en\/subatta-elektrikli-arac-satin-alanlarin-1-yil-boyunca-sarj-gideri-sifirlaniyor\/","title":{"rendered":"(Turkish) \u015eubatta Elektrikli Ara\u00e7 Sat\u0131n Alanlar\u0131n 1 Y\u0131l Boyunca \u015earj Gideri S\u0131f\u0131rlan\u0131yor!"},"content":{"rendered":"<p class=\"qtranxs-available-languages-message qtranxs-available-languages-message-en\">Sorry, this entry is only available in <a href=\"https:\/\/www.enerjigazetesi.ist\/tr\/wp-json\/wp\/v2\/posts\/184659\" class=\"qtranxs-available-language-link qtranxs-available-language-link-tr\" title=\"Turkish\">Turkish<\/a>. For the sake of viewer convenience, the content is shown below in the alternative language. You may click the link to switch the active language.<\/p><p><\/p>\n<h2><strong>\u0130ngiltere\u2019nin en k\u00f6kl\u00fc ve sayg\u0131n otomobil markalar\u0131ndan MG, 2021 y\u0131l\u0131 sonunda giri\u015f yapt\u0131\u011f\u0131 T\u00fcrkiye pazar\u0131nda dikkatleri \u00fczerine \u00e7ekmeye devam ediyor. Ge\u00e7ti\u011fimiz y\u0131l\u0131 \u201cY\u0131l\u0131n En H\u0131zl\u0131 B\u00fcy\u00fcyen Otomotiv Markas\u0131\u201d olarak tamamlayan MG T\u00fcrkiye, 2024 y\u0131l\u0131na g\u00fc\u00e7l\u00fc ba\u015flad\u0131.<\/strong><\/h2>\n<p style=\"text-align: center;\"><img loading=\"lazy\" class=\"aligncenter wp-image-184662\" src=\"https:\/\/www.enerjigazetesi.ist\/wp-content\/uploads\/2024\/02\/subatta-elektrikli-arac-satin-alanlarin-1-yil-boyunca-sarj-gideri-sifirlaniyor-1.jpg\" alt=\"\" width=\"500\" height=\"334\" srcset=\"https:\/\/www.enerjigazetesi.ist\/wp-content\/uploads\/2024\/02\/subatta-elektrikli-arac-satin-alanlarin-1-yil-boyunca-sarj-gideri-sifirlaniyor-1.jpg 550w, https:\/\/www.enerjigazetesi.ist\/wp-content\/uploads\/2024\/02\/subatta-elektrikli-arac-satin-alanlarin-1-yil-boyunca-sarj-gideri-sifirlaniyor-1-300x200.jpg 300w, https:\/\/www.enerjigazetesi.ist\/wp-content\/uploads\/2024\/02\/subatta-elektrikli-arac-satin-alanlarin-1-yil-boyunca-sarj-gideri-sifirlaniyor-1-500x334.jpg 500w, https:\/\/www.enerjigazetesi.ist\/wp-content\/uploads\/2024\/02\/subatta-elektrikli-arac-satin-alanlarin-1-yil-boyunca-sarj-gideri-sifirlaniyor-1-75x50.jpg 75w, https:\/\/www.enerjigazetesi.ist\/wp-content\/uploads\/2024\/02\/subatta-elektrikli-arac-satin-alanlarin-1-yil-boyunca-sarj-gideri-sifirlaniyor-1-450x300.jpg 450w\" sizes=\"(max-width: 500px) 100vw, 500px\" \/><\/p>\n<p><strong>Do\u011fan Trend Otomotiv Genel M\u00fcd\u00fcr Yard\u0131mc\u0131s\u0131 Tibet Soysal<\/strong>, <em>\u201c2024 y\u0131l\u0131nda marka olarak sat\u0131\u015f ve sat\u0131\u015f sonras\u0131 i\u00e7in yat\u0131r\u0131mlara h\u0131z verdik. Bug\u00fcn itibar\u0131yla 30 yetkili sat\u0131c\u0131 ve servisle hizmet veriyoruz. 2024 y\u0131l\u0131 i\u00e7in hedefimiz bu say\u0131y\u0131 40\u2019a \u00e7\u0131karmak. Bunun i\u00e7in h\u0131zla aksiyon al\u0131p yat\u0131r\u0131mlar\u0131 planl\u0131yoruz\u201d<\/em> dedi. T\u00fcrkiye\u2019de elektrikli ara\u00e7lara olan ilginin h\u0131zla artt\u0131\u011f\u0131n\u0131 s\u00f6yleyen Tibet Soysal, <em>\u201cTalepteki bu art\u0131\u015f\u0131 \u00f6ng\u00f6rerek stoklar\u0131m\u0131z\u0131 g\u00fc\u00e7l\u00fc tutmaya devam ediyoruz. Bu arada da yay\u0131nlanan tebli\u011f kapsam\u0131nda m\u00fc\u015fterilerimize kesintisiz hizmet vermeye devam etmek i\u00e7in \u00e7al\u0131\u015fmalar\u0131m\u0131z\u0131 s\u00fcrd\u00fcr\u00fcyoruz. Ayr\u0131ca <strong>MG4 Electric<\/strong> ve<strong> ZS EV<\/strong> modellerimiz i\u00e7in haz\u0131rlad\u0131\u011f\u0131m\u0131z benzersiz kampanyalar\u0131m\u0131za \u00e7ok yo\u011fun bir ilgi var. Bu kapsamda yeni i\u015f birlikleriyle ara\u00e7lar\u0131m\u0131z\u0131 daha da cazip hale getiriyoruz. E\u015farj ile yapt\u0131\u011f\u0131m\u0131z anla\u015fma kapsam\u0131nda <strong>MG4 Electric<\/strong> modelimizi \u015fubat ay\u0131nda sat\u0131n alan m\u00fc\u015fterilerimize <strong>1 y\u0131ll\u0131k \u015farj hediye<\/strong> ediyoruz. Yani \u015fubatta MG4 sat\u0131n alanlar 1 y\u0131l boyunca \u015farj paras\u0131 \u00f6demeyecek\u201d<\/em> diye konu\u015ftu.<\/p>\n<p>Sat\u0131\u015f ve sat\u0131\u015f sonras\u0131 i\u00e7in yat\u0131r\u0131mlara h\u0131z verdiklerini vurgulayan <strong>Tibet Soysal<\/strong>, <em>\u201cMG markas\u0131n\u0131 2021 y\u0131l\u0131 sonunda T\u00fcrk t\u00fcketicisiyle bulu\u015fturmaya ba\u015flad\u0131k. 20 servis ve 11 bayi ile ba\u015flatt\u0131\u011f\u0131m\u0131z bu s\u00fcre\u00e7te 2023 sonu itibar\u0131yla 30 yetkili sat\u0131c\u0131 ve servis say\u0131s\u0131na ula\u015ft\u0131k. 2024 y\u0131l\u0131 i\u00e7in hedefimiz bu say\u0131y\u0131 40\u2019a \u00e7\u0131karmak. Bunun i\u00e7in h\u0131zla aksiyon al\u0131p yat\u0131r\u0131mlar\u0131 planl\u0131yoruz\u201d dedi. T\u00fcrkiye\u2019de elektrikli ara\u00e7lara olan ilginin h\u0131zla artt\u0131\u011f\u0131n\u0131 s\u00f6yleyen <strong>Do\u011fan Trend Otomotiv Genel M\u00fcd\u00fcr Yard\u0131mc\u0131s\u0131 Tibet Soysal<\/strong>, \u015f\u00f6yle devam etti: \u201cTalepteki bu art\u0131\u015f\u0131 \u00f6ng\u00f6rerek stoklar\u0131m\u0131z\u0131 g\u00fc\u00e7l\u00fc tutmaya devam ediyoruz. Bug\u00fcn itibar\u0131yla y\u0131l\u0131n ilk d\u00f6neminde yetecek kadar elektrikli ara\u00e7 bulunurlu\u011fumuz mevcut. Ayr\u0131ca <strong>MG4 Electric<\/strong> ve<strong> ZS EV<\/strong> modellerimiz i\u00e7in haz\u0131rlad\u0131\u011f\u0131m\u0131z g\u00fc\u00e7l\u00fc avantajlara \u00e7ok yo\u011fun bir ilgi var. Bu kapsamda yeni i\u015f birlikleriyle ara\u00e7lar\u0131m\u0131z\u0131 daha da cazip hale getiriyoruz. E\u015farj ile yapt\u0131\u011f\u0131m\u0131z anla\u015fma kapsam\u0131nda MG4 Electric modelimizi \u015fubat ay\u0131nda sat\u0131n alan m\u00fc\u015fterilerimize <strong>1 y\u0131ll\u0131k \u015farj\u0131 hediye<\/strong> ediyoruz. Yani \u015fubatta <strong>MG4<\/strong> sat\u0131n alanlar <strong>1 y\u0131l boyunca \u015farj paras\u0131 \u00f6demeyecek.<\/strong>\u201d<\/em><\/p>\n<h3><strong>MG Sahipleri ValueGuard ile Arac\u0131n\u0131n De\u011ferini Koruyor!<\/strong><\/h3>\n<p>MG T\u00fcrkiye, \u015fubat kampanyas\u0131 kapsam\u0131nda MG4 Electric sat\u0131n alan m\u00fc\u015fterilerine hem takas hem de kredi deste\u011finden ayn\u0131 anda faydalanma imk\u00e2n\u0131 sa\u011fl\u0131yor. 577 km WLTP \u015fehir i\u00e7i menzili ile %100 elektrikli s\u00fcr\u00fc\u015f keyfini ya\u015fatan MG4 Electric modeline; 200 bin TL\u2019ye 12 ay vade ve y\u00fczde 0 faizli krediye ek, 70 bin TL\u2019ye varan takas deste\u011fi ile sahip olunabiliyor. Bir di\u011fer %100 elektrikli model ZS EV modeli i\u00e7in de 80 bin TL takas deste\u011fi veya 250 bin TL\u2019ye 12 ay vadeli y\u00fczde 0,49 faizli kredi deste\u011fi sunuluyor. Ayr\u0131ca bu modelleri sat\u0131n alanlara <strong>Wallbox hediyesi<\/strong> veya <strong>1 Y\u0131ll\u0131k \u015earj kart\u0131 hediye<\/strong> ediliyor. Markan\u0131n m\u00fc\u015fterilere sundu\u011fu en \u00f6nemli avantaj ise <strong>\u201cMG ValueGuard De\u011fer Koruma Program\u0131\u201d<\/strong>. Ayr\u0131ca standart <strong>7 y\u0131l &#8211; 150.000 km<\/strong>\u2019lik <strong>ara\u00e7<\/strong> ve <strong>batarya garantisi<\/strong>, g\u00fc\u00e7l\u00fc sat\u0131\u015f ve servis a\u011f\u0131 ile benzersiz bir sat\u0131n alma s\u00fcreci e\u015f zamanl\u0131 sunuluyor.<\/p>","protected":false},"excerpt":{"rendered":"<p>Sorry, this entry is only available in Turkish. For the sake of viewer convenience, the content is shown below in the alternative language. You may click the link to switch the active language. \u0130ngiltere\u2019nin en k\u00f6kl\u00fc ve sayg\u0131n otomobil markalar\u0131ndan MG, 2021 y\u0131l\u0131 sonunda giri\u015f yapt\u0131\u011f\u0131 T\u00fcrkiye pazar\u0131nda dikkatleri \u00fczerine \u00e7ekmeye devam ediyor. Ge\u00e7ti\u011fimiz y\u0131l\u0131 [&hellip;]<\/p>\n","protected":false},"author":1,"featured_media":184661,"comment_status":"open","ping_status":"open","sticky":false,"template":"","format":"standard","meta":[],"categories":[51,53],"tags":[215,1270,37787,97295,112559,109081,84446],"views":37,"_links":{"self":[{"href":"https:\/\/www.enerjigazetesi.ist\/en\/wp-json\/wp\/v2\/posts\/184659"}],"collection":[{"href":"https:\/\/www.enerjigazetesi.ist\/en\/wp-json\/wp\/v2\/posts"}],"about":[{"href":"https:\/\/www.enerjigazetesi.ist\/en\/wp-json\/wp\/v2\/types\/post"}],"author":[{"embeddable":true,"href":"https:\/\/www.enerjigazetesi.ist\/en\/wp-json\/wp\/v2\/users\/1"}],"replies":[{"embeddable":true,"href":"https:\/\/www.enerjigazetesi.ist\/en\/wp-json\/wp\/v2\/comments?post=184659"}],"version-history":[{"count":0,"href":"https:\/\/www.enerjigazetesi.ist\/en\/wp-json\/wp\/v2\/posts\/184659\/revisions"}],"wp:featuredmedia":[{"embeddable":true,"href":"https:\/\/www.enerjigazetesi.ist\/en\/wp-json\/wp\/v2\/media\/184661"}],"wp:attachment":[{"href":"https:\/\/www.enerjigazetesi.ist\/en\/wp-json\/wp\/v2\/media?parent=184659"}],"wp:term":[{"taxonomy":"category","embeddable":true,"href":"https:\/\/www.enerjigazetesi.ist\/en\/wp-json\/wp\/v2\/categories?post=184659"},{"taxonomy":"post_tag","embeddable":true,"href":"https:\/\/www.enerjigazetesi.ist\/en\/wp-json\/wp\/v2\/tags?post=184659"}],"curies":[{"name":"wp","href":"https:\/\/api.w.org\/{rel}","templated":true}]}}