{"id":184654,"date":"2024-02-16T16:50:06","date_gmt":"2024-02-16T13:50:06","guid":{"rendered":"https:\/\/www.enerjigazetesi.ist\/?p=184654"},"modified":"2024-02-16T16:50:06","modified_gmt":"2024-02-16T13:50:06","slug":"kombi-kac-derecede-yanmali","status":"publish","type":"post","link":"https:\/\/www.enerjigazetesi.ist\/en\/kombi-kac-derecede-yanmali\/","title":{"rendered":"(Turkish) Kombi Ka\u00e7 Derecede Yanmal\u0131?"},"content":{"rendered":"<p class=\"qtranxs-available-languages-message qtranxs-available-languages-message-en\">Sorry, this entry is only available in <a href=\"https:\/\/www.enerjigazetesi.ist\/tr\/wp-json\/wp\/v2\/posts\/184654\" class=\"qtranxs-available-language-link qtranxs-available-language-link-tr\" title=\"Turkish\">Turkish<\/a>. For the sake of viewer convenience, the content is shown below in the alternative language. You may click the link to switch the active language.<\/p><p><\/p>\n<h2><strong>\u00d6zellikle k\u0131\u015f aylar\u0131nda yo\u011fun olarak kullan\u0131lan kombiler, evin \u0131s\u0131t\u0131lmas\u0131nda ve s\u0131cak su ihtiyac\u0131n\u0131n kar\u015f\u0131lanmas\u0131nda \u00f6nemli rol oynuyor. Peki tasarruf sa\u011flamak i\u00e7in kombi ka\u00e7 derecede yanmal\u0131? Alarko Carrier Is\u0131tma \u00dcr\u00fcn Y\u00f6neticisi Ba\u015fak Dere, k\u0131\u015f aylar\u0131nda kombi kullan\u0131m\u0131n\u0131n \u00e7ok daha efektif olmas\u0131n\u0131 sa\u011flayacak kullan\u0131m \u00f6nerilerini payla\u015ft\u0131.\u00a0<\/strong><\/h2>\n<p>Kombilerin yanma derecesi ayarlanarak maksimum verimde<strong>\u00a0<\/strong>kullan\u0131labilece\u011fine dikkat \u00e7eken<strong>\u00a0Alarko <img loading=\"lazy\" class=\"alignright wp-image-184657\" src=\"https:\/\/www.enerjigazetesi.ist\/wp-content\/uploads\/2024\/02\/kombi-kac-derecede-yanmali-1.jpg\" alt=\"\" width=\"320\" height=\"273\" srcset=\"https:\/\/www.enerjigazetesi.ist\/wp-content\/uploads\/2024\/02\/kombi-kac-derecede-yanmali-1.jpg 550w, https:\/\/www.enerjigazetesi.ist\/wp-content\/uploads\/2024\/02\/kombi-kac-derecede-yanmali-1-300x256.jpg 300w, https:\/\/www.enerjigazetesi.ist\/wp-content\/uploads\/2024\/02\/kombi-kac-derecede-yanmali-1-468x400.jpg 468w, https:\/\/www.enerjigazetesi.ist\/wp-content\/uploads\/2024\/02\/kombi-kac-derecede-yanmali-1-59x50.jpg 59w, https:\/\/www.enerjigazetesi.ist\/wp-content\/uploads\/2024\/02\/kombi-kac-derecede-yanmali-1-500x427.jpg 500w\" sizes=\"(max-width: 320px) 100vw, 320px\" \/>Carrier Is\u0131tma \u00dcr\u00fcn Y\u00f6neticisi Ba\u015fak Dere,\u00a0<\/strong>tasarruf etme konusunda \u00f6nemli tavsiyeler verdi.<\/p>\n<h3><strong>Enerji Tasarrufu \u0130\u00e7in Kombi \u0130deal S\u0131cakl\u0131kta Tutulmal\u0131<\/strong><\/h3>\n<p>Kombi ka\u00e7 derece olmal\u0131 sorusunun, yaln\u0131zca enerji ekonomisi a\u00e7\u0131s\u0131ndan de\u011fil konfor a\u00e7\u0131s\u0131ndan da \u00f6nemli oldu\u011funu belirten Dere; <em>\u201cIs\u0131 m\u00fchendisli\u011fine g\u00f6re konfor \u015fartlar\u0131 bak\u0131m\u0131ndan bir evin farkl\u0131, mekanlar\u0131n\u0131n farkl\u0131 s\u0131cakl\u0131klara sahip olmas\u0131 gerekir. Yani antre ile oturma odas\u0131n\u0131n s\u0131cakl\u0131\u011f\u0131n\u0131n ya da mutfak ile banyo s\u0131cakl\u0131\u011f\u0131n\u0131n ayn\u0131 olmamas\u0131 \u00f6nerilir. Evin her bir odas\u0131 i\u00e7in uygun s\u0131cakl\u0131k de\u011feri bilinir ve bu mekanlar bu s\u0131cakl\u0131k de\u011ferlerine g\u00f6re \u0131s\u0131t\u0131l\u0131rsa kombi kullan\u0131m\u0131 verimli bir \u015fekilde ger\u00e7ekle\u015fecektir. Antre, hol ve koridor i\u00e7in ideal s\u0131cakl\u0131k de\u011feri<strong> 15\u00b0C<\/strong>, oturma odas\u0131, salon, yatak odas\u0131 ve mutfak i\u00e7in ideal s\u0131cakl\u0131k de\u011feri <strong>20\u00b0C<\/strong> ve banyo i\u00e7inse ideal s\u0131cakl\u0131k de\u011feri<strong> 24\u00b0C<\/strong> olmal\u0131d\u0131r\u201d<\/em> dedi.<\/p>\n<h3><strong>Enerji Ekonomisi A\u00e7\u0131s\u0131ndan Radyat\u00f6r Boyutu ve Kalitesi \u00d6nemli<\/strong><\/h3>\n<p>Enerji ekonomisi a\u00e7\u0131s\u0131ndan ideal s\u0131cakl\u0131\u011f\u0131n 20\u00b0C oldu\u011funu belirten Dere; <em>\u201cElbette bu de\u011fer dairenin radyat\u00f6r boyutuna g\u00f6re de\u011fi\u015fecektir. Radyat\u00f6r boyu daha uzun ve kapasitesi daha y\u00fcksek olan dairede <strong>65\u00b0C<\/strong> ayarla evin salonunu <strong>20\u00b0C<\/strong> s\u0131cakl\u0131\u011f\u0131na ula\u015ft\u0131r\u0131labilir. Bundan daha k\u00fc\u00e7\u00fck boyutlu veya g\u00f6r\u00fcn\u00fcm\u00fc ayn\u0131 olmakla birlikte daha d\u00fc\u015f\u00fck \u0131s\u0131l kapasiteye sahip ucuz bir radyat\u00f6r kullan\u0131lan evde ise ancak <strong>65\u00b0C<\/strong> veya<strong> 70\u00b0C<\/strong> ile ev istenilen \u015fekilde \u0131s\u0131t\u0131labilecektir. Kombi ka\u00e7 derecede olmal\u0131 sorusuna verilebilecek yan\u0131tta g\u00f6r\u00fcld\u00fc\u011f\u00fc gibi radyat\u00f6r boyutu ve radyat\u00f6r \u0131s\u0131l kapasitesi \u00f6nemli rol oynamaktad\u0131r. Ayr\u0131ca e\u011fer kombi s\u0131cakl\u0131\u011f\u0131 d\u00fc\u015f\u00fck olursa, \u00e7ok so\u011fuk havalarda cihaz gerekli \u0131s\u0131y\u0131 \u00fcretemeyece\u011fi i\u00e7in evlerde konfor s\u0131cakl\u0131\u011f\u0131 sa\u011flanamayacakt\u0131r. Bu problemi ortadan kald\u0131rmak i\u00e7in ya <strong>termostatik radyat\u00f6r vanas\u0131<\/strong> kullanabilir ya da salona oda termostat\u0131 koyulabilir\u201d<\/em> dedi.<\/p>","protected":false},"excerpt":{"rendered":"<p>Sorry, this entry is only available in Turkish. For the sake of viewer convenience, the content is shown below in the alternative language. You may click the link to switch the active language. \u00d6zellikle k\u0131\u015f aylar\u0131nda yo\u011fun olarak kullan\u0131lan kombiler, evin \u0131s\u0131t\u0131lmas\u0131nda ve s\u0131cak su ihtiyac\u0131n\u0131n kar\u015f\u0131lanmas\u0131nda \u00f6nemli rol oynuyor. Peki tasarruf sa\u011flamak i\u00e7in kombi [&hellip;]<\/p>\n","protected":false},"author":1,"featured_media":184656,"comment_status":"open","ping_status":"open","sticky":false,"template":"","format":"standard","meta":[],"categories":[46,53],"tags":[15737,43848,18436,41408],"views":33,"_links":{"self":[{"href":"https:\/\/www.enerjigazetesi.ist\/en\/wp-json\/wp\/v2\/posts\/184654"}],"collection":[{"href":"https:\/\/www.enerjigazetesi.ist\/en\/wp-json\/wp\/v2\/posts"}],"about":[{"href":"https:\/\/www.enerjigazetesi.ist\/en\/wp-json\/wp\/v2\/types\/post"}],"author":[{"embeddable":true,"href":"https:\/\/www.enerjigazetesi.ist\/en\/wp-json\/wp\/v2\/users\/1"}],"replies":[{"embeddable":true,"href":"https:\/\/www.enerjigazetesi.ist\/en\/wp-json\/wp\/v2\/comments?post=184654"}],"version-history":[{"count":0,"href":"https:\/\/www.enerjigazetesi.ist\/en\/wp-json\/wp\/v2\/posts\/184654\/revisions"}],"wp:featuredmedia":[{"embeddable":true,"href":"https:\/\/www.enerjigazetesi.ist\/en\/wp-json\/wp\/v2\/media\/184656"}],"wp:attachment":[{"href":"https:\/\/www.enerjigazetesi.ist\/en\/wp-json\/wp\/v2\/media?parent=184654"}],"wp:term":[{"taxonomy":"category","embeddable":true,"href":"https:\/\/www.enerjigazetesi.ist\/en\/wp-json\/wp\/v2\/categories?post=184654"},{"taxonomy":"post_tag","embeddable":true,"href":"https:\/\/www.enerjigazetesi.ist\/en\/wp-json\/wp\/v2\/tags?post=184654"}],"curies":[{"name":"wp","href":"https:\/\/api.w.org\/{rel}","templated":true}]}}