{"id":184634,"date":"2024-02-16T15:28:06","date_gmt":"2024-02-16T12:28:06","guid":{"rendered":"https:\/\/www.enerjigazetesi.ist\/?p=184634"},"modified":"2024-02-16T15:28:06","modified_gmt":"2024-02-16T12:28:06","slug":"rewa-anatolia-fuari-adana-da-ziyarete-acildi","status":"publish","type":"post","link":"https:\/\/www.enerjigazetesi.ist\/en\/rewa-anatolia-fuari-adana-da-ziyarete-acildi\/","title":{"rendered":"(Turkish) &#8217;REWA Anatolia Fuar\u0131&#8217; Adana\u2019da Ziyarete A\u00e7\u0131ld\u0131"},"content":{"rendered":"<p class=\"qtranxs-available-languages-message qtranxs-available-languages-message-en\">Sorry, this entry is only available in <a href=\"https:\/\/www.enerjigazetesi.ist\/tr\/wp-json\/wp\/v2\/posts\/184634\" class=\"qtranxs-available-language-link qtranxs-available-language-link-tr\" title=\"Turkish\">Turkish<\/a>. For the sake of viewer convenience, the content is shown below in the alternative language. You may click the link to switch the active language.<\/p><p><\/p>\n<h2><strong>Gelece\u011fi s\u00fcrd\u00fcr\u00fclebilir teknolojilerinin sergilendi\u011fi REWA Anatolia &#8211; Geri D\u00f6n\u00fc\u015f\u00fcm ve At\u0131k Y\u00f6netimi Fuar ve Konferans\u0131, 15-17 \u015eubat 2024 tarihleri aras\u0131nda Adana&#8217;da T\u00dcYAP Fuar ve Kongre Merkezi&#8217;nde kap\u0131lar\u0131n\u0131 ziyarete a\u00e7t\u0131. Kamu, yerel ve \u00f6zel sekt\u00f6r\u00fc bulu\u015fturan fuar\u0131n a\u00e7\u0131l\u0131\u015f\u0131na kat\u0131lan Adana Valisi Yavuz Selim K\u00f6\u015fger,<em> \u201cT\u00fcrkiye&#8217;deki geri d\u00f6n\u00fc\u015f\u00fcm sekt\u00f6r\u00fcn\u00fcn resmi olarak y\u00fczde 60&#8217;\u0131, gayri resmi olarak da y\u00fczde 80&#8217;i Adana&#8217;da bulunuyor. Ge\u00e7ti\u011fimiz y\u0131l T\u00dc\u0130K rakamlar\u0131na g\u00f6re 29.4 milyonu tehlikeli olmak \u00fczere 109 milyon ton at\u0131k \u00fcrettik \u00fclke olarak. Yerel y\u00f6netimlerin bu konuda bir an \u00f6nce aksiyon almas\u0131 laz\u0131m. Bu at\u0131klar\u0131 ayr\u0131\u015ft\u0131rarak vah\u015fi depolamadan vazge\u00e7erek bunlar\u0131 do\u011fal kaynak haline d\u00f6n\u00fc\u015ft\u00fcrmesi laz\u0131m. \u0130\u015fte bu at\u0131k fuar\u0131 REWA Anatolia onu sa\u011flayacak.\u201d<\/em> dedi.<\/strong><\/h2>\n<p style=\"text-align: center;\"><img loading=\"lazy\" class=\"aligncenter wp-image-184636\" src=\"https:\/\/www.enerjigazetesi.ist\/wp-content\/uploads\/2024\/02\/rewa-anatolia-fuari-adana-da-ziyarete-acildi.jpg\" alt=\"\" width=\"500\" height=\"334\" srcset=\"https:\/\/www.enerjigazetesi.ist\/wp-content\/uploads\/2024\/02\/rewa-anatolia-fuari-adana-da-ziyarete-acildi.jpg 550w, https:\/\/www.enerjigazetesi.ist\/wp-content\/uploads\/2024\/02\/rewa-anatolia-fuari-adana-da-ziyarete-acildi-300x200.jpg 300w, https:\/\/www.enerjigazetesi.ist\/wp-content\/uploads\/2024\/02\/rewa-anatolia-fuari-adana-da-ziyarete-acildi-500x334.jpg 500w, https:\/\/www.enerjigazetesi.ist\/wp-content\/uploads\/2024\/02\/rewa-anatolia-fuari-adana-da-ziyarete-acildi-75x50.jpg 75w, https:\/\/www.enerjigazetesi.ist\/wp-content\/uploads\/2024\/02\/rewa-anatolia-fuari-adana-da-ziyarete-acildi-450x300.jpg 450w\" sizes=\"(max-width: 500px) 100vw, 500px\" \/><\/p>\n<p><strong>15-17 \u015eubat 2024<\/strong> tarihleri aras\u0131nda Adana\u2019da T\u00dcYAP Fuar ve Kongre Merkezi&#8217;nde yap\u0131lan REWA Anatolia &#8211; Geri D\u00f6n\u00fc\u015f\u00fcm ve At\u0131k Y\u00f6netimi Fuar ve Konferans\u0131, d\u00fczenlenen resmi a\u00e7\u0131l\u0131\u015f t\u00f6reni ile ziyarete a\u00e7\u0131ld\u0131. 80\u2019i a\u015fk\u0131n kat\u0131l\u0131mc\u0131 firma ve y\u00fczlerce markan\u0131n en son teknoloji \u00fcr\u00fcn ve hizmetlerini sergiledikleri ve d\u00fcnya genelinden 5 bin 500\u2019\u00fc a\u015fk\u0131n sekt\u00f6r profesyonelinin ziyaret etmesi beklenen REWA Anatolia ilk g\u00fcn\u00fcnde yo\u011fun ilgi g\u00f6rd\u00fc. Fuar\u0131n a\u00e7\u0131l\u0131\u015f t\u00f6renine,<em> Adana Valisi Yavuz Selim K\u00f6\u015fger, Kosova Cumhuriyeti B\u00f6lgesel Kalk\u0131nma Bakan\u0131 Fikrim Damka, Adana B\u00fcy\u00fck\u015fehir Belediye Ba\u015fkan Vekili Cafer Boyraz, TOBB Y\u00f6netim Kurulu \u00dcyesi ve Adana Sanayi Odas\u0131 Y\u00f6netim Kurulu Ba\u015fkan\u0131 Zeki K\u0131van\u00e7, \u00c7ukurova \u00dcniversitesi Rekt\u00f6r\u00fc Prof. Dr. Meryem Tuncel, T\u00fcrki Cumhuriyetler Heyet Ba\u015fkan\u0131 Elvira Borombaeva, REWA ANATOLIA \u0130cra Kurulu Ba\u015fkan\u0131 Ebru Can ile \u00e7ok say\u0131da meslek ve \u00e7evre \u00f6rg\u00fct\u00fc, kat\u0131l\u0131mc\u0131lar firma temsilcileri ve ziyaret\u00e7iler<\/em> kat\u0131ld\u0131.<\/p>\n<h3><strong>Uluslararas\u0131 Al\u0131m Heyetleri REWA Anatolia\u2019da <\/strong><\/h3>\n<p>Ho\u015f geldin konu\u015fmas\u0131n\u0131 ger\u00e7ekle\u015ftiren <strong>REWA Anatolia \u0130cra Kurulu Ba\u015fkan\u0131 Ebru Can<\/strong>, s\u00f6zlerine Adana\u2019n\u0131n ilk geri d\u00f6n\u00fc\u015f\u00fcm ve at\u0131k fuar\u0131 ve konferans\u0131 REWA Anatolia\u2019y\u0131 sahiplendikleri i\u00e7in t\u00fcm sekt\u00f6r payda\u015flar\u0131na te\u015fekk\u00fcr ederek ba\u015flad\u0131. REWA Anatolia\u2019n\u0131n ilk y\u0131l\u0131nda hemen uluslararas\u0131 kimli\u011fe sahip olmas\u0131n\u0131 istededikleri i\u00e7in, K\u0131rg\u0131zistan, Kosova, Macaristan ve Ortado\u011fu\u2019dan \u00fcst d\u00fczey Al\u0131m heyetlerini a\u011f\u0131rlad\u0131klar\u0131n\u0131 duyuran <strong>Can<\/strong>, <em>\u201cUzun y\u0131llar boyunca sadece \u00fclkemizde de\u011fil t\u00fcm d\u00fcnyada at\u0131k bir \u00e7\u00f6p sorunu olarak alg\u0131lanm\u0131\u015f ve bir de\u011fer ve hammadde olarak kabul edilmesi noktas\u0131na hen\u00fcz yeni yeni gelmeye ba\u015flam\u0131\u015ft\u0131r. \u00dclkemiz bu konuda en \u00e7ok \u00e7abuk ilerleme kaydeden \u00fclkelerden biridir. Daha gidilecek uzun bir yol olsa da Adana ba\u015fta olmak \u00fczere \u00f6zellikle plastik at\u0131klar\u0131n geri d\u00f6n\u00fc\u015f\u00fcm\u00fc konusunda gelinen nokta takdire \u015fayand\u0131r. Bu \u00fc\u00e7 g\u00fcn boyunca bu konuda faaliyet g\u00f6steren sekt\u00f6r\u00fcn \u00f6nde gelen firmalar\u0131n\u0131 fuar\u0131m\u0131zda g\u00f6rme imkan\u0131n\u0131z olacak. Ayr\u0131ca, birbirinden \u00f6nemli ve kritik konular\u0131 ele alaca\u011f\u0131m\u0131z konferanslar\u0131n yan\u0131 s\u0131ra, workshop ve at\u00f6lye \u00e7al\u0131\u015fmalar\u0131n\u0131n \u00e7ok ilgi \u00e7ekece\u011fini d\u00fc\u015f\u00fcn\u00fcyoruz. Mutlaka ziyaret etmenizi \u00f6nerece\u011fimiz sergilerimiz, gelece\u011fimiz \u00e7ocuklar\u0131m\u0131z i\u00e7in fuar\u0131m\u0131zda sahnelenecek tiyatro g\u00f6sterilerimiz var.\u201d<\/em> \u015feklinde konu\u015ftu.<\/p>\n<h3><strong>\u201cT\u00fcrkiye&#8217;deki geri d\u00f6n\u00fc\u015f\u00fcm sekt\u00f6r\u00fcn\u00fcn gayri resmi olarak y\u00fczde 80&#8217;i, Adana&#8217;da bulunuyor\u201d<\/strong><\/h3>\n<p>REWA Anatolia resmi a\u00e7\u0131l\u0131\u015f t\u00f6reninde konu\u015fan <strong>Adana Valisi Yavuz Selim K\u00f6\u015fger<\/strong>, ge\u00e7ti\u011fimiz y\u0131l T\u00dc\u0130K rakamlar\u0131na g\u00f6re \u00fclke olarak; 29,4 milyonu tehlikeli olmak \u00fczere 109 milyon ton at\u0131k \u00fcretildi\u011fini ve T\u00fcrkiye&#8217;deki geri d\u00f6n\u00fc\u015f\u00fcm sekt\u00f6r\u00fcn\u00fcn resmi olarak y\u00fczde 60&#8217;\u0131, gayri resmi olarak da y\u00fczde 80&#8217;inin Adana&#8217;da bulundu\u011funu s\u00f6yledi. \u00dclkemizin bir yandan da Adana ba\u015fta olmak \u00fczere yurt d\u0131\u015f\u0131ndan da \u00e7\u00f6p ithal etti\u011fine dikkat \u00e7eken K\u00f6\u015fger, <em>\u201cAt\u0131k ayn\u0131 zamanda hammadde ve do\u011fal kaynak. D\u00f6n\u00fc\u015ft\u00fcr\u00fclmesi laz\u0131m. Yerel y\u00f6netimlerin bu konuda bir an \u00f6nce aksiyon almas\u0131 laz\u0131m. Bu at\u0131klar\u0131 ayr\u0131\u015ft\u0131rarak vah\u015fi depolamadan vazge\u00e7erek, bunlar\u0131 do\u011fal kaynak haline d\u00f6n\u00fc\u015ft\u00fcrmesi laz\u0131m. Bizim de bu ithalat\u0131 kesmemiz laz\u0131m. \u0130\u015fte bu at\u0131k fuar\u0131 REWA Anatolia bunu sa\u011flayacak. D\u00f6ng\u00fcsel ekonomi modelini her alanda ger\u00e7ekle\u015ftirmeliyiz. At\u0131klar\u0131m\u0131z\u0131 ayr\u0131\u015ft\u0131rmam\u0131z ve do\u011fay\u0131 kirletmememiz laz\u0131m. Do\u011fa bize atalar\u0131m\u0131zdan miras kalmad\u0131. Biz onu \u00e7ocuklar\u0131m\u0131zdan \u00f6d\u00fcn\u00e7 ald\u0131k ve \u00e7ocuklar\u0131m\u0131za daha iyi bir \u015fekilde b\u0131rakmal\u0131y\u0131z.\u201d<\/em> dedi.<\/p>\n<h3><strong>\u201cBalkanlarda bize \u00f6nc\u00fcl\u00fck edecek en yak\u0131n \u00fclke T\u00fcrkiye Cumhuriyeti\u2019dir\u201d <\/strong><\/h3>\n<p>Sekt\u00f6r\u00fc hem yerel hem b\u00f6lgesel hem de uluslararas\u0131 pazarlarla bulu\u015fturan REWA Anatolia Fuar ve Konferans\u0131 a\u00e7\u0131l\u0131\u015f\u0131nda s\u00f6z alan <strong>Kosova Cumhuriyeti B\u00f6lgesel Kalk\u0131nma Bakan\u0131 Fikrim Damka<\/strong> ise Kosova Cumhuriyeti\u2019nin gen\u00e7 bir \u00fclke oldu\u011funu, mevzuat\u0131n\u0131 yeni olu\u015fturdu\u011funu ve s\u0131f\u0131r at\u0131k yenilenebilir enerji konular\u0131n\u0131 belli s\u00f6zle\u015fmeler \u00e7er\u00e7evesinde y\u00fcr\u00fctt\u00fc\u011f\u00fcn\u00fc ifade etti ve <em>\u201cBalkanlar\u0131n t\u00fcm\u00fcne bakt\u0131\u011f\u0131m\u0131zda bizlere \u00f6nc\u00fcl\u00fck edecek, bizlerle dayan\u0131\u015fma i\u00e7erisinde yan\u0131m\u0131zda duracak \u00fclkelere, i\u015f adamlar\u0131na ihtiya\u00e7 var. Bu anlamda co\u011frafi a\u00e7\u0131dan bize \u00f6nc\u00fcl\u00fck edecek en yak\u0131n \u00fclke T\u00fcrkiye Cumhuriyeti\u2019dir. Geri d\u00f6n\u00fc\u015f\u00fcm konusunda bizlere \u00f6nc\u00fcl\u00fck etmesi laz\u0131m. \u0130n\u015fallah bug\u00fcn burada hem \u00f6zel sekt\u00f6r\u00fcn hem devletin hem de belediyelerin yapm\u0131\u015f oldu\u011fu bu \u00e7al\u0131\u015fmalar\u0131 yak\u0131ndan izleyece\u011fiz. Kendi \u00fclkelerimize transferinin sa\u011flanmas\u0131 i\u00e7in \u00e7al\u0131\u015faca\u011f\u0131z. Sadece s\u0131f\u0131r at\u0131k projeleri de\u011fil yenilenebilir enerji konusunda da her \u00fclke kendine d\u00fc\u015feni yapmak zorunda. Sadece bir \u00fclkenin yapmas\u0131 bir anlam ifade etmeyecek. D\u00fcnyayla e\u015f zamanl\u0131 yaparsak ancak d\u00fcnyam\u0131z\u0131 kurtarm\u0131\u015f oluruz. O y\u00fczden REWA Anatolia\u2019dan i\u015f adamlar\u0131na, ticaret odalar\u0131m\u0131za, \u00fcniversitelerimize Kosova\u2019m\u0131za, Balkanlar\u0131m\u0131za bu geri d\u00f6n\u00fc\u015f\u00fcm konusunda i\u015f birli\u011fi i\u00e7inde olmay\u0131 \u00f6neriyorum.\u201d dedi.<\/em><\/p>\n<h3><strong>\u201cS\u00fcrd\u00fcr\u00fclebilir enerji ve iklim de\u011fi\u015fikli\u011fi eylem plan\u0131m\u0131z\u0131 \u00e7\u0131kard\u0131k\u201d<\/strong><\/h3>\n<p>Fuar\u0131n destekleyicilerinden ve stratejik ortaklar\u0131ndan olan <strong>Adana B\u00fcy\u00fck\u015fehir Belediyesi<\/strong> ad\u0131na konu\u015fan <strong>Ba\u015fkan Vekili Cafer Boyraz<\/strong>, belediyenin yapt\u0131\u011f\u0131 \u00e7al\u0131\u015fmalar\u0131 aktard\u0131. Adana B\u00fcy\u00fck\u015fehir Belediyesi\u2019nin ula\u015f\u0131mda alternatif ve ye\u015fil d\u00f6n\u00fc\u015f\u00fcm \u00e7er\u00e7evesinde elektrikli otob\u00fcslere ge\u00e7i\u015fi ba\u015flatt\u0131\u011f\u0131n\u0131, bug\u00fcn <strong>6<\/strong> olan elektrikli otob\u00fcs say\u0131s\u0131n\u0131n<strong> 50\u2019ye<\/strong> y\u00fckselece\u011fini, kurumlar\u0131na ait binalar\u0131n \u00e7at\u0131lar\u0131na \u00fczere toplam <strong>4 bin 740 adet g\u00fcne\u015f enerjisi paneli<\/strong> montaj\u0131 yap\u0131ld\u0131\u011f\u0131n\u0131 s\u00f6yledi. \u00d6n\u00fcm\u00fczdeki d\u00f6nemde 150 megabaytl\u0131k g\u00fcne\u015f enerjisi santrali yapacaklar\u0131n\u0131 kaydeden <strong>Boyraz<\/strong>, <em>\u201cBu santralle 65 milyonluk mevcut elektrik giderimizi kar\u015f\u0131layaca\u011f\u0131m\u0131z gibi 65 milyon lira da gelir elde ederek halka hizmet i\u00e7in g\u00fcc\u00fcm\u00fcz\u00fc art\u0131raca\u011f\u0131z. B\u00fcy\u00fck\u015fehir olarak iklim de\u011fi\u015fikli\u011finin etkilerini azaltmaya y\u00f6nelik \u00e7al\u0131\u015fmalar\u0131m\u0131za devam ediyoruz. \u00c7ocuklar\u0131m\u0131z i\u00e7in suyu, topra\u011f\u0131, atmosferi korumak zorunday\u0131z. S\u00fcrd\u00fcr\u00fclebilir enerji ve iklim de\u011fi\u015fikli\u011fi eylem plan\u0131m\u0131z\u0131 \u00e7\u0131kard\u0131k. 2030 y\u0131l\u0131na kadar AB&#8217;nin y\u00fczde 40&#8217;l\u0131k sera gaz\u0131 azaltma hedefi \u00e7er\u00e7evesinde gerekli \u00f6nlemleri almak iklim de\u011fi\u015fikli\u011fi ile m\u00fccadeleye y\u00f6n vermek a\u00e7\u0131s\u0131ndan ortak yakla\u015f\u0131m\u0131n benimsenmesi taahh\u00fcd\u00fc verilmi\u015ftir.\u201d<\/em> dedi.<\/p>\n<h3><strong>\u201cREWA Anatolia sergileri ile depremzede \u00e7ocuklara el uzatan \u00c7ocuk \u0130yilik Merkezi\u2019ne ba\u011f\u0131\u015f toplanacak\u201d<\/strong><\/h3>\n<p>Konu\u015fmas\u0131n\u0131n oda\u011f\u0131na 6 \u015eubat 2023 tarihinde ya\u015fad\u0131\u011f\u0131m\u0131z deprem felaketini alan <strong>\u00c7ukurova \u00dcniversitesi Rekt\u00f6r\u00fc Prof. Dr. Meryem Tuncel<\/strong>, <em>\u201c\u00dclkemizi sarsan b\u00fcy\u00fck deprem felaketi bize dayan\u0131\u015fma, sevgi ve umut ile her t\u00fcrl\u00fc zorlu\u011fun \u00fcstesinden gelebilece\u011fimizi \u00f6\u011fretti. Ve bizler \u00fcniversite olarak vakit kaybetmeden umuda, umut olmaya y\u00f6neldik. Depremde uzuvlar\u0131n\u0131 kaybeden evlatlar\u0131m\u0131z i\u00e7in bir \u00e7ocuk iyilik merkezi kurma fikrini bir\u00e7ok kurum ve kurulu\u015fun i\u015f birli\u011fi ve destekleri ile hayata ge\u00e7irdik. \u015eu anda hayatlar\u0131na dokundu\u011fumuz 143 \u00e7ocu\u011fumuz bulunuyor. \u00c7ocuklar\u0131m\u0131z\u0131 yirmi bir ya\u015f\u0131na kadar t\u00fcm rehabilitasyonlar\u0131, psikolojik ve fizik tedavileri, e\u011fitim destekleri dahil olmak \u00fczere yaln\u0131z b\u0131rakmayaca\u011f\u0131z. REWA Anatolia\u2019n\u0131n ev sahipli\u011finde \u00e7ok de\u011ferli sanat\u00e7\u0131m\u0131z Sema Akbel Han\u0131mefendi sanayi at\u0131klar\u0131ndan bir sergi haz\u0131rlad\u0131\u011f\u0131 ve gazeteci, de\u011ferli Belk\u0131s Akt\u00fcrk han\u0131mefendinin gayretleriyle de bu sergi bug\u00fcn burada bu fuarda ziyarete a\u00e7\u0131ld\u0131. Buradan gelen t\u00fcm gelirler, \u00c7ocuk \u0130yilik Merkezi\u2019ne ba\u011f\u0131\u015flanacak. Eme\u011fi ge\u00e7en, destek veren herkese te\u015fekk\u00fcr ediyoruz.\u201d<\/em> dedi.<\/p>\n<h3><strong>\u201cREWA Anatolia gibi geri d\u00f6n\u00fc\u015f\u00fcm fuarlar\u0131 bizim i\u00e7in \u00e7ok \u00f6nemli\u201d <\/strong><\/h3>\n<p>S\u00f6zlerine, \u201c2026 y\u0131l\u0131nda Avrupa Birli\u011fi S\u0131n\u0131rda Karbon D\u00fczenleme Mekanizmas\u0131 Y\u00f6netmeli\u011fi uygulamas\u0131n\u0131 devreye ald\u0131\u011f\u0131 andan itibaren \u00c7in ve Rusya&#8217;n\u0131n ard\u0131ndan en \u00e7ok olumsuz etkilenecek \u00fclke T\u00fcrkiye g\u00f6z\u00fck\u00fcyor.\u201d diyerek ba\u015flayan <strong>TOBB Y\u00f6netim Kurulu \u00dcyesi ve Adana Sanayi Odas\u0131 Y\u00f6netim Kurulu Ba\u015fkan\u0131 Zeki K\u0131van\u00e7<\/strong>, <em>\u201c\u0130hracat\u0131m\u0131z\u0131n da y\u00fczde 50&#8217;den fazlas\u0131 Avrupa Birli\u011fi \u00fclkelerine yapmaktay\u0131z. AB Ye\u015fil Mutabakat\u0131 ve onun getirdi\u011fi y\u00fck\u00fcml\u00fcl\u00fcklere uymak ihracat yapmak isteyen t\u00fcm \u015firketler i\u00e7in hayati bir \u00f6nem ta\u015f\u0131maktad\u0131r. Gelecekte i\u015flerimizi art\u0131rmak ve s\u00f6z sahihi olabilmek i\u00e7in bunlara ayak uydurmaktan ba\u015fka \u00e7aremiz yok. REWA Anatolia gibi geri d\u00f6n\u00fc\u015f\u00fcm fuarlar\u0131 art\u0131k bizim merkezimizde olmal\u0131. Daha \u00f6nce sanayide ka\u00e7\u0131rd\u0131\u011f\u0131m\u0131z f\u0131rsatlar\u0131 in\u015fallah \u015fimdi ye\u015fil d\u00f6n\u00fc\u015f\u00fcme uyum sa\u011flayarak yakalama f\u0131rsat\u0131 elde edebiliriz.\u201d<\/em> dedi. <strong>K\u0131van\u00e7<\/strong>, d\u00fcnyam\u0131z\u0131n iklim ve teknoloji kaynakl\u0131 \u00f6nemli bir de\u011fi\u015fik ve d\u00f6n\u00fc\u015f\u00fcm i\u00e7inde oldu\u011funu; ye\u015fil mutabakat, karbon ayak izi, su ayak izi, d\u00f6ng\u00fcsel ekonomi, geri d\u00f6n\u00fc\u015f\u00fcm, tarladan \u00e7atala stratejisi, karbon piyasas\u0131 ve s\u00fcrd\u00fcr\u00fclebilirli\u011fin bunlardan birka\u00e7 tanesi oldu\u011funu s\u00f6zlerine ekledi.<\/p>\n<h3><strong>\u201cT\u00fcrki Cumhuriyetlerden 25 ki\u015filik Al\u0131m Heyeti olarak i\u015fbirli\u011fi i\u00e7in buraday\u0131z\u201d<\/strong><\/h3>\n<p>3 g\u00fcn s\u00fcreyle d\u00fcnyadan kat\u0131l\u0131m sa\u011flayan sekt\u00f6r profesyonelleri ve heyetlerle B2B g\u00f6r\u00fc\u015fmelerin ger\u00e7ekle\u015fece\u011fi REWA Anatolia\u2019ya K\u0131rg\u0131zistan\u2019dan kat\u0131lan <strong>T\u00fcrki Cumhuriyetler Heyet Ba\u015fkan\u0131 Elvira Borombaeva<\/strong> ise, ama\u00e7lar\u0131n\u0131n yeni i\u015f birlikleri kurmak oldu\u011funu s\u00f6yledi ve \u015f\u00f6yle devam etti: <em>\u201cBizler de enerji sekt\u00f6r\u00fc ve de\u011fi\u015fik sanayi sekt\u00f6rlerinde g\u00f6rev yapan \u00f6zel sekt\u00f6r temsilcileri olarak burada REWA Anatolia\u2019day\u0131z. Yakla\u015f\u0131k 25 ki\u015filik heyetimiz de Cumhurba\u015fkanl\u0131\u011f\u0131m\u0131za ba\u011fl\u0131 yat\u0131r\u0131m ajans\u0131m\u0131z\u0131n direkt\u00f6r yard\u0131mc\u0131s\u0131 ve ekibi de bulunuyor. \u00d6n\u00fcm\u00fczdeki nesillere bu d\u00fcnyay\u0131, \u00fclkelerimizi b\u00fcy\u00fck bir sorumlulukla ekolojimizi koruyarak, iklimimizi koruyarak b\u0131rakmak i\u00e7in b\u00fcy\u00fck bir g\u00f6rev \u00fcst\u00fcm\u00fcze d\u00fc\u015f\u00fcyor. \u0130n\u015fallah i\u015f birli\u011fimizden b\u00fcy\u00fck projeler do\u011far. At\u0131k ve geri d\u00f6n\u00fc\u015f\u00fcm K\u0131rg\u0131zistan i\u00e7in \u00e7ok yeni bir alan say\u0131l\u0131r. Onun i\u00e7in \u00f6n\u00fcm\u00fczde b\u00fcy\u00fck yol var. B\u00fcy\u00fck potansiyeller var. Onlar\u0131 hep birlikte in\u015fallah hayata ge\u00e7irelim.\u201d<\/em><\/p>\n<h3><strong>\u201cBir \u0130leri D\u00f6n\u00fc\u015f\u00fcm Defilesi\u201d, REWA Anatolia\u2019da ger\u00e7ekle\u015fti<\/strong><\/h3>\n<p>REWA Anatolia Fuar\u0131\u2019nda ilk g\u00fcn a\u00e7\u0131l\u0131\u015f\u0131n hemen ard\u0131ndan ger\u00e7ekle\u015fen <strong>\u201cBir \u0130leri D\u00f6n\u00fc\u015f\u00fcm Defilesi\u201d<\/strong> kat\u0131l\u0131mc\u0131 ve ziyaret\u00e7ilere renkli anlar ya\u015fatt\u0131. Zeliha Sunal\u2019\u0131n, ka\u011f\u0131t, metal, plastik ve tekstil at\u0131klar\u0131 kullanarak haz\u0131rlad\u0131\u011f\u0131 tasar\u0131mlar\u0131n sergilenece\u011fi defile ile kat\u0131l\u0131mc\u0131 ve ziyaret\u00e7ilere s\u00fcrd\u00fcr\u00fclebilir moda \u015f\u00f6leni ya\u015fatt\u0131. B\u00f6ylelikle \u00f6zellikle son d\u00f6nemde a\u015f\u0131r\u0131 t\u00fcketimi k\u00f6r\u00fckleyen ve fast fashion olarak adland\u0131r\u0131lan b\u00fcy\u00fcyen moda ve t\u00fcketim arzusunun neden oldu\u011fu a\u015f\u0131r\u0131 \u00fcretim olu\u015fan y\u00fcksek miktarda karbondioksit ve sera gaz\u0131 emisyonlar\u0131na dikkat \u00e7ekildi. Daha sonra protokol taraf\u0131ndan stantlar gezilerek incelemelerde bulunuldu.<\/p>\n<h3><strong>15 oturumda 50\u2019yi a\u015fk\u0131n uzman konu\u015fmac\u0131 yer al\u0131yor<\/strong><\/h3>\n<p>Solis Fuarc\u0131l\u0131k ve Dan\u0131\u015fmanl\u0131k Hizmetleri A.\u015e. taraf\u0131ndan organize edilen REWA Anatolia Fuar\u0131\u2019nda sekt\u00f6r\u00fcn yak\u0131ndan takip etti\u011fi konferanslar ve B2B toplant\u0131lar\u0131 ger\u00e7ekle\u015fiyor. Etkinlik ve g\u00f6r\u00fc\u015fmelerde, toprak, hidrosfer, k\u0131y\u0131 ve kent alanlar\u0131n\u0131n restorasyonu ve ekolojik yap\u0131n\u0131n canland\u0131rmas\u0131na y\u00f6nelik \u00f6zellikle sekt\u00f6rel tedarik zincirlerinde d\u00f6ng\u00fcsel ekonomi ilkelerinin benimsenmesi gibi \u00f6nemli konular ele al\u0131n\u0131yor. REWA Anatolia Konferans\u0131\u2019nda alanlar\u0131nda uzman \u00fcst d\u00fczey b\u00f6lgesel, ulusal ve uluslararas\u0131 50\u2019yi a\u015fk\u0131n konu\u015fmac\u0131 yer al\u0131yor ve 15 oturum ger\u00e7ekle\u015fiyor. \u0130lk g\u00fcn <strong>\u201cS\u00fcrd\u00fcr\u00fclebilir Ekonomi, S\u0131f\u0131r Karbon Ayak \u0130zi, Geri D\u00f6n\u00fc\u015f\u00fcm ve At\u0131k Y\u00f6netimi\u201d, \u201cGeri D\u00f6n\u00fc\u015f\u00fcm End\u00fcstrisinin T\u00fcrkiye Sanayisindeki Yeri\u201d, \u201cOSB\u2019de Ye\u015fil D\u00f6n\u00fc\u015f\u00fcm\u201d ve \u201cKarbon ve Su Ayak \u0130zi, Organik At\u0131ktan Enerji \u00dcretimi\u201d<\/strong> ba\u015fl\u0131kl\u0131 <strong>4 oturum<\/strong> ger\u00e7ekle\u015fti.<\/p>\n<p><em>REWA Anatolia &#8211; Geri D\u00f6n\u00fc\u015f\u00fcm ve At\u0131k Y\u00f6netimi Fuar ve Konferans\u0131<\/em> <strong>17 \u015eubat\u2019a kadar<\/strong> Adana\u2019da <strong>T\u00dcYAP Fuar ve Kongre Merkezi\u2019nde<\/strong> \u00fccretsiz olarak ziyaret edilebilecek.<\/p>","protected":false},"excerpt":{"rendered":"<p>Sorry, this entry is only available in Turkish. For the sake of viewer convenience, the content is shown below in the alternative language. You may click the link to switch the active language. Gelece\u011fi s\u00fcrd\u00fcr\u00fclebilir teknolojilerinin sergilendi\u011fi REWA Anatolia &#8211; Geri D\u00f6n\u00fc\u015f\u00fcm ve At\u0131k Y\u00f6netimi Fuar ve Konferans\u0131, 15-17 \u015eubat 2024 tarihleri aras\u0131nda Adana&#8217;da T\u00dcYAP [&hellip;]<\/p>\n","protected":false},"author":1,"featured_media":184637,"comment_status":"open","ping_status":"open","sticky":false,"template":"","format":"standard","meta":[],"categories":[53],"tags":[103336,112553,112554,112435,22547],"views":25,"_links":{"self":[{"href":"https:\/\/www.enerjigazetesi.ist\/en\/wp-json\/wp\/v2\/posts\/184634"}],"collection":[{"href":"https:\/\/www.enerjigazetesi.ist\/en\/wp-json\/wp\/v2\/posts"}],"about":[{"href":"https:\/\/www.enerjigazetesi.ist\/en\/wp-json\/wp\/v2\/types\/post"}],"author":[{"embeddable":true,"href":"https:\/\/www.enerjigazetesi.ist\/en\/wp-json\/wp\/v2\/users\/1"}],"replies":[{"embeddable":true,"href":"https:\/\/www.enerjigazetesi.ist\/en\/wp-json\/wp\/v2\/comments?post=184634"}],"version-history":[{"count":0,"href":"https:\/\/www.enerjigazetesi.ist\/en\/wp-json\/wp\/v2\/posts\/184634\/revisions"}],"wp:featuredmedia":[{"embeddable":true,"href":"https:\/\/www.enerjigazetesi.ist\/en\/wp-json\/wp\/v2\/media\/184637"}],"wp:attachment":[{"href":"https:\/\/www.enerjigazetesi.ist\/en\/wp-json\/wp\/v2\/media?parent=184634"}],"wp:term":[{"taxonomy":"category","embeddable":true,"href":"https:\/\/www.enerjigazetesi.ist\/en\/wp-json\/wp\/v2\/categories?post=184634"},{"taxonomy":"post_tag","embeddable":true,"href":"https:\/\/www.enerjigazetesi.ist\/en\/wp-json\/wp\/v2\/tags?post=184634"}],"curies":[{"name":"wp","href":"https:\/\/api.w.org\/{rel}","templated":true}]}}