{"id":184450,"date":"2024-02-13T16:17:13","date_gmt":"2024-02-13T13:17:13","guid":{"rendered":"https:\/\/www.enerjigazetesi.ist\/?p=184450"},"modified":"2024-02-13T16:29:07","modified_gmt":"2024-02-13T13:29:07","slug":"biotrend-topraksiz-cam-serada-yetisen-domateslerin-ihracatina-basladi","status":"publish","type":"post","link":"https:\/\/www.enerjigazetesi.ist\/en\/biotrend-topraksiz-cam-serada-yetisen-domateslerin-ihracatina-basladi\/","title":{"rendered":"(Turkish) &#8217;Biotrend&#8217; Topraks\u0131z Cam Serada Yeti\u015fen Domateslerin \u0130hracat\u0131na Ba\u015flad\u0131"},"content":{"rendered":"<p class=\"qtranxs-available-languages-message qtranxs-available-languages-message-en\">Sorry, this entry is only available in <a href=\"https:\/\/www.enerjigazetesi.ist\/tr\/wp-json\/wp\/v2\/posts\/184450\" class=\"qtranxs-available-language-link qtranxs-available-language-link-tr\" title=\"Turkish\">Turkish<\/a>. For the sake of viewer convenience, the content is shown below in the alternative language. You may click the link to switch the active language.<\/p><p><\/p>\n<h2><strong>D\u00fcnyada artan g\u0131da talebinden yola \u00e7\u0131karak \u201cSivera\u201d markas\u0131yla sa\u011fl\u0131kl\u0131 tar\u0131m yat\u0131r\u0131mlar\u0131na ba\u015flayan Biotrend, yenilenebilir enerji tesislerinin yer ald\u0131\u011f\u0131 di\u011fer illerde de bu yat\u0131r\u0131m\u0131 yapmay\u0131 hedefledi\u011fini belirtti.<\/strong><\/h2>\n<p style=\"text-align: center;\"><img loading=\"lazy\" class=\"aligncenter wp-image-184453\" src=\"https:\/\/www.enerjigazetesi.ist\/wp-content\/uploads\/2024\/02\/biotrend-topraksiz-cam-serada-yetisen-domateslerin-ihracatina-basladi-1.jpg\" alt=\"\" width=\"500\" height=\"333\" srcset=\"https:\/\/www.enerjigazetesi.ist\/wp-content\/uploads\/2024\/02\/biotrend-topraksiz-cam-serada-yetisen-domateslerin-ihracatina-basladi-1.jpg 550w, https:\/\/www.enerjigazetesi.ist\/wp-content\/uploads\/2024\/02\/biotrend-topraksiz-cam-serada-yetisen-domateslerin-ihracatina-basladi-1-300x200.jpg 300w, https:\/\/www.enerjigazetesi.ist\/wp-content\/uploads\/2024\/02\/biotrend-topraksiz-cam-serada-yetisen-domateslerin-ihracatina-basladi-1-500x333.jpg 500w, https:\/\/www.enerjigazetesi.ist\/wp-content\/uploads\/2024\/02\/biotrend-topraksiz-cam-serada-yetisen-domateslerin-ihracatina-basladi-1-75x50.jpg 75w, https:\/\/www.enerjigazetesi.ist\/wp-content\/uploads\/2024\/02\/biotrend-topraksiz-cam-serada-yetisen-domateslerin-ihracatina-basladi-1-450x300.jpg 450w\" sizes=\"(max-width: 500px) 100vw, 500px\" \/><\/p>\n<p>Biotrend, yeni d\u00fcnyan\u0131n gelecekteki ticari faaliyet alanlar\u0131n\u0131n <strong>enerji, geri d\u00f6n\u00fc\u015f\u00fcm, bili\u015fim ve tar\u0131m<\/strong> olaca\u011f\u0131ndan hareketle, bu sekt\u00f6rlerin tamam\u0131n\u0131 kapsayan bir proje olarak 50 d\u00f6n\u00fcml\u00fck <strong>topraks\u0131z cam sera yat\u0131r\u0131m\u0131<\/strong>na 2 y\u0131l \u00f6nce imza att\u0131.\u00a0Yeti\u015fti\u011fi <strong>\u201cS\u0130VAS\u201d<\/strong> ile <strong>\u201cSERA\u201d<\/strong> kelimelerini birle\u015ftirerek <strong>\u201cS\u0130VERA\u201d<\/strong> olarak adland\u0131r\u0131lan domatesler bug\u00fcn\u00a0ilk hasat\u0131n\u0131 verdi.\u00a0<strong>Maven Tar\u0131m<\/strong> ile ortak \u00e7al\u0131\u015f\u0131lan proje \u00e7er\u00e7evesinde, daha az alanda, sa\u011fl\u0131kl\u0131 ve verimli domatesler\u00a0Hindistan cevizi kabuklar\u0131nda yeti\u015ftirilerek \u00fcretildi. Modern, topraks\u0131z cam serada, domateslerin yeti\u015fmesi i\u00e7in <strong>Sivas\u2019ta<\/strong> bulunan <strong>Biotrend tesisinde \u00e7\u00f6pten elde edilen enerji<\/strong> ile<strong> a\u00e7\u0131\u011fa \u00e7\u0131kan \u0131s\u0131 kullan\u0131l\u0131yor.<\/strong><\/p>\n<p><strong>Biotrend Genel M\u00fcd\u00fcr Yard\u0131mc\u0131s\u0131 Mehmet Ali Nal\u00e7ac\u0131o\u011flu\u00a0<\/strong>konuyla ilgili yapt\u0131\u011f\u0131 a\u00e7\u0131klamada; <em>\u201cD\u00fcnyadaki en son \u00fcretim teknolojisinin kullan\u0131ld\u0131\u011f\u0131 bu sera, yenilenebilir enerji kayna\u011f\u0131 olarak; <strong>evsel at\u0131klardan \u00e7\u0131kan biyogaz\u0131<\/strong> kullanarak, elektrik \u00fcreten motorlardaki ceket suyu ve bacas\u0131ndan \u00e7\u0131kan at\u0131k \u0131s\u0131n\u0131n bir arada kullan\u0131ld\u0131\u011f\u0131 T\u00fcrkiye\u2019nin ilk modern sera projesi olma \u00f6zelli\u011fine sahip. <strong>135 milyon TL<\/strong>\u2019ye mal olan bu yat\u0131r\u0131m\u0131n ilk hasad\u0131nda <strong>40 ton domates<\/strong> elde ettik. Bu domateslerin 11 tonunu yerli pazara ve payda\u015flar\u0131m\u0131za g\u00f6nderdik. Geriye kalan 19 ton ile ilk ihracat\u0131m\u0131z\u0131 Hollanda\u2019ya ger\u00e7ekle\u015ftirdik. <strong>2024 y\u0131l\u0131n\u0131 1500 ton<\/strong> ile kapatmay\u0131 \u00f6ng\u00f6r\u00fcyoruz. D\u00fcnya n\u00fcfusunun h\u0131zla artmas\u0131 sebebiyle <strong>tar\u0131m<\/strong> ve <strong>g\u0131daya<\/strong> olan ihtiya\u00e7 giderek art\u0131\u015f g\u00f6steriyor. Sivera ismini verdi\u011fimiz a\u015fkla b\u00fcy\u00fcyen domateslerimizle, Biotrend olarak bu alandaki yerimizi h\u0131zla alm\u0131\u015f olman\u0131n hakl\u0131 gururunu ya\u015f\u0131yoruz.\u201d<\/em>\u015feklinde konu\u015ftu.<\/p>","protected":false},"excerpt":{"rendered":"<p>Sorry, this entry is only available in Turkish. For the sake of viewer convenience, the content is shown below in the alternative language. You may click the link to switch the active language. D\u00fcnyada artan g\u0131da talebinden yola \u00e7\u0131karak \u201cSivera\u201d markas\u0131yla sa\u011fl\u0131kl\u0131 tar\u0131m yat\u0131r\u0131mlar\u0131na ba\u015flayan Biotrend, yenilenebilir enerji tesislerinin yer ald\u0131\u011f\u0131 di\u011fer illerde de bu [&hellip;]<\/p>\n","protected":false},"author":1,"featured_media":184452,"comment_status":"open","ping_status":"open","sticky":false,"template":"","format":"standard","meta":[],"categories":[22893,53],"tags":[94715,112479,112478,98737],"views":43,"_links":{"self":[{"href":"https:\/\/www.enerjigazetesi.ist\/en\/wp-json\/wp\/v2\/posts\/184450"}],"collection":[{"href":"https:\/\/www.enerjigazetesi.ist\/en\/wp-json\/wp\/v2\/posts"}],"about":[{"href":"https:\/\/www.enerjigazetesi.ist\/en\/wp-json\/wp\/v2\/types\/post"}],"author":[{"embeddable":true,"href":"https:\/\/www.enerjigazetesi.ist\/en\/wp-json\/wp\/v2\/users\/1"}],"replies":[{"embeddable":true,"href":"https:\/\/www.enerjigazetesi.ist\/en\/wp-json\/wp\/v2\/comments?post=184450"}],"version-history":[{"count":0,"href":"https:\/\/www.enerjigazetesi.ist\/en\/wp-json\/wp\/v2\/posts\/184450\/revisions"}],"wp:featuredmedia":[{"embeddable":true,"href":"https:\/\/www.enerjigazetesi.ist\/en\/wp-json\/wp\/v2\/media\/184452"}],"wp:attachment":[{"href":"https:\/\/www.enerjigazetesi.ist\/en\/wp-json\/wp\/v2\/media?parent=184450"}],"wp:term":[{"taxonomy":"category","embeddable":true,"href":"https:\/\/www.enerjigazetesi.ist\/en\/wp-json\/wp\/v2\/categories?post=184450"},{"taxonomy":"post_tag","embeddable":true,"href":"https:\/\/www.enerjigazetesi.ist\/en\/wp-json\/wp\/v2\/tags?post=184450"}],"curies":[{"name":"wp","href":"https:\/\/api.w.org\/{rel}","templated":true}]}}