{"id":184425,"date":"2024-02-12T17:23:57","date_gmt":"2024-02-12T14:23:57","guid":{"rendered":"https:\/\/www.enerjigazetesi.ist\/?p=184425"},"modified":"2024-02-12T17:31:09","modified_gmt":"2024-02-12T14:31:09","slug":"varta-powerbank-ler-guvenilirligini-altin-odul-ile-tescilledi","status":"publish","type":"post","link":"https:\/\/www.enerjigazetesi.ist\/en\/varta-powerbank-ler-guvenilirligini-altin-odul-ile-tescilledi\/","title":{"rendered":"(Turkish) Varta Powerbank\u2019ler G\u00fcvenilirli\u011fini &#8216;Alt\u0131n \u00d6d\u00fcl&#8217; ile Tescilledi"},"content":{"rendered":"<p class=\"qtranxs-available-languages-message qtranxs-available-languages-message-en\">Sorry, this entry is only available in <a href=\"https:\/\/www.enerjigazetesi.ist\/tr\/wp-json\/wp\/v2\/posts\/184425\" class=\"qtranxs-available-language-link qtranxs-available-language-link-tr\" title=\"Turkish\">Turkish<\/a>. For the sake of viewer convenience, the content is shown below in the alternative language. You may click the link to switch the active language.<\/p><p><\/p>\n<h2><strong>VARTA Powerbank\u2019ler \u201cAlt\u0131n \u00d6d\u00fcl\u201d ile g\u00fcvenli\u011fini\u0307 tescilledi. AB Komisyonu taraf\u0131ndan verilen &#8220;AB \u00dcr\u00fcn G\u00fcvenli\u011fi&#8221; \u00f6d\u00fcllerinde 137 y\u0131ll\u0131k tecr\u00fcbesiyle VARTA\u2019n\u0131n powerbank \u00fcr\u00fcnleri \u201cAlt\u0131n \u00d6d\u00fcl\u201d\u00fc almaya hak kazand\u0131.<\/strong><\/h2>\n<p>AB Komisyonu taraf\u0131ndan \u2018\u2019B\u00fcy\u00fck \u015eirketler\u2019\u2019 kategorisinde birincili\u011fe lay\u0131k g\u00f6r\u00fclen VARTA Powerbank \u00fcr\u00fcnleri, \u00f6ng\u00f6r\u00fclebilir yanl\u0131\u015f kullan\u0131m durumlar\u0131nda dahi olduk\u00e7a etkin ve kapsaml\u0131 g\u00fcvenlik <img loading=\"lazy\" class=\"alignright wp-image-184428\" src=\"https:\/\/www.enerjigazetesi.ist\/wp-content\/uploads\/2024\/02\/varta-powerbank-ler-guvenilirligini-altin-odul-ile-tescilledi-1.jpg\" alt=\"\" width=\"320\" height=\"258\" srcset=\"https:\/\/www.enerjigazetesi.ist\/wp-content\/uploads\/2024\/02\/varta-powerbank-ler-guvenilirligini-altin-odul-ile-tescilledi-1.jpg 550w, https:\/\/www.enerjigazetesi.ist\/wp-content\/uploads\/2024\/02\/varta-powerbank-ler-guvenilirligini-altin-odul-ile-tescilledi-1-300x242.jpg 300w, https:\/\/www.enerjigazetesi.ist\/wp-content\/uploads\/2024\/02\/varta-powerbank-ler-guvenilirligini-altin-odul-ile-tescilledi-1-495x400.jpg 495w, https:\/\/www.enerjigazetesi.ist\/wp-content\/uploads\/2024\/02\/varta-powerbank-ler-guvenilirligini-altin-odul-ile-tescilledi-1-62x50.jpg 62w, https:\/\/www.enerjigazetesi.ist\/wp-content\/uploads\/2024\/02\/varta-powerbank-ler-guvenilirligini-altin-odul-ile-tescilledi-1-500x404.jpg 500w\" sizes=\"(max-width: 320px) 100vw, 320px\" \/>\u00f6zelliklerine sahip.<\/p>\n<p>Bu \u00f6d\u00fcl\u00fc alman\u0131n gururunu ya\u015fayan VARTA\u2019n\u0131n \u00fcretim anlay\u0131\u015f\u0131, \u00fcr\u00fcnlerini geli\u015ftirip \u00fcretirken m\u00fc\u015fterisine en y\u00fcksek kaliteyi, performans\u0131, konforu ve g\u00fcvenli\u011fi bir arada sunmak.<\/p>\n<p>VARTA, bu anlay\u0131\u015ftan yola \u00e7\u0131karak Powerbank \u00fcr\u00fcnlerini standart olarak belirledi\u011fi <strong>6 farkl\u0131 \u00fcr\u00fcn g\u00fcvenli\u011fi \u00f6zelli\u011fi<\/strong> ile \u00fcretiyor. Bu \u00f6zellikler \u00fcr\u00fcn portf\u00f6y\u00fcn\u00fcn tamam\u0131 i\u00e7in ge\u00e7erli. S\u00fcrekli testlere tabii tutulan \u00fcr\u00fcnler g\u00fcvenlik performans\u0131ndan asla \u00f6d\u00fcn vermiyor.<\/p>\n<p>Bu y\u0131l \u00fc\u00e7\u00fcnc\u00fc kez verilen <strong>AB \u00dcr\u00fcn G\u00fcvenli\u011fi \u00d6d\u00fcl\u00fc<\/strong> komisyona g\u00f6re, t\u00fcketici g\u00fcvenli\u011fini yasal gereklili\u011fin ilerisine ta\u015f\u0131m\u0131\u015f \u00fcr\u00fcnler tasarlanmas\u0131 ve geli\u015ftirilmesi i\u00e7in motivasyon kayna\u011f\u0131 niteli\u011finde.<\/p>\n<h3><strong>NEDEN \u00dcR\u00dcN G\u00dcVENL\u0130\u011e\u0130 \u00d6D\u00dcL\u00dc?<\/strong><\/h3>\n<p>\u00d6d\u00fcl, t\u00fcketici g\u00fcvenli\u011fini yasal gerekliliklerin ilerisine ta\u015f\u0131yan yenilik\u00e7i ticari giri\u015fimleri ve ara\u015ft\u0131rmalar\u0131 hem te\u015fvik ediyor hem de onurland\u0131r\u0131yor.<\/p>\n<p>Raflardaki \u00fcr\u00fcnlerin g\u00fcvenli oldu\u011funun kan\u0131t\u0131 olan \u00f6d\u00fcl, t\u00fcketiciye bu g\u00fcvenceyi sunuyor. T\u00fcketicilerin \u00e7\u0131karlar\u0131n\u0131 misyon edinmi\u015f \u00fcreticilerin \u00fcr\u00fcnlerini de onurland\u0131r\u0131yor. <strong>\u201c\u00dcr\u00fcn G\u00fcvenli\u011fi \u00d6d\u00fcl\u00fc\u201d<\/strong> inovatif ve g\u00fcvenlik \u00f6zelli\u011fi y\u00fcksek \u00fcr\u00fcnler geli\u015ftirilmesine te\u015fvik\u00a0 etti\u011fi i\u00e7in de de\u011ferli bir arac\u0131.<\/p>\n<p><strong>137 y\u0131ld\u0131r \u2018\u2019Alman Mal\u0131\u2019\u2019 kalitesini<\/strong> temsil eden VARTA, tecr\u00fcbesi ile t\u00fcketicilerin her t\u00fcrl\u00fc enerji ihtiya\u00e7lar\u0131n\u0131 kar\u015f\u0131lamak i\u00e7in \u00e7al\u0131\u015f\u0131yor. Bunu yaparken do\u011faya zarar vermeden, \u00e7evreyi koruyarak faaliyetlerini s\u00fcrd\u00fcrmeye \u00f6zen g\u00f6steren VARTA, \u00fcretim tesislerinde m\u00fcmk\u00fcn oldu\u011fu kadar \u00e7ok kaynak azaltmay\u0131, yeniden kullanmay\u0131 ve geri d\u00f6n\u00fc\u015ft\u00fcrmeyi hedefliyor. \u00dcr\u00fcn kalitesi, performans\u0131 ve g\u00fcvenli\u011fi i\u00e7in gerekli t\u00fcm ko\u015fullar\u0131 sa\u011flayan firma gerekli t\u00fcm sertifikasyonlara ve uluslararas\u0131 standartlara sahip.<\/p>\n<h3><strong>VARTA POWERBANK\u2019LER\u0130 \u00d6D\u00dcLE TA\u015eIYAN 6 G\u00dcVENL\u0130K \u00d6ZELL\u0130\u011e\u0130<\/strong><\/h3>\n<p><strong>&#8211; SICAKLIK KONTROL\u00dc:<\/strong> Dahili bir NTC sens\u00f6r\u00fc, y\u00fcksek s\u0131cakl\u0131klarda \u015farj i\u015flemini kesintiye u\u011frat\u0131r.<\/p>\n<p><strong> &#8211; A\u015eIRI AKIM KORUMASI:<\/strong> Power Bank\u2019lerin pilleri, zarar g\u00f6rmemesi i\u00e7in a\u015f\u0131r\u0131 ak\u0131ma kar\u015f\u0131 korunmaktad\u0131r.<\/p>\n<p><strong> &#8211; A\u015eIRI \u015eARJ KORUMASI:<\/strong> Power Bank\u2019lerin pilleri, pil hasar\u0131n\u0131 veya a\u015f\u0131r\u0131 ya\u015flanmay\u0131 \u00f6nlemek i\u00e7in a\u015f\u0131r\u0131 \u015farja kar\u015f\u0131 korunmaktad\u0131r.<\/p>\n<p><strong> &#8211; A\u015eIRI GER\u0130L\u0130M KORUMASI:<\/strong> A\u015f\u0131r\u0131 gerilim dedekt\u00f6r\u00fc, power bankalar\u0131n g\u00fc\u00e7 giri\u015fini harici g\u00fc\u00e7 kaynaklar\u0131ndan kaynaklanan a\u015f\u0131r\u0131 gerilime kar\u015f\u0131 korur.<\/p>\n<p><strong> &#8211; DER\u0130N DE\u015eARJ KORUMASI: <\/strong>Pillerin derin de\u015farj\u0131na kar\u015f\u0131 koruma, pil hasar\u0131n\u0131 \u00f6nler ve pillerin \u00f6mr\u00fcn\u00fc uzat\u0131r.<\/p>\n<p><strong>&#8211; KISA DEVRE KORUMASI:<\/strong> Power Bank, s\u0131f\u0131rlanabilir g\u00fcvenlik kullan\u0131m\u0131 nedeniyle k\u0131sa devreye dayan\u0131kl\u0131d\u0131r.<\/p>","protected":false},"excerpt":{"rendered":"<p>Sorry, this entry is only available in Turkish. For the sake of viewer convenience, the content is shown below in the alternative language. You may click the link to switch the active language. VARTA Powerbank\u2019ler \u201cAlt\u0131n \u00d6d\u00fcl\u201d ile g\u00fcvenli\u011fini\u0307 tescilledi. AB Komisyonu taraf\u0131ndan verilen &#8220;AB \u00dcr\u00fcn G\u00fcvenli\u011fi&#8221; \u00f6d\u00fcllerinde 137 y\u0131ll\u0131k tecr\u00fcbesiyle VARTA\u2019n\u0131n powerbank \u00fcr\u00fcnleri \u201cAlt\u0131n [&hellip;]<\/p>\n","protected":false},"author":1,"featured_media":184427,"comment_status":"open","ping_status":"open","sticky":false,"template":"","format":"standard","meta":[],"categories":[51,53],"tags":[112474,112475,4546,112473],"views":22,"_links":{"self":[{"href":"https:\/\/www.enerjigazetesi.ist\/en\/wp-json\/wp\/v2\/posts\/184425"}],"collection":[{"href":"https:\/\/www.enerjigazetesi.ist\/en\/wp-json\/wp\/v2\/posts"}],"about":[{"href":"https:\/\/www.enerjigazetesi.ist\/en\/wp-json\/wp\/v2\/types\/post"}],"author":[{"embeddable":true,"href":"https:\/\/www.enerjigazetesi.ist\/en\/wp-json\/wp\/v2\/users\/1"}],"replies":[{"embeddable":true,"href":"https:\/\/www.enerjigazetesi.ist\/en\/wp-json\/wp\/v2\/comments?post=184425"}],"version-history":[{"count":0,"href":"https:\/\/www.enerjigazetesi.ist\/en\/wp-json\/wp\/v2\/posts\/184425\/revisions"}],"wp:featuredmedia":[{"embeddable":true,"href":"https:\/\/www.enerjigazetesi.ist\/en\/wp-json\/wp\/v2\/media\/184427"}],"wp:attachment":[{"href":"https:\/\/www.enerjigazetesi.ist\/en\/wp-json\/wp\/v2\/media?parent=184425"}],"wp:term":[{"taxonomy":"category","embeddable":true,"href":"https:\/\/www.enerjigazetesi.ist\/en\/wp-json\/wp\/v2\/categories?post=184425"},{"taxonomy":"post_tag","embeddable":true,"href":"https:\/\/www.enerjigazetesi.ist\/en\/wp-json\/wp\/v2\/tags?post=184425"}],"curies":[{"name":"wp","href":"https:\/\/api.w.org\/{rel}","templated":true}]}}