{"id":184371,"date":"2024-02-09T16:49:55","date_gmt":"2024-02-09T13:49:55","guid":{"rendered":"https:\/\/www.enerjigazetesi.ist\/?p=184371"},"modified":"2024-02-09T16:50:29","modified_gmt":"2024-02-09T13:50:29","slug":"ab-de-ruzgar-ve-gunes-enerjisi-yukselisini-surduruyor","status":"publish","type":"post","link":"https:\/\/www.enerjigazetesi.ist\/en\/ab-de-ruzgar-ve-gunes-enerjisi-yukselisini-surduruyor\/","title":{"rendered":"(Turkish) AB\u2019de R\u00fczgar ve G\u00fcne\u015f Enerjisi Y\u00fckseli\u015fini S\u00fcrd\u00fcr\u00fcyor"},"content":{"rendered":"<p class=\"qtranxs-available-languages-message qtranxs-available-languages-message-en\">Sorry, this entry is only available in <a href=\"https:\/\/www.enerjigazetesi.ist\/tr\/wp-json\/wp\/v2\/posts\/184371\" class=\"qtranxs-available-language-link qtranxs-available-language-link-tr\" title=\"Turkish\">Turkish<\/a>. For the sake of viewer convenience, the content is shown below in the alternative language. You may click the link to switch the active language.<\/p><p><\/p>\n<h2><strong>D\u00fc\u015f\u00fcnce kurulu\u015fu Ember taraf\u0131ndan yay\u0131nlanan Avrupa Elektrik \u0130ncelemesi\u2019ne g\u00f6re, 2023 y\u0131l\u0131nda AB k\u00f6m\u00fcr ve gazdan elektrik \u00fcretiminde e\u015fi benzeri g\u00f6r\u00fclmemi\u015f \u00e7\u00f6k\u00fc\u015f, enerji sekt\u00f6r\u00fc emisyonlar\u0131nda rekor bir d\u00fc\u015f\u00fc\u015fe yol a\u00e7t\u0131.<\/strong><\/h2>\n<p style=\"text-align: center;\"><img loading=\"lazy\" class=\"aligncenter wp-image-184376\" src=\"https:\/\/www.enerjigazetesi.ist\/wp-content\/uploads\/2024\/02\/ab-de-ruzgar-ve-gunes-enerjisi-yukselisini-surduruyor-1.jpg\" alt=\"\" width=\"500\" height=\"339\" srcset=\"https:\/\/www.enerjigazetesi.ist\/wp-content\/uploads\/2024\/02\/ab-de-ruzgar-ve-gunes-enerjisi-yukselisini-surduruyor-1.jpg 586w, https:\/\/www.enerjigazetesi.ist\/wp-content\/uploads\/2024\/02\/ab-de-ruzgar-ve-gunes-enerjisi-yukselisini-surduruyor-1-300x203.jpg 300w, https:\/\/www.enerjigazetesi.ist\/wp-content\/uploads\/2024\/02\/ab-de-ruzgar-ve-gunes-enerjisi-yukselisini-surduruyor-1-500x339.jpg 500w, https:\/\/www.enerjigazetesi.ist\/wp-content\/uploads\/2024\/02\/ab-de-ruzgar-ve-gunes-enerjisi-yukselisini-surduruyor-1-74x50.jpg 74w\" sizes=\"(max-width: 500px) 100vw, 500px\" \/><\/p>\n<p>Ember incelemesine g\u00f6re, fosil yak\u0131tlar\u0131n \u00fcretimi 2023\u2019te %19\u2019luk rekor bir d\u00fc\u015f\u00fc\u015fle ilk kez AB elektri\u011finin \u00fc\u00e7te birinden daha az\u0131n\u0131 olu\u015fturdu. K\u00f6m\u00fcr %26\u2019l\u0131k d\u00fc\u015f\u00fc\u015fle 333 TWh ile \u015fimdiye kadarki en d\u00fc\u015f\u00fck seviyesine geriledi ve AB elektrik \u00fcretiminin %12\u2019sini olu\u015fturdu. K\u00f6m\u00fcrdeki d\u00fc\u015f\u00fc\u015f gazda bir art\u0131\u015fa neden olmam\u0131\u015f, bunun yerine gaz %15 oran\u0131nda d\u00fc\u015ferek en az 1990 y\u0131l\u0131ndan bu yana en b\u00fcy\u00fck y\u0131ll\u0131k d\u00fc\u015f\u00fc\u015f\u00fc ya\u015fam\u0131\u015f ve \u00fcst \u00fcste d\u00f6rd\u00fcnc\u00fc kez gaz \u00fcretimi azalm\u0131\u015ft\u0131r.<\/p>\n<p style=\"text-align: center;\"><img loading=\"lazy\" class=\"aligncenter wp-image-184374\" src=\"https:\/\/www.enerjigazetesi.ist\/wp-content\/uploads\/2024\/02\/ab-de-ruzgar-ve-gunes-enerjisi-yukselisini-surduruyor.jpg\" alt=\"\" width=\"500\" height=\"303\" srcset=\"https:\/\/www.enerjigazetesi.ist\/wp-content\/uploads\/2024\/02\/ab-de-ruzgar-ve-gunes-enerjisi-yukselisini-surduruyor.jpg 550w, https:\/\/www.enerjigazetesi.ist\/wp-content\/uploads\/2024\/02\/ab-de-ruzgar-ve-gunes-enerjisi-yukselisini-surduruyor-300x182.jpg 300w, https:\/\/www.enerjigazetesi.ist\/wp-content\/uploads\/2024\/02\/ab-de-ruzgar-ve-gunes-enerjisi-yukselisini-surduruyor-500x303.jpg 500w, https:\/\/www.enerjigazetesi.ist\/wp-content\/uploads\/2024\/02\/ab-de-ruzgar-ve-gunes-enerjisi-yukselisini-surduruyor-80x48.jpg 80w\" sizes=\"(max-width: 500px) 100vw, 500px\" \/><\/p>\n<p>Buna kar\u015f\u0131l\u0131k, r\u00fczgar ve g\u00fcne\u015f enerjisi, <strong>90 TWh<\/strong> ve <strong>73 GW<\/strong> ile hem \u00fcretimde hem de kurulu kapasitede \u015fimdiye kadarki en y\u00fcksek y\u0131ll\u0131k art\u0131\u015flar\u0131n\u0131 ger\u00e7ekle\u015ftirdi. Birlikte 2023 y\u0131l\u0131nda AB elektri\u011finin %27\u2019sini \u00fcreterek ilk kez d\u00f6rtte birin \u00fczerine \u00e7\u0131kt\u0131lar. R\u00fczgar, AB elektri\u011finin %18\u2019ini veya Fransa\u2019n\u0131n toplam \u00fcretim talebine e\u015fde\u011fer olan 475 TWh\u2019yi \u00fcretti. G\u00fcne\u015f enerjisi g\u00fc\u00e7l\u00fc b\u00fcy\u00fcmesini s\u00fcrd\u00fcrerek AB elektri\u011finin %9\u2019unu (246 TWh) \u00fcretti. Hidroelektrik enerjinin de 2022\u2019deki d\u00fc\u015f\u00fck seviyelerden toparlanmas\u0131yla, toplam yenilenebilir enerji <strong>2023\u2019te<\/strong> AB elektri\u011finin<strong> %44\u2019l\u00fck<\/strong> rekor bir pay\u0131na y\u00fckseldi.<\/p>\n<p>Temiz enerjide ki b\u00fcy\u00fcmeye ek olarak, d\u00fc\u015fen elektrik talebi de fosil yak\u0131t \u00fcretimindeki d\u00fc\u015f\u00fc\u015fe katk\u0131da bulundu. Talep, 2023 y\u0131l\u0131nda 2022 y\u0131l\u0131na k\u0131yasla %3,4 (-94 TWh) oran\u0131nda d\u00fc\u015ft\u00fc. Bu, enerji krizinin ba\u015flad\u0131\u011f\u0131 2021 seviyelerine g\u00f6re %6,4\u2019l\u00fck (-186 TWh) bir d\u00fc\u015f\u00fc\u015fe i\u015faret ederken, bu d\u00fc\u015f\u00fc\u015f\u00fcn \u00fc\u00e7te birinden biraz fazlas\u0131 (%38) sanayi elektrik t\u00fcketimindeki azalmaya ba\u011flan\u0131yor. Elektrifikasyon artt\u0131k\u00e7a bu talep d\u00fc\u015f\u00fc\u015f oran\u0131n\u0131n \u00f6n\u00fcm\u00fczdeki y\u0131llarda tekrarlanmas\u0131 beklenmiyor.<\/p>","protected":false},"excerpt":{"rendered":"<p>Sorry, this entry is only available in Turkish. For the sake of viewer convenience, the content is shown below in the alternative language. You may click the link to switch the active language. D\u00fc\u015f\u00fcnce kurulu\u015fu Ember taraf\u0131ndan yay\u0131nlanan Avrupa Elektrik \u0130ncelemesi\u2019ne g\u00f6re, 2023 y\u0131l\u0131nda AB k\u00f6m\u00fcr ve gazdan elektrik \u00fcretiminde e\u015fi benzeri g\u00f6r\u00fclmemi\u015f \u00e7\u00f6k\u00fc\u015f, enerji [&hellip;]<\/p>\n","protected":false},"author":1,"featured_media":184376,"comment_status":"open","ping_status":"open","sticky":false,"template":"","format":"standard","meta":[],"categories":[53,49,24649,50],"tags":[107504,69720,1800,13,112459,16],"views":36,"_links":{"self":[{"href":"https:\/\/www.enerjigazetesi.ist\/en\/wp-json\/wp\/v2\/posts\/184371"}],"collection":[{"href":"https:\/\/www.enerjigazetesi.ist\/en\/wp-json\/wp\/v2\/posts"}],"about":[{"href":"https:\/\/www.enerjigazetesi.ist\/en\/wp-json\/wp\/v2\/types\/post"}],"author":[{"embeddable":true,"href":"https:\/\/www.enerjigazetesi.ist\/en\/wp-json\/wp\/v2\/users\/1"}],"replies":[{"embeddable":true,"href":"https:\/\/www.enerjigazetesi.ist\/en\/wp-json\/wp\/v2\/comments?post=184371"}],"version-history":[{"count":0,"href":"https:\/\/www.enerjigazetesi.ist\/en\/wp-json\/wp\/v2\/posts\/184371\/revisions"}],"wp:featuredmedia":[{"embeddable":true,"href":"https:\/\/www.enerjigazetesi.ist\/en\/wp-json\/wp\/v2\/media\/184376"}],"wp:attachment":[{"href":"https:\/\/www.enerjigazetesi.ist\/en\/wp-json\/wp\/v2\/media?parent=184371"}],"wp:term":[{"taxonomy":"category","embeddable":true,"href":"https:\/\/www.enerjigazetesi.ist\/en\/wp-json\/wp\/v2\/categories?post=184371"},{"taxonomy":"post_tag","embeddable":true,"href":"https:\/\/www.enerjigazetesi.ist\/en\/wp-json\/wp\/v2\/tags?post=184371"}],"curies":[{"name":"wp","href":"https:\/\/api.w.org\/{rel}","templated":true}]}}