{"id":184354,"date":"2024-02-09T15:48:07","date_gmt":"2024-02-09T12:48:07","guid":{"rendered":"https:\/\/www.enerjigazetesi.ist\/?p=184354"},"modified":"2024-02-09T15:48:07","modified_gmt":"2024-02-09T12:48:07","slug":"schneider-electric-te-atama","status":"publish","type":"post","link":"https:\/\/www.enerjigazetesi.ist\/en\/schneider-electric-te-atama\/","title":{"rendered":"(Turkish) &#8217;Schneider Electric&#8217;te Atama"},"content":{"rendered":"<p class=\"qtranxs-available-languages-message qtranxs-available-languages-message-en\">Sorry, this entry is only available in <a href=\"https:\/\/www.enerjigazetesi.ist\/tr\/wp-json\/wp\/v2\/posts\/184354\" class=\"qtranxs-available-language-link qtranxs-available-language-link-tr\" title=\"Turkish\">Turkish<\/a>. For the sake of viewer convenience, the content is shown below in the alternative language. You may click the link to switch the active language.<\/p><p><\/p>\n<h2>Enerji y\u00f6netimi ve otomasyonun dijital d\u00f6n\u00fc\u015f\u00fcm\u00fcne liderlik eden Schneider Electric, Alper Vargel\u2019in Uluslararas\u0131 G\u00fc\u00e7 \u00dcr\u00fcnleri Birimi Ticari D\u00f6n\u00fc\u015f\u00fcm Ba\u015fkan Yard\u0131mc\u0131s\u0131 olarak atad\u0131\u011f\u0131n\u0131 duyurdu. Pasifik, Hindistan, Orta Do\u011fu Afrika ve G\u00fcney Amerika&#8217;da yakla\u015f\u0131k 95 \u00fclkeyi kapsayan uluslararas\u0131 operasyonlar b\u00f6lgesinden sorumlu olacak.<\/h2>\n<p><img loading=\"lazy\" class=\"alignright wp-image-184356\" src=\"https:\/\/www.enerjigazetesi.ist\/wp-content\/uploads\/2024\/02\/1707464907_Alper_Vargel_2.jpg\" alt=\"\" width=\"320\" height=\"296\" srcset=\"https:\/\/www.enerjigazetesi.ist\/wp-content\/uploads\/2024\/02\/1707464907_Alper_Vargel_2.jpg 519w, https:\/\/www.enerjigazetesi.ist\/wp-content\/uploads\/2024\/02\/1707464907_Alper_Vargel_2-300x277.jpg 300w, https:\/\/www.enerjigazetesi.ist\/wp-content\/uploads\/2024\/02\/1707464907_Alper_Vargel_2-433x400.jpg 433w, https:\/\/www.enerjigazetesi.ist\/wp-content\/uploads\/2024\/02\/1707464907_Alper_Vargel_2-54x50.jpg 54w, https:\/\/www.enerjigazetesi.ist\/wp-content\/uploads\/2024\/02\/1707464907_Alper_Vargel_2-500x462.jpg 500w\" sizes=\"(max-width: 320px) 100vw, 320px\" \/>Vargel, yeni g\u00f6revinde \u015firketin uluslararas\u0131 pazarlardaki b\u00fcy\u00fcmesini h\u0131zland\u0131rmak amac\u0131yla ticari operasyonlar ve dijital d\u00f6n\u00fc\u015f\u00fcm \u00e7al\u0131\u015fmalar\u0131na liderlik edecek. B\u00f6ylece Schneider Electric\u2019in ticari stratejisini \u015fekillendirmeye ve \u015firketin k\u00fcresel ba\u015far\u0131 hedeflerine katk\u0131da bulunmaya devam edecek.<\/p>\n<p>18 y\u0131ld\u0131r Schneider Electric\u2019te \u00e7e\u015fitli g\u00f6revlerde bulunan Alper Vargel, T\u00fcrkiye\u2019de sat\u0131\u015f, segment y\u00f6netimi, fiyatland\u0131rma, ticari politikalar, teklif ve kanal pazarlamas\u0131 alanlar\u0131nda \u00fcst d\u00fczey rollerde geni\u015f bir deneyim ve bilgi birikimine sahip. Yeni g\u00f6revine atanmadan \u00f6nce Vargel, K\u00f6rfez \u00dclkeleri Pazarlama Ba\u015fkan Yard\u0131mc\u0131s\u0131, 4 farkl\u0131 b\u00f6l\u00fcm\u00fcn, teklif, kanal pazarlamas\u0131, fiyatland\u0131rma ve e-ticaret hizmetlerine liderlik etmekteydi.<\/p>\n<p>Alper Vargel, \u0130stanbul Teknik \u00dcniversitesi Elektrik M\u00fchendisli\u011fi b\u00f6l\u00fcm\u00fc mezunudur.<\/p>","protected":false},"excerpt":{"rendered":"<p>Sorry, this entry is only available in Turkish. For the sake of viewer convenience, the content is shown below in the alternative language. You may click the link to switch the active language. Enerji y\u00f6netimi ve otomasyonun dijital d\u00f6n\u00fc\u015f\u00fcm\u00fcne liderlik eden Schneider Electric, Alper Vargel\u2019in Uluslararas\u0131 G\u00fc\u00e7 \u00dcr\u00fcnleri Birimi Ticari D\u00f6n\u00fc\u015f\u00fcm Ba\u015fkan Yard\u0131mc\u0131s\u0131 olarak atad\u0131\u011f\u0131n\u0131 [&hellip;]<\/p>\n","protected":false},"author":1,"featured_media":184356,"comment_status":"open","ping_status":"open","sticky":false,"template":"","format":"standard","meta":[],"categories":[51,53],"tags":[112450,73887,92279,4157,112451],"views":44,"_links":{"self":[{"href":"https:\/\/www.enerjigazetesi.ist\/en\/wp-json\/wp\/v2\/posts\/184354"}],"collection":[{"href":"https:\/\/www.enerjigazetesi.ist\/en\/wp-json\/wp\/v2\/posts"}],"about":[{"href":"https:\/\/www.enerjigazetesi.ist\/en\/wp-json\/wp\/v2\/types\/post"}],"author":[{"embeddable":true,"href":"https:\/\/www.enerjigazetesi.ist\/en\/wp-json\/wp\/v2\/users\/1"}],"replies":[{"embeddable":true,"href":"https:\/\/www.enerjigazetesi.ist\/en\/wp-json\/wp\/v2\/comments?post=184354"}],"version-history":[{"count":0,"href":"https:\/\/www.enerjigazetesi.ist\/en\/wp-json\/wp\/v2\/posts\/184354\/revisions"}],"wp:featuredmedia":[{"embeddable":true,"href":"https:\/\/www.enerjigazetesi.ist\/en\/wp-json\/wp\/v2\/media\/184356"}],"wp:attachment":[{"href":"https:\/\/www.enerjigazetesi.ist\/en\/wp-json\/wp\/v2\/media?parent=184354"}],"wp:term":[{"taxonomy":"category","embeddable":true,"href":"https:\/\/www.enerjigazetesi.ist\/en\/wp-json\/wp\/v2\/categories?post=184354"},{"taxonomy":"post_tag","embeddable":true,"href":"https:\/\/www.enerjigazetesi.ist\/en\/wp-json\/wp\/v2\/tags?post=184354"}],"curies":[{"name":"wp","href":"https:\/\/api.w.org\/{rel}","templated":true}]}}