{"id":184326,"date":"2024-02-09T14:15:13","date_gmt":"2024-02-09T11:15:13","guid":{"rendered":"https:\/\/www.enerjigazetesi.ist\/?p=184326"},"modified":"2024-02-09T14:22:45","modified_gmt":"2024-02-09T11:22:45","slug":"kamu-ve-reel-sektor-15-subat-ta-adana-da-rewa-anatolia-da-bulusuyor","status":"publish","type":"post","link":"https:\/\/www.enerjigazetesi.ist\/en\/kamu-ve-reel-sektor-15-subat-ta-adana-da-rewa-anatolia-da-bulusuyor\/","title":{"rendered":"(Turkish) Kamu ve Reel Sekt\u00f6r 15 \u015eubat\u2019ta Adana\u2019da &#8216;REWA Anatolia&#8217;da Bulu\u015fuyor"},"content":{"rendered":"<p class=\"qtranxs-available-languages-message qtranxs-available-languages-message-en\">Sorry, this entry is only available in <a href=\"https:\/\/www.enerjigazetesi.ist\/tr\/wp-json\/wp\/v2\/posts\/184326\" class=\"qtranxs-available-language-link qtranxs-available-language-link-tr\" title=\"Turkish\">Turkish<\/a>. For the sake of viewer convenience, the content is shown below in the alternative language. You may click the link to switch the active language.<\/p><p><\/p>\n<h2><strong>S\u00fcrd\u00fcr\u00fclebilir teknolojileri ke\u015ffetmek i\u00e7in say\u0131l\u0131 g\u00fcnler kald\u0131. REWA Anatolia &#8211; Geri D\u00f6n\u00fc\u015f\u00fcm ve At\u0131k Y\u00f6netimi Fuar ve Konferans\u0131, 15-17 \u015eubat\u2019ta Adana\u2019da T\u00dcYAP Fuar ve Kongre Merkezi\u2019nde ziyarete a\u00e7\u0131l\u0131yor. Kamu ve reel sekt\u00f6r temsilcilerini 3 g\u00fcn s\u00fcreyle ayn\u0131 \u00e7at\u0131 alt\u0131nda bulu\u015fturacak fuarda, at\u0131k ve geri d\u00f6n\u00fc\u015f\u00fcme dair en son ve \u00e7\u0131\u011f\u0131r a\u00e7an teknolojiler sergilenirken, kat\u0131l\u0131mc\u0131lar g\u00fc\u00e7l\u00fc i\u015f ba\u011flant\u0131lar\u0131 kurma ve s\u00fcrd\u00fcr\u00fclebilir projelerin gelece\u011fini tart\u0131\u015fma f\u0131rsat\u0131 bulacaklar. <\/strong><\/h2>\n<p>Mottosunu \u201cYerel \u00c7\u00f6z\u00fcmler, K\u00fcresel Etki\u201d olarak belirleyen REWA Anatolia Fuar ve Konferans\u0131, geri d\u00f6n\u00fc\u015f\u00fcm ve at\u0131k y\u00f6netimi end\u00fcstrisine hizmet veren Adanus, Akbulut, AYK, Disan, Ersoplast, Feyda\u015f, <img loading=\"lazy\" class=\"alignright wp-image-184330\" src=\"https:\/\/www.enerjigazetesi.ist\/wp-content\/uploads\/2024\/02\/kamu-ve-reel-sektor-15-subat-ta-adana-da-rewa-anatolia-da-bulusuyor-1.jpg\" alt=\"\" width=\"320\" height=\"387\" srcset=\"https:\/\/www.enerjigazetesi.ist\/wp-content\/uploads\/2024\/02\/kamu-ve-reel-sektor-15-subat-ta-adana-da-rewa-anatolia-da-bulusuyor-1.jpg 339w, https:\/\/www.enerjigazetesi.ist\/wp-content\/uploads\/2024\/02\/kamu-ve-reel-sektor-15-subat-ta-adana-da-rewa-anatolia-da-bulusuyor-1-248x300.jpg 248w, https:\/\/www.enerjigazetesi.ist\/wp-content\/uploads\/2024\/02\/kamu-ve-reel-sektor-15-subat-ta-adana-da-rewa-anatolia-da-bulusuyor-1-331x400.jpg 331w, https:\/\/www.enerjigazetesi.ist\/wp-content\/uploads\/2024\/02\/kamu-ve-reel-sektor-15-subat-ta-adana-da-rewa-anatolia-da-bulusuyor-1-41x50.jpg 41w\" sizes=\"(max-width: 320px) 100vw, 320px\" \/>Keskin Plastik, Netral, Rainbow, Sinan Atlas, Teamsoft gibi sekt\u00f6r\u00fcn lider ve \u00f6nc\u00fc firmalar\u0131 ile \u00c7evre ve \u015eehircilik bakanl\u0131\u011f\u0131na ba\u011fl\u0131 belediyelerin temizlik i\u015fleri m\u00fcd\u00fcrl\u00fckleri, \u00c7evre Koruma ve Kontrol Dairesi ba\u015fkanlar\u0131, \u0130klim De\u011fi\u015fikli\u011fi ve S\u0131f\u0131r At\u0131k m\u00fcd\u00fcrl\u00fckleri, yerel y\u00f6netim temsilcileri, KOB\u0130 ve \u00f6zel sekt\u00f6r karar vericileri, geri d\u00f6n\u00fc\u015f\u00fcm ve at\u0131k y\u00f6netimi ara\u00e7 ve ekipman \u00fcreticileri, organize sanayi b\u00f6lgesi yetkilileri, finans ve leasing kurulu\u015flar\u0131, dernek ve birlikler gibi bir\u00e7ok payda\u015f\u0131 Adana T\u00dcYAP Fuar ve Kongre Merkezi\u2019nde bir araya getirecek.<\/p>\n<h3><strong>D\u00fcnya genelinden 5 bin 500\u2019\u00fc a\u015fk\u0131n sekt\u00f6r profesyoneli ziyaret\u00e7i kat\u0131l\u0131m\u0131<\/strong><\/h3>\n<p>80\u2019ni a\u015fk\u0131n kat\u0131l\u0131mc\u0131 firma ve y\u00fczlerce markan\u0131n en son teknoloji \u00fcr\u00fcn ve hizmetlerini sergileyecekleri REWA Anatolia\u2019y\u0131 ilk y\u0131l\u0131nda, d\u00fcnya genelinden 5 bin 500\u2019\u00fc a\u015fk\u0131n sekt\u00f6r profesyonelinin ziyaret etmesi bekleniyor. B2B toplant\u0131lar, konferans ve workshop programlar\u0131 ile kamu ve reel sekt\u00f6r aras\u0131nda s\u00fcrd\u00fcr\u00fclebilirlik alan\u0131nda sinerji olu\u015fturulmas\u0131na katk\u0131 sa\u011flayacak REWA Anatolia, mevcut ili\u015fkileri tazelerken, yeni i\u015fbirlikleri kurulmas\u0131nda da kolayla\u015ft\u0131r\u0131c\u0131 rol \u00fcstlenecek.<\/p>\n<h3><strong>Kamu, yerel y\u00f6netimler ve i\u015f d\u00fcnyas\u0131ndan REWA Anatolia\u2019ya tam destek<\/strong><\/h3>\n<p>Adana\u2019da kamu, yerel y\u00f6netimler ve i\u015f d\u00fcnyas\u0131n\u0131n tam deste\u011fini alan REWA Anatolia Fuar ve Konferans\u0131\u2019n\u0131n a\u00e7\u0131l\u0131\u015f\u0131na Adana Valisi Yavuz Selim K\u00f6\u015fger, Adana B\u00fcy\u00fck\u015fehir Belediye Ba\u015fkan\u0131 Zeydan Karalar, Osmaniye Belediye Ba\u015fkan\u0131 ve \u00c7ukurova Belediyeler Birli\u011fi Ba\u015fkan\u0131 Kadir Kara, Adana Sanayi Odas\u0131 Y\u00f6netim Kurulu Ba\u015fkan\u0131 Zeki K\u0131van\u00e7, Adana Ticaret Odas\u0131 Y\u00f6netim Kurulu Ba\u015fkan\u0131 Y\u00fcksel Bayram, AOSB Y\u00f6netim Kurulu Ba\u015fkan\u0131 Bekir S\u00fctc\u00fc, Kosova B\u00f6lgesel Kalk\u0131nma Bakan\u0131 ve Kosova Demokratik T\u00fcrk Partisi (KDTP) Genel Ba\u015fkan\u0131 Fikrim Damka, REWA Anatolia \u0130cra Komitesi Ba\u015fkan\u0131 Ebru Can ve \u00e7ok say\u0131da protokol \u00fcyesi kat\u0131l\u0131m sa\u011flayacak. Ayr\u0131ca, fuara standl\u0131 kat\u0131l\u0131m sa\u011flayan T\u00dcB\u0130SAD, B\u0130YOGAZDER, AK\u00dcDER, T\u00dc\u00c7EM, TAP, AGED, \u0130GGEDER ve \u00c7\u00f6p\u00fcne Sahip \u00c7\u0131k Vakf\u0131 gibi sekt\u00f6rde s\u00f6z sahibi meslek ve sivil toplum \u00f6rg\u00fctleri, dernekler ile vak\u0131flar\u0131n temsilcileri a\u00e7\u0131l\u0131\u015fta haz\u0131r bulunacak.<\/p>\n<h3><strong>15 oturumda 50 uzman konu\u015fmac\u0131 deneyimlerini payla\u015facak<\/strong><\/h3>\n<p>Fuar; konferans ve workshop etkinlikleri ile hem kat\u0131l\u0131mc\u0131lar hem de ziyaret\u00e7iler i\u00e7in s\u00fcrd\u00fcr\u00fclebilirlik, at\u0131k y\u00f6netimi ve geri d\u00f6n\u00fc\u015f\u00fcm end\u00fcstrisine y\u00f6nelik son geli\u015fmelere dair detayl\u0131 bilgiler ve uzman g\u00f6r\u00fc\u015flerine yer verecek. 15 oturumda Exitcom, S\u00d6ZB\u0130R Grup, EGE\u00c7EV, Prevented Ocean Plastic Mediterranean gibi, sekt\u00f6r\u00fcn \u00f6nemli \u015firketlerinden 50 uzman konu\u015fmac\u0131 deneyim payla\u015f\u0131m\u0131nda bulunacak. S\u00fcrd\u00fcr\u00fclebilir Ekonomi: S\u0131f\u0131r Karbon \u0130zi, Geri D\u00f6n\u00fc\u015f\u00fcm ve At\u0131k Y\u00f6netimi, OSB\u2019de Ye\u015fil D\u00f6n\u00fc\u015f\u00fcm, At\u0131k Y\u00f6netimiyle S\u00fcrd\u00fcr\u00fclebilir Ad\u0131mlar, End\u00fcstriyel Karbonsuzla\u015fma ve Karbon \u00dczerine S\u0131n\u0131rl\u0131l\u0131klar ile S\u0131f\u0131r At\u0131k ve \u00c7evre Uygulamalar\u0131 ele al\u0131nan baz\u0131 \u00f6nemli oturum ba\u015fl\u0131klar\u0131 olacak. \u0130T\u00dc, Mersin \u00dcniversitesi, \u00c7a\u011f \u00dcniversitesi, \u00c7ukurova \u00dcniversitesi, Kahramanmara\u015f S\u00fct\u00e7\u00fc \u0130mam \u00dcniversitesi, Dokuz Eyl\u00fcl \u00dcniversitesi\u2019nden \u00f6\u011fretim \u00fcyeleri, ara\u015ft\u0131rma g\u00f6revlileri, m\u00fchendisler fuar kapsam\u0131nda ara\u015ft\u0131rma projelerini kat\u0131l\u0131mc\u0131 ve ziyaret\u00e7ilerinin ilgisine sunacak.<\/p>\n<h3><strong>En yeni teknoloji ve hizmetler ile end\u00fcstriyel \u00e7\u00f6z\u00fcmleri REWA Anatolia\u2019da sergilenecek<\/strong><\/h3>\n<p>Solis Renewable Hub taraf\u0131ndan organize edilen ve Adana B\u00fcy\u00fck\u015fehir Belediyesi, \u00c7ukurova Fuarc\u0131l\u0131k, Adana Sanayi Odas\u0131, Adana Ticaret Odas\u0131, Adana Organize Sanayi B\u00f6lgesi ve \u00c7ukurova \u00dcniversitesi destekleriyle, \u00c7ukurova Belediyeler Birli\u011fi ve \u00c7ukurova Teknokent i\u015f birli\u011fi ile d\u00fczenlenen REWA Anatolia Fuar\u0131 ve Konferans\u0131\u2019nda; <strong>\u201cAt\u0131k Y\u00f6netimi, Geri D\u00f6n\u00fc\u015f\u00fcm ve Bertaraf Etme \u00c7\u00f6z\u00fcmleri\u201d, \u201cKentsel At\u0131k Y\u00f6netimi, Ula\u015f\u0131m ve Temizlik Ara\u00e7lar\u0131, Ekipmanlar\u0131 ve Teknolojileri\u201d, \u201cTesis, Makine ve Ekipman\u201d, \u201cDan\u0131\u015fmanl\u0131k ve Profesyonel Hizmetler\u201d, \u201cS\u00fcrd\u00fcr\u00fclebilirlik\u201d<\/strong> \u00e7\u00f6z\u00fcmleri ve teknolojileri alanlar\u0131ndaki en yeni teknoloji ve hizmetler ile end\u00fcstriyel \u00e7\u00f6z\u00fcmleri sergilenecek.<\/p>\n<h3><strong>TU\u0130K\u2019in son verilerine g\u00f6re 2022\u2019de toplam 109,2 milyon ton at\u0131k olu\u015ftu<\/strong><\/h3>\n<p>TU\u0130K\u2019in Kas\u0131m 2023\u2019te a\u00e7\u0131klad\u0131\u011f\u0131 son verilere g\u00f6re; imalat sanayi i\u015fyerleri, maden i\u015fletmeleri, termik santraller, organize sanayi b\u00f6lgeleri (OSB) ve hane halklar\u0131nda 2022 y\u0131l\u0131nda 29,4 milyon tonu tehlikeli olmak \u00fczere toplam 109,2 milyon ton at\u0131k olu\u015ftu.<\/p>\n<h3><strong>Belediyeler ki\u015fi ba\u015f\u0131 g\u00fcnl\u00fck ortalama 1,03 kg at\u0131k toplad\u0131<\/strong><\/h3>\n<p>\u00dclkemizde bulunan toplam 1.391 belediyenin 1.389&#8217;unda at\u0131k hizmeti veriliyor. At\u0131k hizmeti verilen belediyelerde toplanan 30,3 milyon ton at\u0131\u011f\u0131n %85,9&#8217;u at\u0131k i\u015fleme tesislerine ve %13,5&#8217;i belediye \u00e7\u00f6pl\u00fcklerine g\u00f6nderilirken, %0,6&#8217;s\u0131 ise a\u00e7\u0131kta yak\u0131larak, g\u00f6m\u00fclerek, dereye veya araziye d\u00f6k\u00fclerek bertaraf edildi. Belediyelerde toplanan ki\u015fi ba\u015f\u0131 g\u00fcnl\u00fck ortalama at\u0131k miktar\u0131 ise 1,03 kg olarak hesapland\u0131.<\/p>\n<h3><strong>\u0130malat sanayi i\u015fyerlerinde toplam 28 milyon ton at\u0131k olu\u015ftu<\/strong><\/h3>\n<p>\u0130malat sanayi i\u015fyerlerinde ise 5,4 milyon tonu tehlikeli olmak \u00fczere toplam 28 milyon ton at\u0131k olu\u015ftu. Toplam at\u0131\u011f\u0131n %63,2&#8217;si sat\u0131ld\u0131 veya lisansl\u0131 at\u0131k i\u015fleme tesislerine g\u00f6nderildi, %14,5&#8217;i tesis b\u00fcnyesinde geri kazan\u0131ld\u0131, %13,5&#8217;i d\u00fczenli depolama tesislerine g\u00f6nderildi, %3,3&#8217;\u00fc i\u015fyeri sahas\u0131nda depoland\u0131, %3,1&#8217;i belediye veya OSB y\u00f6netimleri taraf\u0131ndan topland\u0131, %2&#8217;si beraber yakma (ko-insinerasyon) veya yakma tesislerine g\u00f6nderildi, %0,3&#8217;\u00fc dolgu malzemesi olarak kullan\u0131ld\u0131\/do\u011faya yeniden kazand\u0131r\u0131ld\u0131, %0,1&#8217;i ise di\u011fer y\u00f6ntemlerle bertaraf edildi.<\/p>\n<p>15-17 \u015eubat\u2019ta Adana\u2019da T\u00dcYAP Fuar ve Kongre Merkezi\u2019nde ziyarete a\u00e7\u0131lacak REWA Anatolia &#8211; Geri D\u00f6n\u00fc\u015f\u00fcm ve At\u0131k Y\u00f6netimi Fuar ve Konferans\u0131 \u00fccretsiz online kay\u0131tlar\u0131 <a href=\"https:\/\/rewanatolia.com\/tr\/ziyaretci-olun\/\" target=\"_blank\" rel=\"noopener\">https:\/\/rewanatolia.com\/tr\/ziyaretci-olun\/<\/a> web adresi \u00fczerinden devam ediyor.<\/p>\n<p>Konferans Program\u0131: <a href=\"https:\/\/rewanatolia.com\/tr\/konferans-programi\/\" target=\"_blank\" rel=\"noopener\">https:\/\/rewanatolia.com\/tr\/konferans-programi\/<\/a><\/p>","protected":false},"excerpt":{"rendered":"<p>Sorry, this entry is only available in Turkish. For the sake of viewer convenience, the content is shown below in the alternative language. You may click the link to switch the active language. S\u00fcrd\u00fcr\u00fclebilir teknolojileri ke\u015ffetmek i\u00e7in say\u0131l\u0131 g\u00fcnler kald\u0131. REWA Anatolia &#8211; Geri D\u00f6n\u00fc\u015f\u00fcm ve At\u0131k Y\u00f6netimi Fuar ve Konferans\u0131, 15-17 \u015eubat\u2019ta Adana\u2019da T\u00dcYAP [&hellip;]<\/p>\n","protected":false},"author":1,"featured_media":184329,"comment_status":"open","ping_status":"open","sticky":false,"template":"","format":"standard","meta":[],"categories":[53],"tags":[112437,3119,112436,2529,112435],"views":34,"_links":{"self":[{"href":"https:\/\/www.enerjigazetesi.ist\/en\/wp-json\/wp\/v2\/posts\/184326"}],"collection":[{"href":"https:\/\/www.enerjigazetesi.ist\/en\/wp-json\/wp\/v2\/posts"}],"about":[{"href":"https:\/\/www.enerjigazetesi.ist\/en\/wp-json\/wp\/v2\/types\/post"}],"author":[{"embeddable":true,"href":"https:\/\/www.enerjigazetesi.ist\/en\/wp-json\/wp\/v2\/users\/1"}],"replies":[{"embeddable":true,"href":"https:\/\/www.enerjigazetesi.ist\/en\/wp-json\/wp\/v2\/comments?post=184326"}],"version-history":[{"count":0,"href":"https:\/\/www.enerjigazetesi.ist\/en\/wp-json\/wp\/v2\/posts\/184326\/revisions"}],"wp:featuredmedia":[{"embeddable":true,"href":"https:\/\/www.enerjigazetesi.ist\/en\/wp-json\/wp\/v2\/media\/184329"}],"wp:attachment":[{"href":"https:\/\/www.enerjigazetesi.ist\/en\/wp-json\/wp\/v2\/media?parent=184326"}],"wp:term":[{"taxonomy":"category","embeddable":true,"href":"https:\/\/www.enerjigazetesi.ist\/en\/wp-json\/wp\/v2\/categories?post=184326"},{"taxonomy":"post_tag","embeddable":true,"href":"https:\/\/www.enerjigazetesi.ist\/en\/wp-json\/wp\/v2\/tags?post=184326"}],"curies":[{"name":"wp","href":"https:\/\/api.w.org\/{rel}","templated":true}]}}