{"id":184308,"date":"2024-02-08T16:59:55","date_gmt":"2024-02-08T13:59:55","guid":{"rendered":"https:\/\/www.enerjigazetesi.ist\/?p=184308"},"modified":"2024-02-08T16:59:55","modified_gmt":"2024-02-08T13:59:55","slug":"siemens-ten-2024-mali-yilina-basarili-baslangic","status":"publish","type":"post","link":"https:\/\/www.enerjigazetesi.ist\/en\/siemens-ten-2024-mali-yilina-basarili-baslangic\/","title":{"rendered":"(Turkish) &#8217;Siemens&#8217;ten 2024 Mali Y\u0131l\u0131na Ba\u015far\u0131l\u0131 Ba\u015flang\u0131\u00e7"},"content":{"rendered":"<p class=\"qtranxs-available-languages-message qtranxs-available-languages-message-en\">Sorry, this entry is only available in <a href=\"https:\/\/www.enerjigazetesi.ist\/tr\/wp-json\/wp\/v2\/posts\/184308\" class=\"qtranxs-available-language-link qtranxs-available-language-link-tr\" title=\"Turkish\">Turkish<\/a>. For the sake of viewer convenience, the content is shown below in the alternative language. You may click the link to switch the active language.<\/p><p><\/p>\n<h2><strong>Siemens, (31 Aral\u0131k 2023 itibar\u0131yla sona eren) ilk \u00e7eyrekte sergiledi\u011fi g\u00fc\u00e7l\u00fc performansla 2024 mali y\u0131l\u0131na ba\u015far\u0131l\u0131 bir ba\u015flang\u0131\u00e7 yapt\u0131. End\u00fcstriyel \u0130\u015f Kolu k\u00e2r\u0131, 2,7 milyar Euro ile neredeyse t\u00fcm end\u00fcstriyel i\u015f birimlerinde art\u0131\u015f g\u00f6stererek mali y\u0131l\u0131n ilk \u00e7eyre\u011fi rekoru k\u0131rd\u0131. Siemens, elde etti\u011fi bu sonu\u00e7lar temelinde 2024 mali y\u0131l\u0131 i\u00e7in beklentilerini netle\u015ftirdi. Kas\u0131m 2023\u2019te a\u00e7\u0131kland\u0131\u011f\u0131 \u00fczere, \u015firket ayr\u0131ca yak\u0131n vadede be\u015f y\u0131la yay\u0131lacak \u015fekilde ve 6 milyar Euro\u2019ya kadar hacimle yeni bir hisse geri al\u0131m program\u0131 ba\u015flat\u0131yor.<\/strong><\/h2>\n<p><img loading=\"lazy\" class=\"aligncenter wp-image-184310\" src=\"https:\/\/www.enerjigazetesi.ist\/wp-content\/uploads\/2024\/02\/siemens-ten-2024-mali-yilina-basarili-baslangic.jpg\" alt=\"\" width=\"500\" height=\"334\" srcset=\"https:\/\/www.enerjigazetesi.ist\/wp-content\/uploads\/2024\/02\/siemens-ten-2024-mali-yilina-basarili-baslangic.jpg 550w, https:\/\/www.enerjigazetesi.ist\/wp-content\/uploads\/2024\/02\/siemens-ten-2024-mali-yilina-basarili-baslangic-300x200.jpg 300w, https:\/\/www.enerjigazetesi.ist\/wp-content\/uploads\/2024\/02\/siemens-ten-2024-mali-yilina-basarili-baslangic-500x334.jpg 500w, https:\/\/www.enerjigazetesi.ist\/wp-content\/uploads\/2024\/02\/siemens-ten-2024-mali-yilina-basarili-baslangic-75x50.jpg 75w, https:\/\/www.enerjigazetesi.ist\/wp-content\/uploads\/2024\/02\/siemens-ten-2024-mali-yilina-basarili-baslangic-450x300.jpg 450w\" sizes=\"(max-width: 500px) 100vw, 500px\" \/><\/p>\n<p>Siemens, 2024 mali y\u0131l\u0131na ba\u015far\u0131l\u0131 bir ba\u015flang\u0131\u00e7 yapt\u0131. Siemens taraf\u0131ndan a\u00e7\u0131klanan verilere g\u00f6re, sipari\u015f al\u0131m\u0131, 2024 y\u0131l\u0131n\u0131n ilk \u00e7eyre\u011finde 22,3 milyar Euro\u2019ya (2023 y\u0131l\u0131n\u0131n ilk \u00e7eyre\u011fi: 22,6 milyar Euro) ula\u015farak kar\u015f\u0131la\u015ft\u0131r\u0131labilir bazda y\u00fczde 2\u2019lik art\u0131\u015f g\u00f6sterdi. Gelir, kar\u015f\u0131la\u015ft\u0131r\u0131labilir bazda y\u00fczde 6 art\u0131\u015fla 18,4 milyar Euro\u2019ya y\u00fckseldi (2023 y\u0131l\u0131n\u0131n ilk \u00e7eyre\u011fi: 18,1 milyar Euro). End\u00fcstriyel \u0130\u015f Kolu k\u00e2r\u0131 2,7 milyar Euro olarak kaydedilirken (2023 y\u0131l\u0131n\u0131n ilk \u00e7eyre\u011fi: 2,7 milyar Euro), End\u00fcstriyel \u0130\u015f Kolu k\u00e2r marj\u0131 y\u00fczde 15,8\u2019e y\u00fckseldi (2023 y\u0131l\u0131n\u0131n ilk \u00e7eyre\u011fi y\u00fczde 15,7) Grup d\u00fczeyinde serbest nakit ak\u0131\u015f\u0131 bir \u00f6nceki y\u0131la g\u00f6re belirgin bir art\u0131\u015fla 1,0 milyar Euro\u2019ya y\u00fckseldi (2023 y\u0131l\u0131n\u0131n ilk \u00e7eyre\u011fi: 0,1 milyar Euro). Net gelir y\u00fczde 56 art\u0131\u015f kaydederek 2,5 milyar Euro oldu (2023 y\u0131l\u0131n\u0131n ilk \u00e7eyre\u011fi: 1,6 milyar Euro). Sanal olarak ger\u00e7ekle\u015ftirilecek Y\u0131ll\u0131k Hissedarlar Toplant\u0131s\u0131nda 2023 mali y\u0131l\u0131 i\u00e7in hisse ba\u015f\u0131na 4,70 Euro temett\u00fc teklifi oylanacak (2022 mali y\u0131l\u0131: 4,25 Euro).<\/p>\n<p>Sonu\u00e7lara ili\u015fkin bir de\u011ferlendirmede bulunan <strong>Siemens Ba\u015fkan\u0131 ve CEO\u2019su Roland Busch<\/strong>, <em>\u201cSiemens bir kez daha g\u00fc\u00e7l\u00fc bir \u00e7eyrek ge\u00e7irdi ve k\u00e2rl\u0131 b\u00fcy\u00fcme yolculu\u011funu s\u00fcrd\u00fcrd\u00fc. Yapay zekay\u0131 daha da eri\u015filebilir k\u0131lmak i\u00e7in Microsoft ve AWS ortakl\u0131klar\u0131m\u0131z\u0131n kapsam\u0131n\u0131 geni\u015flettik. M\u00fc\u015fterilerimiz, dijitalle\u015fme ve s\u00fcrd\u00fcr\u00fclebilirlik d\u00f6n\u00fc\u015f\u00fcmlerinde kendilerini destekleyecek teknoloji ortaklar\u0131 olarak bize eksiksiz g\u00fcven duyuyorlar\u201d <\/em>dedi.<\/p>\n<p><strong>Siemens AG Finans Direkt\u00f6r\u00fc Ralf P. Thomas<\/strong> ise <em>\u201cSerbest nakit ak\u0131\u015f\u0131m\u0131z 1 milyar Euro\u2019nun \u00fczerine \u00e7\u0131karak bir \u00f6nceki y\u0131l\u0131n ayn\u0131 \u00e7eyre\u011fine g\u00f6re net bir art\u0131\u015f g\u00f6sterdi. Uygulama g\u00fcc\u00fcm\u00fcz\u00fc art\u0131rmaya odaklanmaya devam ediyor ve 2024 mali y\u0131l\u0131na ili\u015fkin beklentilerimizi netle\u015ftiriyoruz\u201d<\/em> yorumunda bulundu.<\/p>\n<h3><strong>End\u00fcstriyel \u0130\u015f Kolu K\u00e2r\u0131 \u0130lk \u00c7eyrek Rekoru K\u0131rd\u0131<\/strong><\/h3>\n<p>Siemens, 2024 y\u0131l\u0131n\u0131n ilk \u00e7eyre\u011finde gelirini kar\u015f\u0131la\u015ft\u0131r\u0131labilir bazda, ba\u015fka bir ifadeyle kur ve portf\u00f6y etkilerinden ar\u0131nd\u0131r\u0131lm\u0131\u015f olarak y\u00fczde 6 oran\u0131nda art\u0131rarak 18,4 milyar Euro\u2019ya y\u00fckseltti (2023 y\u0131l\u0131n\u0131n ilk \u00e7eyre\u011fi: 18,1 milyar Euro).<\/p>\n<p>Sipari\u015f al\u0131mlar\u0131n\u0131n toplam\u0131 22,3 milyar Euro\u2019ya (2023 y\u0131l\u0131n\u0131n ilk \u00e7eyre\u011fi: 22,6 milyar Euro) ula\u015farak kar\u015f\u0131la\u015ft\u0131r\u0131labilir bazda bir \u00f6nceki y\u0131la g\u00f6re y\u00fczde 2 art\u0131\u015f g\u00f6sterdi.<\/p>\n<p>Sipari\u015f-sat\u0131\u015f oran\u0131 1,21 gibi g\u00fc\u00e7l\u00fc bir rakama ula\u015ft\u0131.<\/p>\n<p>Bakiye sipari\u015fler ise 113 milyar Euro ile rekor k\u0131rd\u0131. End\u00fcstriyel \u0130\u015f Kolu k\u00e2r\u0131 y\u00fczde 3\u2019l\u00fck art\u0131\u015fla 2,7 milyar Euro olarak ger\u00e7ekle\u015ferek mali y\u0131l baz\u0131nda yeni bir ilk \u00e7eyrek rekoru k\u0131rd\u0131 (2023 y\u0131l\u0131n\u0131n ilk \u00e7eyre\u011fi: 2,7 milyar Euro). End\u00fcstriyel \u0130\u015f Kolu k\u00e2r marj\u0131 y\u00fczde 15,8\u2019e y\u00fckseldi (2023 y\u0131l\u0131n\u0131n ilk \u00e7eyre\u011fi: y\u00fczde 15,7). \u00a0Siemens Energy AG\u2019deki y\u00fczde 8,0\u2019l\u0131k hissenin Siemens Pension-Trust e.V.\u2019ye devredilmesi ve \u00f6zkaynak y\u00f6ntemi muhasebesinin sonland\u0131r\u0131lmas\u0131yla ili\u015fkili olarak <strong>Siemens Enerji Yat\u0131r\u0131mlar\u0131<\/strong> \u00fczerinden elde edilen 0,5 milyar Euroluk kazanc\u0131 da i\u00e7eren g\u00fc\u00e7l\u00fc bir ivmelenmeyle net gelir y\u00fczde 56 artarak 2,5 milyar Euro\u2019ya (2023 y\u0131l\u0131n\u0131n ilk \u00e7eyre\u011fi: 1,6 milyar Euro) ula\u015ft\u0131. Sat\u0131n alma fiyat\u0131 da\u011f\u0131t\u0131m\u0131 muhasebesi \u00f6ncesi hisse ba\u015f\u0131na temel kazan\u00e7, \u00f6nceki y\u0131l\u0131n ayn\u0131 \u00e7eyre\u011fine g\u00f6re y\u00fczde 53 oran\u0131nda y\u00fckselerek 3,19 Euro seviyesine geldi (2023 y\u0131l\u0131n\u0131n ilk \u00e7eyre\u011fi: 2,08 Euro).<\/p>\n<p>Devam eden ve durdurulan faaliyetlerden elde edilen serbest nakit ak\u0131\u015f\u0131, mevsimsel ko\u015fullar g\u00f6z \u00f6n\u00fcnde bulunduruldu\u011funda m\u00fckemmel seviyeye \u00e7\u0131karak bir \u00f6nceki y\u0131la k\u0131yasla kayda de\u011fer iyile\u015fme ile 1,0 milyar Euro\u2019ya ula\u015ft\u0131 (2023 y\u0131l\u0131n\u0131n ilk \u00e7eyre\u011fi: 0,1 milyar Euro). Bu art\u0131\u015f\u0131n temelini, End\u00fcstriyel \u0130\u015fletme kolunda serbest nakit ak\u0131\u015f\u0131nda kaydedilen 1,3 milyar Euro\u2019luk (2023 y\u0131l\u0131n\u0131n ilk \u00e7eyre\u011fi: 0,4 Euro) y\u00fckseli\u015f olu\u015fturdu.<\/p>\n<h3><strong>Ak\u0131ll\u0131 Altyap\u0131 ve Mobilite\u2019de G\u00fc\u00e7l\u00fc Performans<\/strong><\/h3>\n<p><strong>Dijital End\u00fcstriler<\/strong> i\u015f kolunda<strong> 4,6 milyar Euro<\/strong> olarak kaydedilen toplam gelir, kar\u015f\u0131la\u015ft\u0131r\u0131labilir bazda neredeyse sabit kald\u0131. Yaz\u0131l\u0131m sekt\u00f6r\u00fcnde elde y\u00fcksek gelir, <strong>otomasyon sekt\u00f6r\u00fcnde<\/strong> \u00f6zellikle y\u00fcksek marjl\u0131 \u00fcr\u00fcnlerde ger\u00e7ekle\u015fen gelir d\u00fc\u015f\u00fc\u015fleri ile fazlas\u0131yla dengelendi. Sipari\u015fler, piyasa ko\u015fullar\u0131n\u0131n y\u0131ldan y\u0131la zay\u0131flamas\u0131 ve m\u00fc\u015fterilerin stok eritmeye devam etmesi nedeniyle, \u00f6zellikle otomasyon i\u015f kollar\u0131n\u0131n etkisiyle kar\u015f\u0131la\u015ft\u0131r\u0131labilir bazda <strong>y\u00fczde 31<\/strong> oran\u0131nda azalarak <strong>4,0 milyar Euro<\/strong>\u2019ya geriledi.<\/p>\n<p>Ba\u015fta daha d\u00fc\u015f\u00fck kapasite kullan\u0131m\u0131 ve \u00fcr\u00fcn karmas\u0131n\u0131n daha az elveri\u015fli hale gelmesi nedeniyle k\u00e2r y\u00fczde 20 azalarak 895 milyon Euro\u2019ya geriledi. Bu durumun bir sonucu olarak, k\u00e2r marj\u0131 y\u00fczde 19,6 olarak kaydedildi.<\/p>\n<h3><strong>Zorlu Ortama Ra\u011fmen, Ak\u0131ll\u0131 Altyap\u0131 \u0130\u015f Kolunda Sipari\u015f Al\u0131m\u0131<\/strong><\/h3>\n<p>5,8 milyar Euro ile g\u00fc\u00e7l\u00fc bir performans g\u00f6stererek \u00f6nceki y\u0131l\u0131n ayn\u0131 \u00e7eyre\u011fiyle benzer \u015fekilde y\u00fcksek seviyede seyretti. Sipari\u015flerin bir k\u0131sm\u0131n\u0131 yine imzalanan \u00f6nemli s\u00f6zle\u015fmeler olu\u015fturdu. Gelir kar\u015f\u0131la\u015ft\u0131r\u0131labilir bazda y\u00fczde 9 art\u0131\u015fla 4,8 milyar Euro\u2019ya y\u00fckseldi. \u00d6rne\u011fin veri merkezlerine ve elektrik da\u011f\u0131t\u0131m\u0131na y\u00f6nelik artan talebin \u00f6zellikle sat\u0131\u015f d\u00f6ng\u00fcs\u00fcn\u00fcn k\u0131sa oldu\u011fu i\u015fletmelerde makroekonomik olumsuzluklar\u0131n dengelenmesine yard\u0131mc\u0131 olmas\u0131yla birlikte t\u00fcm b\u00f6lgeler gelir art\u0131\u015f\u0131na katk\u0131da bulundu. K\u00e2r y\u00fczde 26 art\u0131\u015fla 885 milyar Euro seviyesine y\u00fckselirken, k\u00e2r marj\u0131 y\u00fczde 18,3 olarak ger\u00e7ekle\u015fti (2023 y\u0131l\u0131n\u0131n ilk \u00e7eyre\u011fi: y\u00fczde 15,3). Ak\u0131ll\u0131 Altyap\u0131 i\u015f kolunda hem k\u00e2r hem de k\u00e2rl\u0131l\u0131k, ge\u00e7mi\u015f portf\u00f6y faaliyetleriyle ilgili bir y\u00fck\u00fcml\u00fcl\u00fc\u011f\u00fcn k\u0131smen kald\u0131r\u0131lmas\u0131ndan kaynaklanan 94 milyon Euro\u2019luk olumlu etki sayesinde \u015fimdiye kadarki en y\u00fcksek seviyeye ula\u015ft\u0131.<\/p>\n<p><strong>Mobilite<\/strong> i\u015f kolunda gelir kar\u015f\u0131la\u015ft\u0131r\u0131labilir bazda y\u00fczde 12 art\u0131\u015fla 2,7 milyar Euro\u2019ya y\u00fckseldi. Sipari\u015f al\u0131m\u0131, b\u00fcy\u00fck sipari\u015f hacmindeki b\u00fcy\u00fcmenin etkisiyle kar\u015f\u0131la\u015ft\u0131r\u0131labilir bazda y\u00fczde 92 artarak 5,6 milyar Euro\u2019ya ula\u015ft\u0131. T\u00fcm birimlerinde \u00e7ift haneli gelir art\u0131\u015f\u0131 elde eden Mobilite i\u015f kolu, \u00f6zellikle demiryolu ara\u00e7lar\u0131 ve demiryolu altyap\u0131s\u0131 birimlerinde bakiye sipari\u015flerin gelire d\u00f6n\u00fc\u015ft\u00fcr\u00fclmesi noktas\u0131nda g\u00fc\u00e7l\u00fc performans sergiledi. K\u00e2r y\u00fczde 29 art\u0131\u015fla 251 milyar Euro seviyesine y\u00fckselirken, k\u00e2r marj\u0131 y\u00fczde 9,3 olarak kaydedildi. Rusya\u2019ya ili\u015fkin baz\u0131 etkilerin devam etmesi, bu orana yakla\u015f\u0131k bir y\u00fczde puanl\u0131k katk\u0131da bulundu.<\/p>\n<h3><strong>Sanal Olarak Ger\u00e7ekle\u015ftirilecek Y\u0131ll\u0131k Hissedarlar Toplant\u0131s\u0131nda Temett\u00fc Teklifi Oylanacak<\/strong><\/h3>\n<p><strong>Siemens AG<\/strong>\u2019nin ola\u011fan <strong>Y\u0131ll\u0131k Hissedarlar Toplant\u0131s\u0131<\/strong>, bug\u00fcn \u015firketin ilk \u00e7eyrek rakamlar\u0131n\u0131n a\u00e7\u0131klanmas\u0131n\u0131n hemen ard\u0131ndan ger\u00e7ekle\u015ftirilecek. Siemens hissedarlar\u0131, Y\u00f6netim ve Denetim Kurullar\u0131n\u0131n 2023 mali y\u0131l\u0131 i\u00e7in hisse ba\u015f\u0131na temett\u00fc hakk\u0131 olarak 4,70 Euro temett\u00fc da\u011f\u0131t\u0131lmas\u0131 \u00f6nerisini oylayacak. 2022 mali y\u0131l\u0131 temett\u00fcs\u00fcnden 0,45 Euro daha y\u00fcksek olan \u00f6nerilen temett\u00fc, Siemens\u2019in kademeli temett\u00fc politikas\u0131n\u0131n bir g\u00f6stergesi olma niteli\u011fi ta\u015f\u0131yor.<\/p>","protected":false},"excerpt":{"rendered":"<p>Sorry, this entry is only available in Turkish. For the sake of viewer convenience, the content is shown below in the alternative language. You may click the link to switch the active language. Siemens, (31 Aral\u0131k 2023 itibar\u0131yla sona eren) ilk \u00e7eyrekte sergiledi\u011fi g\u00fc\u00e7l\u00fc performansla 2024 mali y\u0131l\u0131na ba\u015far\u0131l\u0131 bir ba\u015flang\u0131\u00e7 yapt\u0131. End\u00fcstriyel \u0130\u015f Kolu [&hellip;]<\/p>\n","protected":false},"author":1,"featured_media":184310,"comment_status":"open","ping_status":"open","sticky":false,"template":"","format":"standard","meta":[],"categories":[51,53],"tags":[112426,112427,20721,17945,1053,109403,112428,112429],"views":36,"_links":{"self":[{"href":"https:\/\/www.enerjigazetesi.ist\/en\/wp-json\/wp\/v2\/posts\/184308"}],"collection":[{"href":"https:\/\/www.enerjigazetesi.ist\/en\/wp-json\/wp\/v2\/posts"}],"about":[{"href":"https:\/\/www.enerjigazetesi.ist\/en\/wp-json\/wp\/v2\/types\/post"}],"author":[{"embeddable":true,"href":"https:\/\/www.enerjigazetesi.ist\/en\/wp-json\/wp\/v2\/users\/1"}],"replies":[{"embeddable":true,"href":"https:\/\/www.enerjigazetesi.ist\/en\/wp-json\/wp\/v2\/comments?post=184308"}],"version-history":[{"count":0,"href":"https:\/\/www.enerjigazetesi.ist\/en\/wp-json\/wp\/v2\/posts\/184308\/revisions"}],"wp:featuredmedia":[{"embeddable":true,"href":"https:\/\/www.enerjigazetesi.ist\/en\/wp-json\/wp\/v2\/media\/184310"}],"wp:attachment":[{"href":"https:\/\/www.enerjigazetesi.ist\/en\/wp-json\/wp\/v2\/media?parent=184308"}],"wp:term":[{"taxonomy":"category","embeddable":true,"href":"https:\/\/www.enerjigazetesi.ist\/en\/wp-json\/wp\/v2\/categories?post=184308"},{"taxonomy":"post_tag","embeddable":true,"href":"https:\/\/www.enerjigazetesi.ist\/en\/wp-json\/wp\/v2\/tags?post=184308"}],"curies":[{"name":"wp","href":"https:\/\/api.w.org\/{rel}","templated":true}]}}