{"id":184266,"date":"2024-02-08T14:28:10","date_gmt":"2024-02-08T11:28:10","guid":{"rendered":"https:\/\/www.enerjigazetesi.ist\/?p=184266"},"modified":"2024-02-08T14:28:10","modified_gmt":"2024-02-08T11:28:10","slug":"kucuk-uygulamalarla-ayda-200-tl-ye-kadar-tasarruf-edebilirsiniz","status":"publish","type":"post","link":"https:\/\/www.enerjigazetesi.ist\/en\/kucuk-uygulamalarla-ayda-200-tl-ye-kadar-tasarruf-edebilirsiniz\/","title":{"rendered":"(Turkish) K\u00fc\u00e7\u00fck Uygulamalarla Ayda 200 TL\u2019ye Kadar Tasarruf Edebilirsiniz"},"content":{"rendered":"<p class=\"qtranxs-available-languages-message qtranxs-available-languages-message-en\">Sorry, this entry is only available in <a href=\"https:\/\/www.enerjigazetesi.ist\/tr\/wp-json\/wp\/v2\/posts\/184266\" class=\"qtranxs-available-language-link qtranxs-available-language-link-tr\" title=\"Turkish\">Turkish<\/a>. For the sake of viewer convenience, the content is shown below in the alternative language. You may click the link to switch the active language.<\/p><p><\/p>\n<h2>K\u0131\u015f mevsiminin son ay\u0131na girdik. Do\u011falgaz ve elektrik faturalar\u0131nda k\u0131\u015f so\u011fu\u011fu da uzun s\u00fcredir hissediliyor. Artan so\u011fuklarla birlikte hem do\u011fal gaz\u0131n kullan\u0131m\u0131n\u0131n artmas\u0131 hem de klima ve elektrikli \u0131s\u0131t\u0131c\u0131lar\u0131n daha fazla kullan\u0131lmas\u0131 faturalardaki rakamlar\u0131 artt\u0131r\u0131yor. Kar\u015f\u0131la\u015ft\u0131rma sitesi encazip.com k\u0131\u015f aylar\u0131nda tasarruf etmenin yollar\u0131n\u0131 s\u0131ralad\u0131. Bu \u00f6nerileri uygulayarak faturalar\u0131n\u0131zda ayda 200 TL\u2019ye kadar tasarruf sa\u011flayabilirsiniz. \u0130\u015fte o \u00f6neriler:<\/h2>\n<p><strong>Oda s\u0131cakl\u0131\u011f\u0131n\u0131 koruma y\u00f6ntemleri: <\/strong>\u00d6ncelikle odalar\u0131n i\u00e7erisindeki s\u0131cak havay\u0131 korumaya y\u00f6nelik \u00f6nlemler almak fayda sa\u011flayacakt\u0131r. G\u00fcnd\u00fczleri\u00a0perdelerin a\u00e7\u0131k tutulmas\u0131 ile g\u00fcn \u0131\u015f\u0131ndan yararlan\u0131labilir. Perdelerinizi a\u00e7arak g\u00fcne\u015fin do\u011fu\u015fundan bat\u0131\u015f\u0131na kadar yayd\u0131\u011f\u0131 \u0131s\u0131dan <img loading=\"lazy\" class=\"alignright wp-image-184268\" src=\"https:\/\/www.enerjigazetesi.ist\/wp-content\/uploads\/2024\/02\/kucuk-uygulamalarla-ayda-200-tl-ye-kadar-tasarruf-edebilirsiniz-1.jpg\" alt=\"\" width=\"320\" height=\"237\" srcset=\"https:\/\/www.enerjigazetesi.ist\/wp-content\/uploads\/2024\/02\/kucuk-uygulamalarla-ayda-200-tl-ye-kadar-tasarruf-edebilirsiniz-1.jpg 550w, https:\/\/www.enerjigazetesi.ist\/wp-content\/uploads\/2024\/02\/kucuk-uygulamalarla-ayda-200-tl-ye-kadar-tasarruf-edebilirsiniz-1-300x223.jpg 300w, https:\/\/www.enerjigazetesi.ist\/wp-content\/uploads\/2024\/02\/kucuk-uygulamalarla-ayda-200-tl-ye-kadar-tasarruf-edebilirsiniz-1-500x371.jpg 500w, https:\/\/www.enerjigazetesi.ist\/wp-content\/uploads\/2024\/02\/kucuk-uygulamalarla-ayda-200-tl-ye-kadar-tasarruf-edebilirsiniz-1-67x50.jpg 67w\" sizes=\"(max-width: 320px) 100vw, 320px\" \/>faydalanabilirsiniz.\u00a0Kanepenizi ve sandalyelerinizi radyat\u00f6r\u00fc kapatmayacak \u015fekilde ve aral\u0131k b\u0131rakarak konumland\u0131rabilir bu sayede s\u0131cak havan\u0131n kesilmesini \u00f6nleyebilirsiniz.\u00a0S\u0131cak havay\u0131, odaya geri yans\u0131tarak enerji tasarrufuna yard\u0131mc\u0131 olmak i\u00e7in radyat\u00f6r\u00fcn\u00fcz\u00fcn arkas\u0131na metalize radyat\u00f6r reflekt\u00f6r\u00fc (radyat\u00f6r arkal\u0131\u011f\u0131) koyabilirsiniz. Is\u0131nman\u0131n en etkili yollar\u0131ndan biri kap\u0131 aral\u0131klar\u0131na ve pencerelere yal\u0131t\u0131m band\u0131 \u00e7ekmek. Bu da tasarrufa \u00f6nemli katk\u0131 sa\u011flayan t\u00fcyolardan.<strong>\u00a0<\/strong>Is\u0131tmad\u0131\u011f\u0131n\u0131z odalar\u0131n kap\u0131lar\u0131n\u0131 kapatarak, s\u0131cak havan\u0131n belirlenen alanda kalmas\u0131n\u0131 sa\u011flar ve so\u011fuk havan\u0131n eve yay\u0131lmas\u0131n\u0131 durdurursunuz.<\/p>\n<p><strong>Kullan\u0131m s\u00fcrelerine dikkat: <\/strong>G\u00fcnd\u00fczleri hava daha s\u0131cak olaca\u011f\u0131 i\u00e7in g\u00fcnd\u00fcz kombinin derecesini k\u0131sabilir, ak\u015fam a\u00e7abilirsiniz.\u00a0Is\u0131tmay\u0131 sadece ihtiya\u00e7 oldu\u011funda kullanmak\u00a0tasarruf\u00a0etmenin en iyi yolu. Kullanmad\u0131\u011f\u0131n\u0131z odalar\u0131n \u0131\u015f\u0131klar\u0131n\u0131 her zaman kapal\u0131 tutun. \u00d6zellikle koridor gibi evin k\u0131sa s\u00fcreli\u011fine kullan\u0131lan mekanlar\u0131nda \u0131\u015f\u0131klar a\u00e7\u0131k unutulabiliyor, buna da dikkat etmekte fayda var.<\/p>\n<p><strong>Bak\u0131m ve yal\u0131t\u0131m detaylar\u0131 \u00f6nemli: <\/strong>Kombinizin bak\u0131m\u0131n\u0131 y\u0131lda bir kez, \u00f6zellikle k\u0131\u015f aylar\u0131na girmeden \u00f6nce yapt\u0131rman\u0131zda da yarar var. Enerji tasarrufunda en \u00f6nemli destek\u00e7ilerden biri de yal\u0131t\u0131m. Yal\u0131t\u0131m\u0131 k\u00f6t\u00fc \u00e7at\u0131 ve duvarlar, \u00f6nemli bir enerji israf\u0131na nedeni olabilir. Bu nedenle bina yal\u0131t\u0131m\u0131n\u0131z\u0131n iyi oldu\u011fundan emin olmal\u0131s\u0131n\u0131z. Pencerelerin \u00e7ift cam olmas\u0131 s\u0131cak so\u011fuk hava dengesini sa\u011flar ve uzun vadede tasarrufa katk\u0131 sunar.<\/p>\n<p><strong>Ev aletlerinin kullan\u0131m\u0131:\u00a0<\/strong>K\u00fc\u00e7\u00fck ev aletlerinin kullan\u0131m\u0131na dikkat etmek de tasarruf i\u00e7in \u00f6nemli bir ad\u0131m. K\u00fc\u00e7\u00fck detaylar faturalara \u00f6nemli katk\u0131lar sunabilir. Kullan\u0131lmayan elektrikli aletleri prizden \u00e7\u0131karmak bunlardan bir tanesi. Elektrikli aletler, kapal\u0131 olsalar bile prize tak\u0131l\u0131yken elektrik t\u00fcketmeye devam ederler, bu nedenle buna dikkat etmek \u00f6nemli. Su \u0131s\u0131t\u0131c\u0131s\u0131n\u0131 kullan\u0131rken ihtiyac\u0131n\u0131z kadar su doldurmak s\u00fcreyi k\u0131salt\u0131r. Beklemede kalan \u00e7ay makineleri, tost makineleri, su \u0131s\u0131t\u0131c\u0131lar\u0131 gibi aletleri kapatmakta da yarar var. F\u0131r\u0131nda, \u00f6n \u0131s\u0131tma yap\u0131lmas\u0131 gereken bir yemek pi\u015fecekse zaman ayar\u0131 yap\u0131lmal\u0131. Gereksiz s\u00fcrelerde \u00f6n \u0131s\u0131tma, elektrik israf\u0131na neden olur.<\/p>\n<p><strong>K\u00fc\u00e7\u00fck detaylarla \u00f6nemli tasarruflar:\u00a0<\/strong>Ayd\u0131nlatmadan tasarruf i\u00e7in akkor ampullere g\u00f6re daha uzun \u00f6m\u00fcrl\u00fc oldu\u011fundan floresan veya LED ampul kullanmakta fayda var. Ortalama bir hane, ampullerini <strong>LED&#8217;le de\u011fi\u015ftirirse<\/strong> ayda yakla\u015f\u0131k<strong> 100TL\u2019ye<\/strong> kadar tasarruf sa\u011flayabilir.<\/p>\n<p><strong>Beyaz e\u015fyalar\u0131n kullan\u0131m\u0131:<\/strong>\u00a0Beyaz e\u015fyalarda enerji s\u0131n\u0131f\u0131 y\u00fcksek cihazlar kullanmak tasarruf i\u00e7in olmazsa olmaz noktalardan. Buzdolab\u0131, f\u0131r\u0131n, televizyon, \u00e7ama\u015f\u0131r ve bula\u015f\u0131k makinesi gibi s\u00fcrekli kullan\u0131lan beyaz e\u015fyalardan da kullan\u0131m y\u00f6nteminizi de\u011fi\u015ftirerek\u00a0ufak tasarruflar\u00a0sa\u011flayabilirsiniz. \u00d6rne\u011fin, \u00e7ama\u015f\u0131r ve bula\u015f\u0131k makinesi tam dolu olarak \u00e7al\u0131\u015ft\u0131rmak bunlardan biri. Yar\u0131s\u0131 dolu makineyi, tam performansla \u00e7al\u0131\u015ft\u0131rmak enerji israf\u0131n\u0131 art\u0131r\u0131r. \u00c7ama\u015f\u0131r makinesini k\u0131sa programda kullan\u0131rsan\u0131z \u00e7al\u0131\u015ft\u0131rma ve b\u00f6ylece elektrik harcama s\u00fcresi de k\u0131sal\u0131r.<strong>\u00a0<\/strong>Bula\u015f\u0131k makinesinin kapa\u011f\u0131n\u0131 a\u00e7\u0131k b\u0131rakarak bula\u015f\u0131klar\u0131n kurumas\u0131n\u0131 sa\u011flayabilirsiniz.<\/p>","protected":false},"excerpt":{"rendered":"<p>Sorry, this entry is only available in Turkish. For the sake of viewer convenience, the content is shown below in the alternative language. You may click the link to switch the active language. K\u0131\u015f mevsiminin son ay\u0131na girdik. Do\u011falgaz ve elektrik faturalar\u0131nda k\u0131\u015f so\u011fu\u011fu da uzun s\u00fcredir hissediliyor. Artan so\u011fuklarla birlikte hem do\u011fal gaz\u0131n kullan\u0131m\u0131n\u0131n [&hellip;]<\/p>\n","protected":false},"author":1,"featured_media":184269,"comment_status":"open","ping_status":"open","sticky":false,"template":"","format":"standard","meta":[],"categories":[46,51,53],"tags":[126,112412,103,59667,44527],"views":37,"_links":{"self":[{"href":"https:\/\/www.enerjigazetesi.ist\/en\/wp-json\/wp\/v2\/posts\/184266"}],"collection":[{"href":"https:\/\/www.enerjigazetesi.ist\/en\/wp-json\/wp\/v2\/posts"}],"about":[{"href":"https:\/\/www.enerjigazetesi.ist\/en\/wp-json\/wp\/v2\/types\/post"}],"author":[{"embeddable":true,"href":"https:\/\/www.enerjigazetesi.ist\/en\/wp-json\/wp\/v2\/users\/1"}],"replies":[{"embeddable":true,"href":"https:\/\/www.enerjigazetesi.ist\/en\/wp-json\/wp\/v2\/comments?post=184266"}],"version-history":[{"count":0,"href":"https:\/\/www.enerjigazetesi.ist\/en\/wp-json\/wp\/v2\/posts\/184266\/revisions"}],"wp:featuredmedia":[{"embeddable":true,"href":"https:\/\/www.enerjigazetesi.ist\/en\/wp-json\/wp\/v2\/media\/184269"}],"wp:attachment":[{"href":"https:\/\/www.enerjigazetesi.ist\/en\/wp-json\/wp\/v2\/media?parent=184266"}],"wp:term":[{"taxonomy":"category","embeddable":true,"href":"https:\/\/www.enerjigazetesi.ist\/en\/wp-json\/wp\/v2\/categories?post=184266"},{"taxonomy":"post_tag","embeddable":true,"href":"https:\/\/www.enerjigazetesi.ist\/en\/wp-json\/wp\/v2\/tags?post=184266"}],"curies":[{"name":"wp","href":"https:\/\/api.w.org\/{rel}","templated":true}]}}