{"id":18412,"date":"2013-11-28T18:50:50","date_gmt":"2013-11-28T15:50:50","guid":{"rendered":"https:\/\/www.enerjigazetesi.ist\/?p=18412"},"modified":"2013-11-28T18:50:50","modified_gmt":"2013-11-28T15:50:50","slug":"epdkdan-yenilenebilir-enerjide-esas-alinacak-kapasite-faktorleri","status":"publish","type":"post","link":"https:\/\/www.enerjigazetesi.ist\/en\/epdkdan-yenilenebilir-enerjide-esas-alinacak-kapasite-faktorleri\/","title":{"rendered":"(Turkish) EPDK&#8217;dan Yenilenebilir Enerjide Esas Al\u0131nacak Kapasite Fakt\u00f6rleri&#8230;"},"content":{"rendered":"<p class=\"qtranxs-available-languages-message qtranxs-available-languages-message-en\">Sorry, this entry is only available in <a href=\"https:\/\/www.enerjigazetesi.ist\/tr\/wp-json\/wp\/v2\/posts\/18412\" class=\"qtranxs-available-language-link qtranxs-available-language-link-tr\" title=\"Turkish\">Turkish<\/a>. For the sake of viewer convenience, the content is shown below in the alternative language. You may click the link to switch the active language.<\/p><p><strong>Enerji Piyasas\u0131 D\u00fczenleme Kurulunun 21\/11\/2013 tarihli kurul toplant\u0131s\u0131nda al\u0131nan \u00f6nlisans ve lisans mevzuat\u0131 ile ilgili \u00a0kararlar resmi gazetede <a href=\"https:\/\/www.enerjigazetesi.ist\/wp-content\/uploads\/2013\/11\/yenilenebilir-enerji-ruzgar-gunes-kapasite-faktoru.jpg\"><img loading=\"lazy\" class=\"alignleft size-medium wp-image-18413\" title=\"yenilenebilir-enerji-ruzgar-gunes-kapasite-faktoru\" src=\"https:\/\/www.enerjigazetesi.ist\/wp-content\/uploads\/2013\/11\/yenilenebilir-enerji-ruzgar-gunes-kapasite-faktoru-300x210.jpg\" alt=\"\" width=\"300\" height=\"210\" srcset=\"https:\/\/www.enerjigazetesi.ist\/wp-content\/uploads\/2013\/11\/yenilenebilir-enerji-ruzgar-gunes-kapasite-faktoru-300x210.jpg 300w, https:\/\/www.enerjigazetesi.ist\/wp-content\/uploads\/2013\/11\/yenilenebilir-enerji-ruzgar-gunes-kapasite-faktoru-71x50.jpg 71w, https:\/\/www.enerjigazetesi.ist\/wp-content\/uploads\/2013\/11\/yenilenebilir-enerji-ruzgar-gunes-kapasite-faktoru.jpg 463w\" sizes=\"(max-width: 300px) 100vw, 300px\" \/><\/a>yay\u0131mlanarak y\u00fcr\u00fcrl\u00fc\u011fe girdi. Buna g\u00f6re; yenilenebilir enerji kaynaklar\u0131ndan elektrik enerjisi \u00fcreten tesislerin \u00f6nlisans ve \u00fcretim lisanslar\u0131na der\u00e7 edilecek y\u0131ll\u0131k elektrik enerjisi \u00fcretim miktarlar\u0131n\u0131n tespitinde esas al\u0131nacak y\u0131ll\u0131k azami \u00fcretim miktarlar\u0131 belirlendi.<\/strong><\/p>\n<p>Hidrolik kaynaklarda, DS\u0130 taraf\u0131ndan bildirilen de\u011ferler kabul edilecek, ancak fiili durumun bu de\u011ferden fazla ger\u00e7ekle\u015fmesi durumunda ger\u00e7ekle\u015fen miktar veya \u00f6l\u00e7\u00fcm fizibilite sonu\u00e7lar\u0131n\u0131n akredite bir kurulu\u015f taraf\u0131ndan belgelendirilmesi kayd\u0131yla kapasite fakt\u00f6r\u00fcne kar\u015f\u0131l\u0131k gelen \u00fcretim miktar\u0131 kabul edilecek.<\/p>\n<p>Di\u011fer yenilenebilir enerji kaynaklar\u0131nda, a\u015fa\u011f\u0131daki tabloda verilern kapasite fakt\u00f6r\u00fcne kar\u015f\u0131l\u0131k gelen \u00fcretim miktar\u0131 kabul edilecek. Fiili durum bu de\u011ferden fazla ger\u00e7ekle\u015firse \u00f6l\u00e7\u00fcm veya fizibilite sonu\u00e7lar\u0131n\u0131n akredite bir kurulu\u015f taraf\u0131ndan belgelendirilmesi kayd\u0131yla \u00f6l\u00e7\u00fcm veya fizilibilite sonucu \u00fcretim miktar\u0131 olarak al\u0131nacak.<\/p>\n<p><a href=\"http:\/\/enerjienstitusu.com\/medya\/yenilenebilir-enerji-kapasite-faktoru-saat-epdk.jpg\"><img loading=\"lazy\" src=\"http:\/\/enerjienstitusu.com\/medya\/yenilenebilir-enerji-kapasite-faktoru-saat-epdk.jpg\" alt=\"yenilenebilir enerji kapasite faktoru saat epdk\" width=\"471\" height=\"141\" \/><\/a><\/p>\n<p>Kaynak: <a href=\"http:\/\/enerjienstitusu.com\/2013\/11\/28\/yenilenebilir-enerji-ruzgar-gunes-kapasite-faktoru\/\" target=\"_blank\">Enerji Enstit\u00fcs\u00fc<\/a><\/p>","protected":false},"excerpt":{"rendered":"<p>Sorry, this entry is only available in Turkish. For the sake of viewer convenience, the content is shown below in the alternative language. You may click the link to switch the active language.Enerji Piyasas\u0131 D\u00fczenleme Kurulunun 21\/11\/2013 tarihli kurul toplant\u0131s\u0131nda al\u0131nan \u00f6nlisans ve lisans mevzuat\u0131 ile ilgili \u00a0kararlar resmi gazetede yay\u0131mlanarak y\u00fcr\u00fcrl\u00fc\u011fe girdi. Buna g\u00f6re; [&hellip;]<\/p>\n","protected":false},"author":1,"featured_media":18413,"comment_status":"open","ping_status":"open","sticky":false,"template":"","format":"standard","meta":[],"categories":[53],"tags":[5070,63,67,1009,10759,165,750,10761,10760,508],"views":752,"_links":{"self":[{"href":"https:\/\/www.enerjigazetesi.ist\/en\/wp-json\/wp\/v2\/posts\/18412"}],"collection":[{"href":"https:\/\/www.enerjigazetesi.ist\/en\/wp-json\/wp\/v2\/posts"}],"about":[{"href":"https:\/\/www.enerjigazetesi.ist\/en\/wp-json\/wp\/v2\/types\/post"}],"author":[{"embeddable":true,"href":"https:\/\/www.enerjigazetesi.ist\/en\/wp-json\/wp\/v2\/users\/1"}],"replies":[{"embeddable":true,"href":"https:\/\/www.enerjigazetesi.ist\/en\/wp-json\/wp\/v2\/comments?post=18412"}],"version-history":[{"count":1,"href":"https:\/\/www.enerjigazetesi.ist\/en\/wp-json\/wp\/v2\/posts\/18412\/revisions"}],"predecessor-version":[{"id":18414,"href":"https:\/\/www.enerjigazetesi.ist\/en\/wp-json\/wp\/v2\/posts\/18412\/revisions\/18414"}],"wp:featuredmedia":[{"embeddable":true,"href":"https:\/\/www.enerjigazetesi.ist\/en\/wp-json\/wp\/v2\/media\/18413"}],"wp:attachment":[{"href":"https:\/\/www.enerjigazetesi.ist\/en\/wp-json\/wp\/v2\/media?parent=18412"}],"wp:term":[{"taxonomy":"category","embeddable":true,"href":"https:\/\/www.enerjigazetesi.ist\/en\/wp-json\/wp\/v2\/categories?post=18412"},{"taxonomy":"post_tag","embeddable":true,"href":"https:\/\/www.enerjigazetesi.ist\/en\/wp-json\/wp\/v2\/tags?post=18412"}],"curies":[{"name":"wp","href":"https:\/\/api.w.org\/{rel}","templated":true}]}}