{"id":184058,"date":"2024-02-02T16:46:25","date_gmt":"2024-02-02T13:46:25","guid":{"rendered":"https:\/\/www.enerjigazetesi.ist\/?p=184058"},"modified":"2024-02-02T16:48:03","modified_gmt":"2024-02-02T13:48:03","slug":"turkiye-2023-yilinda-rekor-sayida-asiri-hava-olayina-taniklik-etti","status":"publish","type":"post","link":"https:\/\/www.enerjigazetesi.ist\/en\/turkiye-2023-yilinda-rekor-sayida-asiri-hava-olayina-taniklik-etti\/","title":{"rendered":"(Turkish) T\u00fcrkiye 2023 Y\u0131l\u0131nda Rekor Say\u0131da A\u015f\u0131r\u0131 Hava Olay\u0131na Tan\u0131kl\u0131k Etti"},"content":{"rendered":"<p class=\"qtranxs-available-languages-message qtranxs-available-languages-message-en\">Sorry, this entry is only available in <a href=\"https:\/\/www.enerjigazetesi.ist\/tr\/wp-json\/wp\/v2\/posts\/184058\" class=\"qtranxs-available-language-link qtranxs-available-language-link-tr\" title=\"Turkish\">Turkish<\/a>. For the sake of viewer convenience, the content is shown below in the alternative language. You may click the link to switch the active language.<\/p><p><\/p>\n<h2>T\u00fcrkiye\u2019de ya\u015fanan a\u015f\u0131r\u0131 hava olaylar\u0131n\u0131n say\u0131s\u0131 2023 y\u0131l\u0131nda 1475\u2019e \u00e7\u0131karak yeni bir rekor k\u0131rd\u0131. Bir \u00f6nceki y\u0131l T\u00fcrkiye\u2019de g\u00f6r\u00fclen a\u015f\u0131r\u0131 hava olaylar\u0131n\u0131n say\u0131s\u0131 1030\u2019du. T\u00fcrkiye\u2019de a\u015f\u0131r\u0131 hava olaylar\u0131n\u0131n say\u0131s\u0131 son alt\u0131 y\u0131ld\u0131r s\u00fcrekli art\u0131yor.<\/h2>\n<p>\u0130klim krizinin en belirgin g\u00f6stergelerinden biri kabul edilen a\u015f\u0131r\u0131 hava olaylar\u0131n\u0131n say\u0131s\u0131 ve \u015fiddeti artmaya devam ediyor. 2023 y\u0131l\u0131, kayda ge\u00e7en <strong>1475<\/strong> a\u015f\u0131r\u0131 hava olay\u0131yla T\u00fcrkiye\u2019de t\u00fcm zamanlar\u0131n en \u00e7ok a\u015f\u0131r\u0131 hava olay\u0131 g\u00f6r\u00fclen y\u0131l\u0131 oldu. Bu say\u0131 bir \u00f6nceki y\u0131l <strong>1030<\/strong>, 2021\u2019de ise<strong> 1024\u2019<\/strong>t\u00fc. T\u00fcrkiye\u2019de a\u015f\u0131r\u0131 hava olaylar\u0131n\u0131n say\u0131s\u0131 <strong>son alt\u0131 y\u0131ld\u0131r<\/strong> s\u00fcrekli art\u0131yor. Ge\u00e7en y\u0131l ise sadece say\u0131 rekoru k\u0131r\u0131lmad\u0131, bir y\u0131l \u00f6ncesine g\u00f6re <strong>y\u00fczde 45\u2019i<\/strong> bulan art\u0131\u015f oran\u0131yla <strong>b\u00fcy\u00fck bir s\u0131\u00e7rama da<\/strong> ya\u015fand\u0131.<\/p>\n<p style=\"text-align: center;\"><img loading=\"lazy\" class=\"aligncenter wp-image-184060\" src=\"https:\/\/www.enerjigazetesi.ist\/wp-content\/uploads\/2024\/02\/turkiye-2023-yilinda-rekor-sayida-asiri-hava-olayina-taniklik-etti.jpg\" alt=\"\" width=\"500\" height=\"361\" srcset=\"https:\/\/www.enerjigazetesi.ist\/wp-content\/uploads\/2024\/02\/turkiye-2023-yilinda-rekor-sayida-asiri-hava-olayina-taniklik-etti.jpg 550w, https:\/\/www.enerjigazetesi.ist\/wp-content\/uploads\/2024\/02\/turkiye-2023-yilinda-rekor-sayida-asiri-hava-olayina-taniklik-etti-300x217.jpg 300w, https:\/\/www.enerjigazetesi.ist\/wp-content\/uploads\/2024\/02\/turkiye-2023-yilinda-rekor-sayida-asiri-hava-olayina-taniklik-etti-500x361.jpg 500w, https:\/\/www.enerjigazetesi.ist\/wp-content\/uploads\/2024\/02\/turkiye-2023-yilinda-rekor-sayida-asiri-hava-olayina-taniklik-etti-69x50.jpg 69w\" sizes=\"(max-width: 500px) 100vw, 500px\" \/><\/p>\n<p>Meteoroloji Genel M\u00fcd\u00fcrl\u00fc\u011f\u00fc\u2019n\u00fcn verilerine g\u00f6re <strong>2023 y\u0131l\u0131nda<\/strong> a\u015f\u0131r\u0131 hava olaylar\u0131n\u0131n<strong> y\u00fczde 38<\/strong>\u2019ini <strong>\u015fiddetli ya\u011f\u0131\u015f<\/strong> ve<strong> seller<\/strong> olu\u015fturdu. \u015eiddetli ya\u011f\u0131\u015f ve selleri f\u0131rt\u0131na (y\u00fczde 23) ve dolu (y\u00fczde 16) olaylar\u0131 izledi. <strong>Ekosfer Derne\u011fi Kampanyalar Direkt\u00f6r\u00fc \u00d6zg\u00fcr G\u00fcrb\u00fcz<\/strong>, <em>\u201c\u0130klim krizinin etkilerini her y\u0131l en net bir \u015fekilde a\u015f\u0131r\u0131 hava olaylar\u0131 ile g\u00f6r\u00fcyoruz. 2023\u2019e Ad\u0131yaman ve \u015eanl\u0131urfa\u2019da meydana gelen sel felaketleri, \u00c7anakkale\u2019de kenti tehdit eden orman yang\u0131n\u0131 ve bir\u00e7ok b\u00f6lgeyi etkileyen s\u0131cak hava dalgalar\u0131 ile kurakl\u0131klar damgas\u0131n\u0131 vurdu. A\u015f\u0131r\u0131 hava olay\u0131 say\u0131s\u0131ndaki <strong>ciddi y\u00fckseli\u015f<\/strong> de bize <strong>iklim krizinin \u015fiddetini art\u0131rd\u0131\u011f\u0131n\u0131<\/strong> g\u00f6steriyor\u201d<\/em> diyor.<\/p>\n<p>\u015eiddeti ve s\u0131kl\u0131\u011f\u0131 artan a\u015f\u0131r\u0131 hava olaylar\u0131n\u0131n iklim krizine kar\u015f\u0131 haz\u0131rl\u0131k yapmam\u0131\u015f kentlerde daha b\u00fcy\u00fck sorunlara yol a\u00e7t\u0131\u011f\u0131n\u0131 belirten G\u00fcrb\u00fcz, <em>\u201cKentlerle ilgili planlar\u0131 yaparken iklim krizinin de\u011fi\u015ftirdi\u011fi meteorolojik ko\u015fullar\u0131 dikkate almal\u0131 ve ona g\u00f6re plan yapmal\u0131y\u0131z. Ne iklim krizinin arkas\u0131na s\u0131\u011f\u0131narak altyap\u0131 eksikliklerini gizlemeye \u00e7al\u0131\u015fmak do\u011fru, ne de sadece altyap\u0131y\u0131 sorumlu tutmak. Betona bo\u011fdu\u011fumuz kentleri yeniden planlamak zorunday\u0131z. Bir yandan <strong>fosil yak\u0131tlardan<\/strong> (petrol, k\u00f6m\u00fcr ve gaz) vazge\u00e7erek <strong>iklim krizini durdurmal\u0131<\/strong> bir yandan da <strong>mevcut de\u011fi\u015fikliklere ayak uyduracak diren\u00e7li yerle\u015fim yerleri<\/strong> in\u015fa etmeliyiz\u201d<\/em> a\u00e7\u0131klamas\u0131n\u0131 yap\u0131yor.<\/p>","protected":false},"excerpt":{"rendered":"<p>Sorry, this entry is only available in Turkish. For the sake of viewer convenience, the content is shown below in the alternative language. You may click the link to switch the active language. T\u00fcrkiye\u2019de ya\u015fanan a\u015f\u0131r\u0131 hava olaylar\u0131n\u0131n say\u0131s\u0131 2023 y\u0131l\u0131nda 1475\u2019e \u00e7\u0131karak yeni bir rekor k\u0131rd\u0131. Bir \u00f6nceki y\u0131l T\u00fcrkiye\u2019de g\u00f6r\u00fclen a\u015f\u0131r\u0131 hava olaylar\u0131n\u0131n [&hellip;]<\/p>\n","protected":false},"author":1,"featured_media":184061,"comment_status":"open","ping_status":"open","sticky":false,"template":"","format":"standard","meta":[],"categories":[53],"tags":[46027,87047,1999,53412,112331,846],"views":27,"_links":{"self":[{"href":"https:\/\/www.enerjigazetesi.ist\/en\/wp-json\/wp\/v2\/posts\/184058"}],"collection":[{"href":"https:\/\/www.enerjigazetesi.ist\/en\/wp-json\/wp\/v2\/posts"}],"about":[{"href":"https:\/\/www.enerjigazetesi.ist\/en\/wp-json\/wp\/v2\/types\/post"}],"author":[{"embeddable":true,"href":"https:\/\/www.enerjigazetesi.ist\/en\/wp-json\/wp\/v2\/users\/1"}],"replies":[{"embeddable":true,"href":"https:\/\/www.enerjigazetesi.ist\/en\/wp-json\/wp\/v2\/comments?post=184058"}],"version-history":[{"count":0,"href":"https:\/\/www.enerjigazetesi.ist\/en\/wp-json\/wp\/v2\/posts\/184058\/revisions"}],"wp:featuredmedia":[{"embeddable":true,"href":"https:\/\/www.enerjigazetesi.ist\/en\/wp-json\/wp\/v2\/media\/184061"}],"wp:attachment":[{"href":"https:\/\/www.enerjigazetesi.ist\/en\/wp-json\/wp\/v2\/media?parent=184058"}],"wp:term":[{"taxonomy":"category","embeddable":true,"href":"https:\/\/www.enerjigazetesi.ist\/en\/wp-json\/wp\/v2\/categories?post=184058"},{"taxonomy":"post_tag","embeddable":true,"href":"https:\/\/www.enerjigazetesi.ist\/en\/wp-json\/wp\/v2\/tags?post=184058"}],"curies":[{"name":"wp","href":"https:\/\/api.w.org\/{rel}","templated":true}]}}