{"id":184012,"date":"2024-02-01T17:49:51","date_gmt":"2024-02-01T14:49:51","guid":{"rendered":"https:\/\/www.enerjigazetesi.ist\/?p=184012"},"modified":"2024-02-01T18:00:31","modified_gmt":"2024-02-01T15:00:31","slug":"deprem-bolgesinde-toplumsal-iyilesme-icin-buyuk-bir-dayanisma-agi-olusturuldu","status":"publish","type":"post","link":"https:\/\/www.enerjigazetesi.ist\/en\/deprem-bolgesinde-toplumsal-iyilesme-icin-buyuk-bir-dayanisma-agi-olusturuldu\/","title":{"rendered":"(Turkish) Deprem B\u00f6lgesinde Toplumsal \u0130yile\u015fme \u0130\u00e7in B\u00fcy\u00fck Bir Dayan\u0131\u015fma A\u011f\u0131&#8230;"},"content":{"rendered":"<p class=\"qtranxs-available-languages-message qtranxs-available-languages-message-en\">Sorry, this entry is only available in <a href=\"https:\/\/www.enerjigazetesi.ist\/tr\/wp-json\/wp\/v2\/posts\/184012\" class=\"qtranxs-available-language-link qtranxs-available-language-link-tr\" title=\"Turkish\">Turkish<\/a>. For the sake of viewer convenience, the content is shown below in the alternative language. You may click the link to switch the active language.<\/p><p><\/p>\n<h2><strong>Kahramanmara\u015f merkezli depremlerin ilk g\u00fcn\u00fcnden itibaren insan ve sosyal fayda odakl\u0131 \u00e7al\u0131\u015fmalarla sahada olan Kale Grubu, \u2018s\u00fcrd\u00fcr\u00fclebilir yard\u0131m\u2019 stratejisi do\u011frultusunda ba\u015flatt\u0131\u011f\u0131 Topluluk Destek Program\u0131 kapsam\u0131nda, bir y\u0131ld\u0131r sosyal giri\u015fimcilerle s\u00fcrd\u00fcr\u00fclen \u00e7al\u0131\u015fmalarla kad\u0131n, \u00e7ocuk ve engelli bireylerin hayatlar\u0131na dokundu.<\/strong><\/h2>\n<p><strong>Kale Grubu, \u0130brahim Bodur Sosyal Giri\u015fimcilik Program\u0131<\/strong> kapsam\u0131nda desteklenen sosyal giri\u015fimlerin, deprem b\u00f6lgesine y\u00f6nelik projelerini hayata ge\u00e7irmeleri i\u00e7in ge\u00e7en y\u0131l ba\u015flat\u0131lan <strong>Topluluk <img loading=\"lazy\" class=\"alignright wp-image-184014\" src=\"https:\/\/www.enerjigazetesi.ist\/wp-content\/uploads\/2024\/02\/deprem-bolgesinde-toplumsal-iyilesme-icin-buyuk-bir-dayanisma-agi-olusturuldu-1.jpg\" alt=\"\" width=\"320\" height=\"283\" srcset=\"https:\/\/www.enerjigazetesi.ist\/wp-content\/uploads\/2024\/02\/deprem-bolgesinde-toplumsal-iyilesme-icin-buyuk-bir-dayanisma-agi-olusturuldu-1.jpg 542w, https:\/\/www.enerjigazetesi.ist\/wp-content\/uploads\/2024\/02\/deprem-bolgesinde-toplumsal-iyilesme-icin-buyuk-bir-dayanisma-agi-olusturuldu-1-300x266.jpg 300w, https:\/\/www.enerjigazetesi.ist\/wp-content\/uploads\/2024\/02\/deprem-bolgesinde-toplumsal-iyilesme-icin-buyuk-bir-dayanisma-agi-olusturuldu-1-452x400.jpg 452w, https:\/\/www.enerjigazetesi.ist\/wp-content\/uploads\/2024\/02\/deprem-bolgesinde-toplumsal-iyilesme-icin-buyuk-bir-dayanisma-agi-olusturuldu-1-56x50.jpg 56w, https:\/\/www.enerjigazetesi.ist\/wp-content\/uploads\/2024\/02\/deprem-bolgesinde-toplumsal-iyilesme-icin-buyuk-bir-dayanisma-agi-olusturuldu-1-500x443.jpg 500w\" sizes=\"(max-width: 320px) 100vw, 320px\" \/>Destek Program\u0131<\/strong> ile <strong>7<\/strong> projeye toplam<strong> 2 milyon TL de\u011ferinde maddi destek<\/strong> sa\u011flad\u0131. Grup, bu kapsamda bir y\u0131ld\u0131r sosyal giri\u015fimcilerle s\u00fcrd\u00fcr\u00fclen \u00e7al\u0131\u015fmalarla kad\u0131n, \u00e7ocuk ve engelli bireyin hayat\u0131na dokunarak anlaml\u0131 bir fark yaratt\u0131.<\/p>\n<p>Kale Grubu, depremzedelerin ihtiya\u00e7lar\u0131n\u0131 kar\u015f\u0131larken toplumun dayan\u0131\u015fma ruhunu canl\u0131 tutmak ve b\u00f6lgenin ve insanlar\u0131n iyile\u015fme s\u00fcrecine katk\u0131da bulunmak amac\u0131yla <strong>Anlatan Eller, Eri\u015filebilir Her \u015eey, Tospaa, BlindLook, Roof Coliving, Microfon, This is Mana ve Joon\u2019un<\/strong> aralar\u0131nda bulundu\u011fu sosyal giri\u015fimcilerle b\u00fcy\u00fck bir <strong>dayan\u0131\u015fma a\u011f\u0131<\/strong> olu\u015fturarak insan ve mekan odakl\u0131 projelerin hayata ge\u00e7irilmesi i\u00e7in destek verdi. Afet b\u00f6lgesi sahas\u0131n\u0131n s\u00fcrekli de\u011fi\u015fen yap\u0131s\u0131nda <strong>Topluluk Destek Program\u0131<\/strong> alt\u0131nda desteklenen sosyal giri\u015fimler, \u00e7evik ve i\u015f birli\u011fine a\u00e7\u0131k yap\u0131lar\u0131, sorun \u00e7\u00f6zme kapasiteleriyle toplumsal fayda yaratmada \u00f6nemli bir rol oynad\u0131.<\/p>\n<h3><strong>S\u00fcrd\u00fcr\u00fclebilir Yard\u0131m Stratejisi Olu\u015fturuldu<\/strong><\/h3>\n<p><strong>Kale Grubu Ba\u015fkan\u0131 ve CEO\u2019su Zeynep Bodur Okyay<\/strong>, Kahramanmara\u015f merkezli depremlerin ard\u0131ndan ge\u00e7en ilk y\u0131lda ger\u00e7ekle\u015ftirilen \u00e7al\u0131\u015fmalara ili\u015fkin \u015fu de\u011ferlendirmeyi yapt\u0131: <em>\u201cKale Grubu olarak depremi \u00f6\u011frendi\u011fimiz ilk andan itibaren t\u00fcm imkanlar\u0131m\u0131zla sahadaki yerimizi ald\u0131k. \u0130lk etapta akut ihtiya\u00e7lar\u0131n kar\u015f\u0131lanmas\u0131 \u00f6nemliydi; Dr. (h.c.) \u0130brahim Bodur Kaleseramik E\u011fitim, Sa\u011fl\u0131k ve Sosyal Yard\u0131m Vakf\u0131m\u0131z\u0131n (KSV) liderli\u011finde t\u00fcm ekosistemimizle \u00fczerimize d\u00fc\u015feni yerine getirmeye \u00e7al\u0131\u015ft\u0131k. Acil ihtiya\u00e7lar kar\u015f\u0131lan\u0131p da tablo daha net olarak ortaya \u00e7\u0131kt\u0131\u011f\u0131nda; deprem b\u00f6lgesindeki ya\u015fam\u0131n yeniden canlanmas\u0131, insanlar\u0131n hayata kald\u0131\u011f\u0131 yerden devam edebilmesi i\u00e7in insanlar\u0131n hayat\u0131na dokunacak \u00e7al\u0131\u015fmalar yapmak gerekti\u011fini g\u00f6rd\u00fck. Kapsaml\u0131 ara\u015ft\u0131rmalar sonucunda \u2018S\u00fcrd\u00fcr\u00fclebilir yard\u0131m\u2019 stratejimizi olu\u015fturduk. 7 y\u0131ld\u0131r s\u00fcrd\u00fcrd\u00fc\u011f\u00fcm\u00fcz \u0130brahim Bodur Sosyal Giri\u015fimcilik Program\u0131, bize k\u0131ymetli bir altyap\u0131 sundu. Bu \u00e7at\u0131 alt\u0131ndaki <strong>sosyal giri\u015fimcilere<\/strong> y\u00f6nelik <strong>Topluluk Destek Program\u0131\u2019n\u0131<\/strong> ba\u015flatt\u0131k. Sosyal giri\u015fimci dostlar\u0131m\u0131z\u0131n benzersiz bak\u0131\u015f a\u00e7\u0131s\u0131 ve emekleri sayesinde \u00e7ok g\u00fczel \u00e7al\u0131\u015fmalara imza at\u0131ld\u0131. En \u00f6nemlisi de umut ve dayan\u0131\u015fma ruhunun canl\u0131 tutulmas\u0131 sa\u011fland\u0131. Daha iyi bir yar\u0131n\u0131n elimizde oldu\u011funa g\u00f6n\u00fclden inand\u0131k\u2026 Bu depremin izleri \u00f6yle birka\u00e7 ayda, birka\u00e7 y\u0131lda silinebilecek cinsten de\u011fil! Uzun bir yolumuz oldu\u011funu biliyoruz. Toplumsal Destek Program\u0131 bunun ilk ad\u0131m\u0131. Kale Grubu olarak b\u00f6lgede hayat\u0131 canl\u0131 tutacak, insanlar\u0131 hayata ba\u011flayacak projeler geli\u015ftirmeye, umudun pe\u015finde olmaya devam edece\u011fiz.\u201d<\/em><\/p>\n<h3><strong>Afet B\u00f6lgesindeki \u00c7al\u0131\u015fmalar Rapor Haline Geldi<\/strong><\/h3>\n<p>Bu b\u00fcy\u00fck felaketin yaratt\u0131\u011f\u0131 acil durumda, KSV\u2019nin koordinasyonunda bir araya gelen Kale Grubu \u015firketleri, Kale G\u00f6n\u00fcll\u00fcleri, payda\u015flar ve sosyal giri\u015fimcilerin \u00e7al\u0131\u015fma ve \u00e7abalar\u0131n\u0131 detayl\u0131 bir \u015fekilde derleyen <strong>Afet Sonras\u0131 \u00c7al\u0131\u015fmalar Raporu<\/strong> haz\u0131rland\u0131. Kale G\u00f6n\u00fcll\u00fcleri, sosyal giri\u015fimciler ve \u00e7e\u015fitli payda\u015flar\u0131n afet b\u00f6lgesindeki g\u00f6zlemlerine de yer verilen rapora ula\u015fmak i\u00e7in <a href=\"https:\/\/www.ksvvakfi.org.tr\/unutmadikcaumutlaniyoruz\/#p=1\" target=\"_blank\" rel=\"noopener\"><strong>T\u0131klay\u0131n&gt;&gt;<\/strong><\/a><\/p>\n<h3><strong>8. \u0130brahim Bodur Sosyal Giri\u015fimcilik Program\u0131 Ba\u015fvurular\u0131 Ba\u015flad\u0131<\/strong><\/h3>\n<p>Kale Grubu\u2019nun 2017 y\u0131l\u0131ndan bu yana d\u00fczenledi\u011fi <strong>\u0130brahim Bodur Sosyal Giri\u015fimcilik Program\u0131<\/strong> i\u00e7in bu y\u0131lki ba\u015fvurular <strong>1 \u015eubat<\/strong> tarihinde ba\u015flad\u0131. Toplumsal ya da \u00e7evresel problemlere bir \u00e7\u00f6z\u00fcm getiren ve bunu sosyal giri\u015fime d\u00f6n\u00fc\u015ft\u00fcrenlerin kat\u0131labildi\u011fi yar\u0131\u015fmada ba\u015fvuru s\u00fcreci, <strong>17 Mart\u2019a<\/strong> kadar devam edecek. <strong>Erken A\u015fama, \u0130leri A\u015fama, \u0130\u015f Birli\u011fi ve Gen\u00e7lik Kategorileri<\/strong> kapsam\u0131nda yap\u0131lacak ba\u015fvurular, <strong>ibrahimbodurodulleri.com<\/strong> internet sitesi \u00fczerinden kabul edilecek.<\/p>\n<h3><strong>SOSYAL G\u0130R\u0130\u015e\u0130MLER VE DEPREM B\u00d6LGES\u0130NDEK\u0130 \u00c7ALI\u015eMALARI<\/strong><\/h3>\n<h4><strong>ER\u0130\u015e\u0130LEB\u0130L\u0130R HER \u015eEY<\/strong><\/h4>\n<p>\u2018Sen De Anlat Sen De \u00d6\u011fren, Ba\u011f\u0131ms\u0131zl\u0131kla G\u00fc\u00e7len\u2019 projesiyle deprem sonras\u0131 engelli olan bireylere y\u00f6nelik travman\u0131n hafifletilmesi i\u00e7in psikososyal destek ve afet sonras\u0131 ya\u015fama adaptasyon s\u00fcre\u00e7lerini kolayla\u015ft\u0131rmay\u0131 ama\u00e7l\u0131yor. Engelli Kad\u0131n Derne\u011fi dan\u0131\u015fmanl\u0131\u011f\u0131nda ger\u00e7ekle\u015ftirilen \u2018Ba\u011f\u0131ms\u0131z Ya\u015fam\u2019 e\u011fitimleri ile afet sonras\u0131 ya\u015fama adaptasyonunun sa\u011flanmas\u0131na y\u00f6nelik \u00e7al\u0131\u015fmalarla k\u0131sa vadede \u2018Ba\u011f\u0131ms\u0131z Ya\u015fam \u0130stasyonlar\u0131\u2019n\u0131n kurulmas\u0131, b\u00f6lgedeki ihtiya\u00e7lar\u0131n giderilmesi; orta ve uzun vadede ise \u2018Ba\u011f\u0131ms\u0131z Ya\u015fam Hatt\u0131\u2019 kurularak uygulamalar\u0131n yap\u0131ld\u0131\u011f\u0131 alanlardaki ve farkl\u0131 illerdeki bireylerin ortak bir kom\u00fcniteye ait olma ve kendi \u00e7\u00f6z\u00fcmlerini yine topluluk deste\u011fi ile olu\u015fturabileceklerinin hissinin g\u00fc\u00e7lendirilmesini hedefliyor.<\/p>\n<h4><strong>ANLATAN ELLER<\/strong><\/h4>\n<p>Anlatan Eller Dijital Okulu arac\u0131l\u0131\u011f\u0131yla olu\u015fturulan acil ileti\u015fim ve dayan\u0131\u015fma a\u011f\u0131 sayesinde deprem b\u00f6lgesinde ya\u015fayan sa\u011f\u0131r bireylere do\u011frudan ve dolayl\u0131 olarak ula\u015f\u0131l\u0131yor. Dijital ve fiziksel payla\u015f\u0131m alanlar\u0131yla sa\u011f\u0131r bireylerin duygusal ihtiya\u00e7lar\u0131n\u0131 anlama ve bu ihtiya\u00e7lara y\u00f6nelik uzman \u00e7\u00f6z\u00fcmlerle iyi olma haline geri d\u00f6nebilmesi i\u00e7in psikolojik ilk yard\u0131m, bilgi k\u00fct\u00fcphanesi olu\u015fturman\u0131n yan\u0131 s\u0131ra \u00e7e\u015fitli e\u011fitimler ve saha \u00e7al\u0131\u015fmalar\u0131 yap\u0131l\u0131yor. Psikososyal destek sa\u011flanan sa\u011f\u0131r bireyler ile aktif ileti\u015fimde kal\u0131narak, anl\u0131k ihtiya\u00e7lar\u0131 i\u00e7in de i\u015f birlikleriyle \u00e7\u00f6z\u00fcmler \u00fcretiliyor.<\/p>\n<h4><strong>TOSPAA<\/strong><\/h4>\n<p>Kahramanmara\u015f ve b\u00f6lgedeki di\u011fer illerde okul \u00f6ncesi ve ilkokul \u00e7ocuklar\u0131n\u0131n afet sonras\u0131 ko\u015fullar\u0131ndan dolay\u0131 aksayan e\u011fitim s\u00fcre\u00e7lerini ve olu\u015fan e\u011fitimdeki e\u015fitsizlikleri, \u00e7ocuklarda bilgi i\u015flemsel d\u00fc\u015f\u00fcnme ve teknoloji okur yazarl\u0131\u011f\u0131 becerileriyle gidermeye y\u00f6nelik faaliyetler yap\u0131yor. Yerel e\u011fitmenler se\u00e7ilip e\u011fitimler verilirken, uzun vadede afet b\u00f6lgesindeki \u00e7ocuklarda bilgi teknolojileri ve yaz\u0131l\u0131m alanlar\u0131na dair temel bilgilerin olu\u015fturulmas\u0131 ama\u00e7lan\u0131yor.<\/p>\n<h4><strong>BLINDLOOK<\/strong><\/h4>\n<p>Yap\u0131lan ara\u015ft\u0131rmalarda engelli bireylerin y\u00fczde 71\u2019inin afetlere kar\u015f\u0131 bireysel haz\u0131rl\u0131k plan\u0131 olmad\u0131\u011f\u0131 ve engelli bireylerin y\u00fczde 85\u2019inin ya\u015fad\u0131klar\u0131 b\u00f6lgelerde toplumsal afet y\u00f6netimi ve risk azaltma s\u00fcre\u00e7lerine dahil edilmedi\u011fi g\u00f6r\u00fcl\u00fcyor. Buradan hareketle proje kapsam\u0131nda, 30 ilden 30 g\u00f6rme engellinin afet sim\u00fclasyon noktalar\u0131nda uygulamal\u0131 olarak e\u011fitilmesi, uygulamal\u0131 e\u011fitimler sonras\u0131 t\u00fcm g\u00f6rme engellilerin yararlanabilece\u011fi bir afet korunma rehberinin yay\u0131nlanmas\u0131 ve toplumsal bilgilendirme raporu haz\u0131rlanmas\u0131 hedefleniyor.<\/p>\n<h4><strong>ROOF COLIVING<\/strong><\/h4>\n<p>\u2018Yer Yapanlar: Kamusal Alanlarda Gen\u00e7lik Kat\u0131l\u0131m\u0131\u2019 projesiyle Hatay ve Adana\u2019da ya\u015fayan 17-25 ya\u015f aras\u0131 \u00f6zellikle depremzede gen\u00e7lere y\u00f6nelik sosyal k\u00fclt\u00fcrel aktivitelerin d\u00fczenlenmesini; bu mekanlar\u0131n yarat\u0131lmas\u0131yla insanlar\u0131n psikolojik olarak daha iyi hissetmelerine, toplumda dayan\u0131\u015fma ve birlik hissi yaratmalar\u0131na, yeniden yap\u0131lanma s\u00fcrecinde daha aktif olmalar\u0131na yard\u0131mc\u0131 olmay\u0131 ama\u00e7l\u0131yor.<\/p>\n<h4><strong>MICROFON<\/strong><\/h4>\n<p>Deprem \u00f6ncesinde Hatay&#8217;da ikamet eden ve buradaki \u00fcniversitelerde okuyan, deprem sonras\u0131nda ise aile bireylerinden en az birini kaybetmi\u015f ve ya\u015fad\u0131\u011f\u0131 bina a\u011f\u0131r hasar g\u00f6rm\u00fc\u015f \u00f6\u011frenciler hedefleniyor. Proje kapsam\u0131nda \u00f6\u011frencilere ihtiya\u00e7lar\u0131 i\u00e7in nakdi burs yard\u0131m\u0131, e\u011fitim i\u00e7eriklerine eri\u015fim ve depremzede bursiyerler aras\u0131nda kurulacak destek toplulu\u011fu ile destek sa\u011flanmas\u0131 ama\u00e7lan\u0131yor. \u2018E\u011fitimde Buraday\u0131z\u2019 projesiyle 36 farkl\u0131 \u015fehirde \u00fcniversiteye giden, 38 erkek, 62 kad\u0131n \u00fcniversite \u00f6\u011frencisi desteklenirken, projenin en de\u011ferli \u00e7\u0131kt\u0131lar\u0131ndan biri \u00f6\u011frencilerin kendi aralar\u0131ndaki ileti\u015fim ve kurduklar\u0131 \u00e7e\u015fitli kul\u00fcpler oldu.<\/p>\n<h4><strong>THIS IS MANA &amp; JOON<\/strong><\/h4>\n<p>\u0130\u015f birli\u011fi i\u00e7indeki bu iki sosyal giri\u015fim, \u2018Zinciri Onarmak\u2019 projesiyle depremden etkilenen yerel \u00fcreticilere, kad\u0131n kooperatiflerine, sosyal giri\u015fimcilere ve yerel \u00fcreticilere destek olmay\u0131 ama\u00e7l\u0131yor. Y\u0131k\u0131lan mekanlar\u0131, kaybolan tedarik zincirlerini yeniden olu\u015fturmak, gelir kay\u0131plar\u0131n\u0131 azaltmak, bu yolla b\u00f6lgedeki ekonomik hareketlili\u011fi canland\u0131rmak hedefleniyor. Tekstil bazl\u0131 \u00fcretici topluluklar ve kad\u0131n kooperatiflerinin zanaatlar\u0131n\u0131 icra etmeleri, hammaddelerini \u00fcretmeleri ve sat\u0131\u015f\u0131n\u0131 ger\u00e7ekle\u015ftirmek i\u00e7in i\u015f modeli \u00fczerinde \u00e7al\u0131\u015f\u0131l\u0131yor.<\/p>","protected":false},"excerpt":{"rendered":"<p>Sorry, this entry is only available in Turkish. For the sake of viewer convenience, the content is shown below in the alternative language. You may click the link to switch the active language. Kahramanmara\u015f merkezli depremlerin ilk g\u00fcn\u00fcnden itibaren insan ve sosyal fayda odakl\u0131 \u00e7al\u0131\u015fmalarla sahada olan Kale Grubu, \u2018s\u00fcrd\u00fcr\u00fclebilir yard\u0131m\u2019 stratejisi do\u011frultusunda ba\u015flatt\u0131\u011f\u0131 Topluluk [&hellip;]<\/p>\n","protected":false},"author":1,"featured_media":184015,"comment_status":"open","ping_status":"open","sticky":false,"template":"","format":"standard","meta":[],"categories":[53],"tags":[112316,112315,101537,70860,112313,112314],"views":22,"_links":{"self":[{"href":"https:\/\/www.enerjigazetesi.ist\/en\/wp-json\/wp\/v2\/posts\/184012"}],"collection":[{"href":"https:\/\/www.enerjigazetesi.ist\/en\/wp-json\/wp\/v2\/posts"}],"about":[{"href":"https:\/\/www.enerjigazetesi.ist\/en\/wp-json\/wp\/v2\/types\/post"}],"author":[{"embeddable":true,"href":"https:\/\/www.enerjigazetesi.ist\/en\/wp-json\/wp\/v2\/users\/1"}],"replies":[{"embeddable":true,"href":"https:\/\/www.enerjigazetesi.ist\/en\/wp-json\/wp\/v2\/comments?post=184012"}],"version-history":[{"count":0,"href":"https:\/\/www.enerjigazetesi.ist\/en\/wp-json\/wp\/v2\/posts\/184012\/revisions"}],"wp:featuredmedia":[{"embeddable":true,"href":"https:\/\/www.enerjigazetesi.ist\/en\/wp-json\/wp\/v2\/media\/184015"}],"wp:attachment":[{"href":"https:\/\/www.enerjigazetesi.ist\/en\/wp-json\/wp\/v2\/media?parent=184012"}],"wp:term":[{"taxonomy":"category","embeddable":true,"href":"https:\/\/www.enerjigazetesi.ist\/en\/wp-json\/wp\/v2\/categories?post=184012"},{"taxonomy":"post_tag","embeddable":true,"href":"https:\/\/www.enerjigazetesi.ist\/en\/wp-json\/wp\/v2\/tags?post=184012"}],"curies":[{"name":"wp","href":"https:\/\/api.w.org\/{rel}","templated":true}]}}