{"id":184008,"date":"2024-02-01T17:27:23","date_gmt":"2024-02-01T14:27:23","guid":{"rendered":"https:\/\/www.enerjigazetesi.ist\/?p=184008"},"modified":"2024-02-01T17:27:53","modified_gmt":"2024-02-01T14:27:53","slug":"eyupsultan-belediyesi-enerjisini-gunesten-karsilayacak","status":"publish","type":"post","link":"https:\/\/www.enerjigazetesi.ist\/en\/eyupsultan-belediyesi-enerjisini-gunesten-karsilayacak\/","title":{"rendered":"(Turkish) &#8217;Ey\u00fcpsultan Belediyesi&#8217; Enerjisini G\u00fcne\u015ften Kar\u015f\u0131layacak"},"content":{"rendered":"<p class=\"qtranxs-available-languages-message qtranxs-available-languages-message-en\">Sorry, this entry is only available in <a href=\"https:\/\/www.enerjigazetesi.ist\/tr\/wp-json\/wp\/v2\/posts\/184008\" class=\"qtranxs-available-language-link qtranxs-available-language-link-tr\" title=\"Turkish\">Turkish<\/a>. For the sake of viewer convenience, the content is shown below in the alternative language. You may click the link to switch the active language.<\/p><p><\/p>\n<h2>Ey\u00fcpsultan Belediyesi&#8217;nin G\u00fcne\u015f Enerjisi Santrali 1 \u015eubat&#8217;tan itibaren a\u00e7\u0131l\u0131rken santral ile belediyenin t\u00fcm elektrik ihtiyac\u0131 kar\u015f\u0131lanacak.<\/h2>\n<p style=\"text-align: center;\"><img loading=\"lazy\" class=\"aligncenter wp-image-184010\" src=\"https:\/\/www.enerjigazetesi.ist\/wp-content\/uploads\/2024\/02\/eyupsultan-belediyesi-enerjisini-gunesten-karsilayacak.jpg\" alt=\"\" width=\"500\" height=\"349\" srcset=\"https:\/\/www.enerjigazetesi.ist\/wp-content\/uploads\/2024\/02\/eyupsultan-belediyesi-enerjisini-gunesten-karsilayacak.jpg 550w, https:\/\/www.enerjigazetesi.ist\/wp-content\/uploads\/2024\/02\/eyupsultan-belediyesi-enerjisini-gunesten-karsilayacak-300x209.jpg 300w, https:\/\/www.enerjigazetesi.ist\/wp-content\/uploads\/2024\/02\/eyupsultan-belediyesi-enerjisini-gunesten-karsilayacak-500x349.jpg 500w, https:\/\/www.enerjigazetesi.ist\/wp-content\/uploads\/2024\/02\/eyupsultan-belediyesi-enerjisini-gunesten-karsilayacak-72x50.jpg 72w\" sizes=\"(max-width: 500px) 100vw, 500px\" \/><\/p>\n<p><strong>Ey\u00fcpsultan Belediyesi<\/strong>, \u00f6zt\u00fcketimine y\u00f6nelik <strong>A\u011fa\u00e7l\u0131 Mahallesi<\/strong>\u2019nde kurdu\u011fu G\u00fcne\u015f Enerjisi Santralini (GES) <strong>1 \u015eubat 2024 Per\u015fembe g\u00fcn\u00fc<\/strong> itibariyle hizmete a\u00e7t\u0131.<\/p>\n<h3><strong>2198 Hanenin Elektrik T\u00fcketimine Denk Enerji \u00dcretilecek<\/strong><\/h3>\n<p>\u0130stanbul\u2019da kurulmu\u015f olan en b\u00fcy\u00fck g\u00fcne\u015f enerjisi santrali\u2019nden birisi konumundaki tesis <strong>4700 kW<\/strong> kurulu g\u00fcce sahip olup g\u00fcne\u015f enerjisi santraliyle y\u0131ll\u0131k<strong> 6.594 MWh<\/strong> yani <strong>2.198 hanenin t\u00fcketimine<\/strong> denk <strong>enerji \u00fcretimi<\/strong> ger\u00e7ekle\u015ftirilecek.<\/p>\n<p>G\u00fcne\u015f&#8217;ten \u00fcretilen enerji ile <strong>4.274 ton CO\u2082 sal\u0131m\u0131<\/strong> engellenecek. Bu da yakla\u015f\u0131k <strong>10.400<\/strong> a\u011fac\u0131n <strong>1 y\u0131lda<\/strong> engelleyece\u011fi <strong>CO\u2082 sal\u0131m\u0131na <\/strong>kar\u015f\u0131l\u0131k geliyor.<\/p>","protected":false},"excerpt":{"rendered":"<p>Sorry, this entry is only available in Turkish. For the sake of viewer convenience, the content is shown below in the alternative language. You may click the link to switch the active language. Ey\u00fcpsultan Belediyesi&#8217;nin G\u00fcne\u015f Enerjisi Santrali 1 \u015eubat&#8217;tan itibaren a\u00e7\u0131l\u0131rken santral ile belediyenin t\u00fcm elektrik ihtiyac\u0131 kar\u015f\u0131lanacak. Ey\u00fcpsultan Belediyesi, \u00f6zt\u00fcketimine y\u00f6nelik A\u011fa\u00e7l\u0131 Mahallesi\u2019nde [&hellip;]<\/p>\n","protected":false},"author":1,"featured_media":184010,"comment_status":"open","ping_status":"open","sticky":false,"template":"","format":"standard","meta":[],"categories":[53,49],"tags":[18,104217,2326,2206,842,105],"views":86,"_links":{"self":[{"href":"https:\/\/www.enerjigazetesi.ist\/en\/wp-json\/wp\/v2\/posts\/184008"}],"collection":[{"href":"https:\/\/www.enerjigazetesi.ist\/en\/wp-json\/wp\/v2\/posts"}],"about":[{"href":"https:\/\/www.enerjigazetesi.ist\/en\/wp-json\/wp\/v2\/types\/post"}],"author":[{"embeddable":true,"href":"https:\/\/www.enerjigazetesi.ist\/en\/wp-json\/wp\/v2\/users\/1"}],"replies":[{"embeddable":true,"href":"https:\/\/www.enerjigazetesi.ist\/en\/wp-json\/wp\/v2\/comments?post=184008"}],"version-history":[{"count":0,"href":"https:\/\/www.enerjigazetesi.ist\/en\/wp-json\/wp\/v2\/posts\/184008\/revisions"}],"wp:featuredmedia":[{"embeddable":true,"href":"https:\/\/www.enerjigazetesi.ist\/en\/wp-json\/wp\/v2\/media\/184010"}],"wp:attachment":[{"href":"https:\/\/www.enerjigazetesi.ist\/en\/wp-json\/wp\/v2\/media?parent=184008"}],"wp:term":[{"taxonomy":"category","embeddable":true,"href":"https:\/\/www.enerjigazetesi.ist\/en\/wp-json\/wp\/v2\/categories?post=184008"},{"taxonomy":"post_tag","embeddable":true,"href":"https:\/\/www.enerjigazetesi.ist\/en\/wp-json\/wp\/v2\/tags?post=184008"}],"curies":[{"name":"wp","href":"https:\/\/api.w.org\/{rel}","templated":true}]}}