{"id":183887,"date":"2024-01-31T14:18:24","date_gmt":"2024-01-31T11:18:24","guid":{"rendered":"https:\/\/www.enerjigazetesi.ist\/?p=183887"},"modified":"2024-01-31T14:18:24","modified_gmt":"2024-01-31T11:18:24","slug":"is-bankasi-ve-petrol-ofisi-grubu-ndan-bilim-kusagi-atolyeleri","status":"publish","type":"post","link":"https:\/\/www.enerjigazetesi.ist\/en\/is-bankasi-ve-petrol-ofisi-grubu-ndan-bilim-kusagi-atolyeleri\/","title":{"rendered":"(Turkish) \u0130\u015f Bankas\u0131 ve Petrol Ofisi Grubu\u2019ndan &#8220;Bilim Ku\u015fa\u011f\u0131 At\u00f6lyeleri&#8221;"},"content":{"rendered":"<p class=\"qtranxs-available-languages-message qtranxs-available-languages-message-en\">Sorry, this entry is only available in <a href=\"https:\/\/www.enerjigazetesi.ist\/tr\/wp-json\/wp\/v2\/posts\/183887\" class=\"qtranxs-available-language-link qtranxs-available-language-link-tr\" title=\"Turkish\">Turkish<\/a>. For the sake of viewer convenience, the content is shown below in the alternative language. You may click the link to switch the active language.<\/p><p><\/p>\n<h2><strong>6 \u015eubat deprem felaketinden etkilenen b\u00f6lge ba\u015fta olmak \u00fczere \u00fclkemizde \u00e7ocuklar\u0131n erken ya\u015fta bilim ve bilimsel d\u00fc\u015f\u00fcnce ile tan\u0131\u015fmas\u0131na katk\u0131da bulunmak amac\u0131yla T\u00fcrkiye \u0130\u015f Bankas\u0131 ve Petrol Ofisi Grubu taraf\u0131ndan \u201cBilim Ku\u015fa\u011f\u0131 At\u00f6lyeleri\u201d projesi hayata ge\u00e7irildi. Bilimi seven, ke\u015ffeden, merak eden, sorgulayan nesiller yeti\u015ftirilmesine destek olmay\u0131 ama\u00e7layan proje ile 3 y\u0131lda 8-13 ya\u015f aras\u0131 750 bin \u00e7ocu\u011fa ula\u015f\u0131lmas\u0131 planlan\u0131yor.<\/strong><\/h2>\n<p style=\"text-align: center;\"><img loading=\"lazy\" class=\"aligncenter wp-image-183890\" src=\"https:\/\/www.enerjigazetesi.ist\/wp-content\/uploads\/2024\/01\/is-bankasi-ve-petrol-ofisi-grubu-ndan-bilim-kusagi-atolyeleri-1.jpg\" alt=\"\" width=\"500\" height=\"250\" srcset=\"https:\/\/www.enerjigazetesi.ist\/wp-content\/uploads\/2024\/01\/is-bankasi-ve-petrol-ofisi-grubu-ndan-bilim-kusagi-atolyeleri-1.jpg 550w, https:\/\/www.enerjigazetesi.ist\/wp-content\/uploads\/2024\/01\/is-bankasi-ve-petrol-ofisi-grubu-ndan-bilim-kusagi-atolyeleri-1-300x150.jpg 300w, https:\/\/www.enerjigazetesi.ist\/wp-content\/uploads\/2024\/01\/is-bankasi-ve-petrol-ofisi-grubu-ndan-bilim-kusagi-atolyeleri-1-500x250.jpg 500w, https:\/\/www.enerjigazetesi.ist\/wp-content\/uploads\/2024\/01\/is-bankasi-ve-petrol-ofisi-grubu-ndan-bilim-kusagi-atolyeleri-1-80x40.jpg 80w\" sizes=\"(max-width: 500px) 100vw, 500px\" \/><\/p>\n<p>Toplumsal geli\u015fme ve ilerlemenin kal\u0131c\u0131l\u0131\u011f\u0131n\u0131 sa\u011flamak i\u00e7in gelece\u011fe yat\u0131r\u0131m yapan T\u00fcrkiye \u0130\u015f Bankas\u0131 ve Petrol Ofisi Grubu \u201cBilim Ku\u015fa\u011f\u0131 At\u00f6lyeleri\u201d projesini ba\u015flatt\u0131. T\u00fcrkiye\u2019nin gelece\u011fini tasarlayacak \u00e7ocuk ve gen\u00e7lerin bilim ve teknolojiye liderlik etmelerinde k\u0131v\u0131lc\u0131m etkisi yarat\u0131rken, \u00fclkemizin sosyal, toplumsal ve bilimsel ilerlemesine katk\u0131da bulunmay\u0131 hedefleyen proje ilk olarak 6 \u015eubat 2023\u2019teki b\u00fcy\u00fck deprem felaketinden etkilenen b\u00f6lgelerdeki \u00e7ocuklara y\u00f6nelik olarak hayata ge\u00e7irildi.<\/p>\n<p>\u00c7ocuklar\u0131n deneyler yaparak temel bilimsel kavramlarla tan\u0131\u015fmalar\u0131n\u0131; bilim ve teknolojiye duyduklar\u0131 ilgiyi ve merak duygular\u0131n\u0131 art\u0131rmay\u0131 ama\u00e7layan <strong>\u201cBilim Ku\u015fa\u011f\u0131 At\u00f6lyeleri\u201d projesi<\/strong>, bilim e\u011fitimcisi ve bilim g\u00f6n\u00fcll\u00fcleri g\u00f6zetiminde, <strong>8-13 ya\u015f<\/strong> aras\u0131 \u00e7ocuklar\u0131n kat\u0131l\u0131m\u0131yla ger\u00e7ekle\u015ftiriliyor. Ayn\u0131 zamanda \u00e7ocuklar\u0131n rahatl\u0131kla kullanabildikleri, kullan\u0131rken hayal d\u00fcnyalar\u0131n\u0131 ve bak\u0131\u015f a\u00e7\u0131lar\u0131n\u0131 zenginle\u015ftiren bilim kitinin g\u00f6nderildi\u011fi okullarda g\u00f6n\u00fcll\u00fc \u00f6\u011fretmenlerin y\u00f6nlendirmesiyle \u00e7ocuklar e\u011flenceli bilim i\u00e7eri\u011fiyle tan\u0131\u015f\u0131yor. Projenin, \u00f6\u011frencilerin akademik ve sosyal ba\u015far\u0131s\u0131na da pozitif etki etmesi hedefleniyor.<\/p>\n<h3><strong>\u201cBirlikte, Ak\u0131l ve Vicdanla, Bilimin I\u015f\u0131\u011f\u0131nda Hareket Edelim\u201d<\/strong><\/h3>\n<p>100. y\u0131l\u0131n\u0131 kutlayan \u0130\u015f Bankas\u0131\u2019n\u0131n, ilk g\u00fcnden bu yana s\u00fcrd\u00fcr\u00fclebilir kalk\u0131nmay\u0131 en b\u00fcy\u00fck \u00f6ncelik olarak g\u00f6rd\u00fc\u011f\u00fcn\u00fc ifade eden <strong>\u0130\u015f Bankas\u0131 Genel M\u00fcd\u00fcr\u00fc Hakan Aran<\/strong>, projenin, ge\u00e7en y\u0131l ya\u015fanan 6 \u015eubat\u2019taki deprem felaketinin a\u00e7t\u0131\u011f\u0131 yaralar\u0131 sarmak, deprem b\u00f6lgesindeki \u00e7ocuklar\u0131n hayal kurmaya te\u015fvik etmek, gelece\u011fe g\u00fcvenle ve umutla bakan bireyler haline d\u00f6n\u00fc\u015ft\u00fcrmek ve b\u00f6lgede istihdam\u0131 art\u0131rmak amac\u0131yla geli\u015ftirildi\u011fini s\u00f6yledi.<\/p>\n<p>Aran, ayn\u0131 bilinci ve ayn\u0131 yakla\u015f\u0131m\u0131 payla\u015ft\u0131klar\u0131 Petrol Ofisi Grubu ile birlikte hayata ge\u00e7irmekten b\u00fcy\u00fck mutluluk duyduklar\u0131 proje ile \u00e7ocuklar\u0131n deprem sonras\u0131nda ya\u015fad\u0131klar\u0131 travman\u0131n ard\u0131ndan e\u011fitim hayatlar\u0131nda olu\u015fan bo\u015flu\u011fu bir nebze de olsa doldurmay\u0131 arzu ettiklerini ifade etti. <em>\u201cBirlikte, ak\u0131l ve vicdanla, bilimin \u0131\u015f\u0131\u011f\u0131nda hareket edelim\u201d diyen Aran, kurumlar\u0131n, \u015firketlerin sosyal sorumluluk alan\u0131nda yapt\u0131klar\u0131 i\u015f birliklerinin \u00f6nemine i\u015faret etti. Hakan Aran, \u201cVar olan bir ihtiyac\u0131n kar\u015f\u0131lanmas\u0131nda birlikte hareket edilmesi durumunda ancak makro d\u00fczeyde baz\u0131 \u015feyler de\u011fi\u015fecek ve bir kartopu etkisi yarat\u0131lacakt\u0131r. Bilim Ku\u015fa\u011f\u0131 At\u00f6lyeleri projesinin etkilerini gelecekte, \u00e7ocuklar\u0131m\u0131z b\u00fcy\u00fcd\u00fc\u011f\u00fcnde yapacaklar\u0131 ba\u015far\u0131l\u0131 i\u015flerde g\u00f6rece\u011fiz. Biz bu umutla asl\u0131nda bir tohum atm\u0131\u015f olduk, bunun i\u00e7in yola \u00e7\u0131kt\u0131k\u201d<\/em> dedi.<\/p>\n<h3><strong>\u201cBilimin E\u011flenceli Y\u00fcz\u00fcyle Bir Araya Gelen \u00c7ocuklarTarihi Yeniliklere \u00d6nayak Olacak\u201d<\/strong><\/h3>\n<p><strong>Petrol Ofisi Grubu CEO\u2019su Mehmet Abbaso\u011flu<\/strong> ise, Bilim Ku\u015fa\u011f\u0131 At\u00f6lyeleri\u2019nin toplumun y\u00fczde 25\u2019inden fazlas\u0131n\u0131 olu\u015fturan \u00e7ocuklar\u0131n ger\u00e7ek potansiyellerinin a\u00e7\u0131\u011fa \u00e7\u0131kmas\u0131nda \u00f6nemli rol oynayaca\u011f\u0131na inand\u0131klar\u0131n\u0131 belirterek; <em>\u201cHedefimiz \u00e7ocuklar\u0131 bilimle, sorgulama becerisiyle bulu\u015fturarak ak\u0131l ve vicdanla \u00fcreten sa\u011fl\u0131kl\u0131 ve mutlu bireyler olmalar\u0131na katk\u0131 sa\u011flamak. Bilimin s\u0131cak ve e\u011flenceli y\u00fcz\u00fcyle bir araya gelen, kendilerini g\u00fcven ve mutlulukla ifade eden \u00e7ocuklar\u0131n tarihi yeniliklere \u00f6nayak olaca\u011f\u0131ndan emin oldu\u011fumuz fikirlerini duymak i\u00e7in sab\u0131rs\u0131zlan\u0131yoruz\u201d<\/em> \u015feklinde konu\u015ftu.<\/p>\n<p>Birinci y\u0131l\u0131n\u0131 dolduran deprem felaketi s\u0131ras\u0131nda afet b\u00f6lgesine kesintisiz enerji tedariki yapabilmi\u015f olmalar\u0131n\u0131 her ko\u015fula haz\u0131r olma kabiliyetlerine bor\u00e7lu olduklar\u0131n\u0131n alt\u0131n\u0131 \u00e7izen Abbaso\u011flu; <em>\u201cYa\u015fad\u0131\u011f\u0131m\u0131z felaket bize hep haz\u0131r olman\u0131n, bilime, teknolojiye ve ortak akla dayal\u0131 s\u00fcrd\u00fcr\u00fclebilir ve vicdanl\u0131 \u00fcretimlerin ne denli hayati oldu\u011funu bir kez daha kan\u0131tlad\u0131. Bu anlay\u0131\u015f\u0131n yeni nesillerde hayat bulmas\u0131 i\u00e7in elimizden gelen t\u00fcm gayreti g\u00f6sterece\u011fiz. Deprem b\u00f6lgesinden ba\u015flayarak t\u00fcm yurda yayaca\u011f\u0131m\u0131z proje ile 2025 sonu itibar\u0131yla 750 bin \u00e7ocu\u011fa ula\u015fmay\u0131 hedefliyoruz ki bu sadece ba\u015flang\u0131\u00e7. Yar\u0131nlar\u0131m\u0131za anlaml\u0131 katk\u0131lar sa\u011flama heyecan\u0131m\u0131za ortak olan T\u00fcrkiye \u0130\u015f Bankas\u0131 ile yol almaktan b\u00fcy\u00fck memnuniyet duyuyoruz\u201d<\/em> dedi.<\/p>\n<h3><strong>2025 Sonuna Kadar 750 Bin \u00c7ocu\u011fa Ula\u015facak<\/strong><\/h3>\n<p>\u00d6ncelikli olarak deprem b\u00f6lgesindeki ilk ve orta \u00f6\u011fretim seviyesindeki devlet okullar\u0131 ile di\u011fer illerdeki ilk ve orta \u00f6\u011fretim seviyesindeki dezavantajl\u0131 devlet okullar\u0131n\u0131 kapsayan projede, <strong>6 May\u0131s-27 Aral\u0131k 2023<\/strong> tarihleri aras\u0131nda toplam <strong>52 at\u00f6lye<\/strong> ger\u00e7ekle\u015ftirildi,<strong> 1.402 \u00e7ocu\u011fa<\/strong> ula\u015f\u0131ld\u0131 ve <strong>154 okula<\/strong> bilim seti g\u00f6nderimi yap\u0131ld\u0131. Bilim seti g\u00f6nderimi yap\u0131lan okullarda g\u00f6rev alan rol model \u00f6\u011fretmenler 2 ayl\u0131k bir e\u011fitim program\u0131na al\u0131nd\u0131. \u00d6\u011fretmenler bu programda <strong>yapay zek\u00e2, kodlama, robotik<\/strong> gibi bilim m\u00fcfredat\u0131 e\u011fitimlerini tamamlad\u0131lar. Okullarda ger\u00e7ekle\u015ftirilen at\u00f6lyelerle kademeli olarak <strong>85.902 \u00e7ocu\u011fa<\/strong> ula\u015f\u0131ld\u0131. B\u00f6ylece<strong> 2023 y\u0131l\u0131nda<\/strong> proje kapsam\u0131nda toplam <strong>87.304 \u00e7ocukla<\/strong> bulu\u015fuldu.<\/p>\n<p>2024 y\u0131l\u0131n\u0131n ilk <strong>Bilim Ku\u015fa\u011f\u0131 At\u00f6lyeleri<\/strong> ise <strong>13-14 Ocak<\/strong> tarihlerinde Adana ve Hatay\u2019da ger\u00e7ekle\u015ftirildi. At\u00f6lyelere <strong>Ad\u0131yaman, \u0130skenderun<\/strong> ve belirlenecek di\u011fer \u015fehirlerle devam edilecek. Projeyle <strong>2025 y\u0131l\u0131<\/strong> sonuna kadar<strong> 8-13 ya\u015f<\/strong> aras\u0131 toplam<strong> 750 bin \u00e7ocu\u011fa<\/strong> ula\u015f\u0131lmas\u0131 hedefleniyor.<\/p>","protected":false},"excerpt":{"rendered":"<p>Sorry, this entry is only available in Turkish. For the sake of viewer convenience, the content is shown below in the alternative language. You may click the link to switch the active language. 6 \u015eubat deprem felaketinden etkilenen b\u00f6lge ba\u015fta olmak \u00fczere \u00fclkemizde \u00e7ocuklar\u0131n erken ya\u015fta bilim ve bilimsel d\u00fc\u015f\u00fcnce ile tan\u0131\u015fmas\u0131na katk\u0131da bulunmak amac\u0131yla [&hellip;]<\/p>\n","protected":false},"author":1,"featured_media":183889,"comment_status":"open","ping_status":"open","sticky":false,"template":"","format":"standard","meta":[],"categories":[53,44],"tags":[112278,107649,108185,8813],"views":34,"_links":{"self":[{"href":"https:\/\/www.enerjigazetesi.ist\/en\/wp-json\/wp\/v2\/posts\/183887"}],"collection":[{"href":"https:\/\/www.enerjigazetesi.ist\/en\/wp-json\/wp\/v2\/posts"}],"about":[{"href":"https:\/\/www.enerjigazetesi.ist\/en\/wp-json\/wp\/v2\/types\/post"}],"author":[{"embeddable":true,"href":"https:\/\/www.enerjigazetesi.ist\/en\/wp-json\/wp\/v2\/users\/1"}],"replies":[{"embeddable":true,"href":"https:\/\/www.enerjigazetesi.ist\/en\/wp-json\/wp\/v2\/comments?post=183887"}],"version-history":[{"count":0,"href":"https:\/\/www.enerjigazetesi.ist\/en\/wp-json\/wp\/v2\/posts\/183887\/revisions"}],"wp:featuredmedia":[{"embeddable":true,"href":"https:\/\/www.enerjigazetesi.ist\/en\/wp-json\/wp\/v2\/media\/183889"}],"wp:attachment":[{"href":"https:\/\/www.enerjigazetesi.ist\/en\/wp-json\/wp\/v2\/media?parent=183887"}],"wp:term":[{"taxonomy":"category","embeddable":true,"href":"https:\/\/www.enerjigazetesi.ist\/en\/wp-json\/wp\/v2\/categories?post=183887"},{"taxonomy":"post_tag","embeddable":true,"href":"https:\/\/www.enerjigazetesi.ist\/en\/wp-json\/wp\/v2\/tags?post=183887"}],"curies":[{"name":"wp","href":"https:\/\/api.w.org\/{rel}","templated":true}]}}