{"id":183846,"date":"2024-01-30T15:32:00","date_gmt":"2024-01-30T12:32:00","guid":{"rendered":"https:\/\/www.enerjigazetesi.ist\/?p=183846"},"modified":"2024-01-30T15:32:00","modified_gmt":"2024-01-30T12:32:00","slug":"enyakit-calisanlari-kktcde-bir-araya-geldi","status":"publish","type":"post","link":"https:\/\/www.enerjigazetesi.ist\/en\/enyakit-calisanlari-kktcde-bir-araya-geldi\/","title":{"rendered":"(Turkish) &#8217;ENYAKIT \u00c7al\u0131\u015fanlar\u0131&#8217; KKTC\u2019de Bir Araya Geldi"},"content":{"rendered":"<p class=\"qtranxs-available-languages-message qtranxs-available-languages-message-en\">Sorry, this entry is only available in <a href=\"https:\/\/www.enerjigazetesi.ist\/tr\/wp-json\/wp\/v2\/posts\/183846\" class=\"qtranxs-available-language-link qtranxs-available-language-link-tr\" title=\"Turkish\">Turkish<\/a>. For the sake of viewer convenience, the content is shown below in the alternative language. You may click the link to switch the active language.<\/p><p><\/p>\n<h2><strong>T\u00fcrkiye&#8217;deki elektrikli ara\u00e7 kullan\u0131m\u0131n\u0131n yayg\u0131nla\u015fmas\u0131nda \u00f6nemli bir rol oynayan ENYAKIT t\u00fcm \u00e7al\u0131\u015fanlar\u0131 ile birlikte KKTC\u2019de bir araya geldi. \u00dc\u00e7 g\u00fcn s\u00fcren etkinlikte elektrikli ara\u00e7 \u015farj sekt\u00f6r\u00fcne dair \u00f6nemli konular ele al\u0131nd\u0131. 2023 y\u0131l\u0131n\u0131n en ba\u015far\u0131l\u0131 \u00e7al\u0131\u015fanlar\u0131n\u0131n da \u00f6d\u00fcllendirildi\u011fi etkinlikte, ENYAKIT\u2019\u0131n 2024 y\u0131l\u0131 plan ve hedefleri payla\u015f\u0131ld\u0131.<\/strong><\/h2>\n<p style=\"text-align: center;\"><img loading=\"lazy\" class=\"aligncenter wp-image-183848\" src=\"https:\/\/www.enerjigazetesi.ist\/wp-content\/uploads\/2024\/01\/enyakit-calisanlari-kktcde-bir-araya-geldi-1.jpg\" alt=\"\" width=\"500\" height=\"375\" srcset=\"https:\/\/www.enerjigazetesi.ist\/wp-content\/uploads\/2024\/01\/enyakit-calisanlari-kktcde-bir-araya-geldi-1.jpg 550w, https:\/\/www.enerjigazetesi.ist\/wp-content\/uploads\/2024\/01\/enyakit-calisanlari-kktcde-bir-araya-geldi-1-300x225.jpg 300w, https:\/\/www.enerjigazetesi.ist\/wp-content\/uploads\/2024\/01\/enyakit-calisanlari-kktcde-bir-araya-geldi-1-500x375.jpg 500w, https:\/\/www.enerjigazetesi.ist\/wp-content\/uploads\/2024\/01\/enyakit-calisanlari-kktcde-bir-araya-geldi-1-67x50.jpg 67w\" sizes=\"(max-width: 500px) 100vw, 500px\" \/><\/p>\n<p><strong>T\u00fcrkiye\u2019nin ilk elektrikli \u015farj i\u015fletmecisi lisans\u0131n\u0131n sahibi<\/strong> olan ENYAKIT, <strong>10 \u2013 12 Ocak 2024<\/strong> tarihlerinde KKTC\u2019de t\u00fcm \u00e7al\u0131\u015fanlar ve y\u00f6neticilerin kat\u0131ld\u0131\u011f\u0131 \u00f6zel bir toplant\u0131da bir araya geldi. Etkinlikte, birlikte daha iyiye ula\u015fmak, hedeflere odaklanmak ve ba\u015far\u0131lar\u0131 daha da artt\u0131rmak amac\u0131yla motivasyon toplant\u0131lar\u0131 ger\u00e7ekle\u015ftirildi. \u00dc\u00e7 g\u00fcn s\u00fcren etkinlikte elektrikli ara\u00e7 \u015farj sekt\u00f6r\u00fcne dair \u00f6nemli konular ele al\u0131nd\u0131. 2023 y\u0131l\u0131n\u0131n de\u011ferlendirildi\u011fi etkinlikte derece alan \u00e7al\u0131\u015fanlara da \u00f6d\u00fcller verildi.<\/p>\n<p><strong>ENYAKIT Genel M\u00fcd\u00fcr\u00fc<\/strong> <strong>Tayfun \u015eenses,<em> \u201c<\/em><\/strong><em>ENYAKIT olarak sekt\u00f6rdeki uzun y\u0131llara dayanan tecr\u00fcbemizle teknolojiyi bulu\u015fturarak, elektrikli \u015farj istasyonlar\u0131 alan\u0131nda b\u00fcy\u00fcmemizi s\u00fcrd\u00fcr\u00fcyoruz. 2023 y\u0131l\u0131nda da hedeflerimizi ba\u015far\u0131yla tamamlayarak, \u015firketimiz ve sekt\u00f6r\u00fcm\u00fcz ad\u0131na \u00f6nc\u00fc i\u015flere imza att\u0131k. Bu ba\u015far\u0131m\u0131z\u0131n arkas\u0131nda birlikte, birbirine destek olan, b\u00fcy\u00fck ve g\u00fc\u00e7l\u00fc bir aile olmam\u0131z\u0131n etkisi \u00e7ok fazla. \u00d6n\u00fcm\u00fczdeki s\u00fcre\u00e7te kendimize \u00e7ok daha zorlu hedefler belirledik. Ekibimizi daha da geni\u015fleterek g\u00fc\u00e7l\u00fc bir \u015fekilde yolumuza devam edecek, sekt\u00f6rdeki ba\u015far\u0131m\u0131z\u0131 2024 y\u0131l\u0131nda daha da art\u0131rma kararl\u0131l\u0131\u011f\u0131m\u0131zla ilerleyece\u011fiz<\/em>\u201d dedi.<\/p>","protected":false},"excerpt":{"rendered":"<p>Sorry, this entry is only available in Turkish. For the sake of viewer convenience, the content is shown below in the alternative language. You may click the link to switch the active language. T\u00fcrkiye&#8217;deki elektrikli ara\u00e7 kullan\u0131m\u0131n\u0131n yayg\u0131nla\u015fmas\u0131nda \u00f6nemli bir rol oynayan ENYAKIT t\u00fcm \u00e7al\u0131\u015fanlar\u0131 ile birlikte KKTC\u2019de bir araya geldi. \u00dc\u00e7 g\u00fcn s\u00fcren etkinlikte [&hellip;]<\/p>\n","protected":false},"author":1,"featured_media":183849,"comment_status":"open","ping_status":"open","sticky":false,"template":"","format":"standard","meta":[],"categories":[51,53],"tags":[73029,112260,28624,111825,7037],"views":36,"_links":{"self":[{"href":"https:\/\/www.enerjigazetesi.ist\/en\/wp-json\/wp\/v2\/posts\/183846"}],"collection":[{"href":"https:\/\/www.enerjigazetesi.ist\/en\/wp-json\/wp\/v2\/posts"}],"about":[{"href":"https:\/\/www.enerjigazetesi.ist\/en\/wp-json\/wp\/v2\/types\/post"}],"author":[{"embeddable":true,"href":"https:\/\/www.enerjigazetesi.ist\/en\/wp-json\/wp\/v2\/users\/1"}],"replies":[{"embeddable":true,"href":"https:\/\/www.enerjigazetesi.ist\/en\/wp-json\/wp\/v2\/comments?post=183846"}],"version-history":[{"count":0,"href":"https:\/\/www.enerjigazetesi.ist\/en\/wp-json\/wp\/v2\/posts\/183846\/revisions"}],"wp:featuredmedia":[{"embeddable":true,"href":"https:\/\/www.enerjigazetesi.ist\/en\/wp-json\/wp\/v2\/media\/183849"}],"wp:attachment":[{"href":"https:\/\/www.enerjigazetesi.ist\/en\/wp-json\/wp\/v2\/media?parent=183846"}],"wp:term":[{"taxonomy":"category","embeddable":true,"href":"https:\/\/www.enerjigazetesi.ist\/en\/wp-json\/wp\/v2\/categories?post=183846"},{"taxonomy":"post_tag","embeddable":true,"href":"https:\/\/www.enerjigazetesi.ist\/en\/wp-json\/wp\/v2\/tags?post=183846"}],"curies":[{"name":"wp","href":"https:\/\/api.w.org\/{rel}","templated":true}]}}