{"id":183811,"date":"2024-01-29T17:36:02","date_gmt":"2024-01-29T14:36:02","guid":{"rendered":"https:\/\/www.enerjigazetesi.ist\/?p=183811"},"modified":"2024-01-29T17:36:02","modified_gmt":"2024-01-29T14:36:02","slug":"albayrak-grubu-yonetim-kurulu-baskan-yardimciligina-atama-yapildi","status":"publish","type":"post","link":"https:\/\/www.enerjigazetesi.ist\/en\/albayrak-grubu-yonetim-kurulu-baskan-yardimciligina-atama-yapildi\/","title":{"rendered":"(Turkish) Albayrak Grubu Y\u00f6netim Kurulu Ba\u015fkan Yard\u0131mc\u0131l\u0131\u011f\u0131na Atama Yap\u0131ld\u0131"},"content":{"rendered":"<p class=\"qtranxs-available-languages-message qtranxs-available-languages-message-en\">Sorry, this entry is only available in <a href=\"https:\/\/www.enerjigazetesi.ist\/tr\/wp-json\/wp\/v2\/posts\/183811\" class=\"qtranxs-available-language-link qtranxs-available-language-link-tr\" title=\"Turkish\">Turkish<\/a>. For the sake of viewer convenience, the content is shown below in the alternative language. You may click the link to switch the active language.<\/p><p><\/p>\n<h2>Kamu ve \u00f6zel sekt\u00f6rde \u00f6nemli vazifeler \u00fcstlenmi\u015f Dr. Nurettin Canikli, Albayrak Grubu Y\u00f6netim Kurulu Ba\u015fkan Yard\u0131mc\u0131l\u0131\u011f\u0131 g\u00f6revine ba\u015flad\u0131. Ekonomi ve siyaset hayat\u0131nda bir\u00e7ok \u00f6nemli g\u00f6rev icra eden Dr. Nurettin Canikli, daha \u00f6nce Albayrak Grubu b\u00fcnyesinde Genel M\u00fcd\u00fcrl\u00fck g\u00f6revini de \u00fcstlenmi\u015fti. Bu vesileyle 22 y\u0131l sonra Canikli\u2019nin yolu tekrar Albayrak Grubu ile kesi\u015fmi\u015f oldu.<\/h2>\n<p style=\"text-align: center;\"><img loading=\"lazy\" class=\"aligncenter wp-image-183814\" src=\"https:\/\/www.enerjigazetesi.ist\/wp-content\/uploads\/2024\/01\/albayrak-grubu-yonetim-kurulu-baskan-yardimciligina-atama-yapildi.jpg\" alt=\"\" width=\"500\" height=\"368\" srcset=\"https:\/\/www.enerjigazetesi.ist\/wp-content\/uploads\/2024\/01\/albayrak-grubu-yonetim-kurulu-baskan-yardimciligina-atama-yapildi.jpg 550w, https:\/\/www.enerjigazetesi.ist\/wp-content\/uploads\/2024\/01\/albayrak-grubu-yonetim-kurulu-baskan-yardimciligina-atama-yapildi-300x221.jpg 300w, https:\/\/www.enerjigazetesi.ist\/wp-content\/uploads\/2024\/01\/albayrak-grubu-yonetim-kurulu-baskan-yardimciligina-atama-yapildi-500x368.jpg 500w, https:\/\/www.enerjigazetesi.ist\/wp-content\/uploads\/2024\/01\/albayrak-grubu-yonetim-kurulu-baskan-yardimciligina-atama-yapildi-68x50.jpg 68w\" sizes=\"(max-width: 500px) 100vw, 500px\" \/><\/p>\n<p>15.05.1960 tarihinde (Giresun) Alucra\u2019da d\u00fcnyaya gelen Canikli, ilk ve orta \u00f6\u011frenimini Alucra\u2019da, lise \u00f6\u011frenimini ise Giresun \u0130mam Hatip Lisesi\u2019nde tamamlad\u0131. Lisans hayat\u0131na Ankara \u00dcniversitesi Siyasal Bilgiler Fak\u00fcltesi \u0130ktisat ve Maliye B\u00f6l\u00fcm\u00fc\u2019nde tamamlayan Canikli, y\u00fcksek lisans e\u011fitimini, \u0130ngiltere Sheffield \u00dcniversitesi\u2019nde Para, Banka ve Finansman alan\u0131nda MA derecesi ile tamamlarken; Finansal Ekonomi alan\u0131ndaki doktora program\u0131n\u0131, \u0130stanbul Ticaret \u00dcniversitesi\u2019nde bitirdi.<\/p>\n<p>Akademik kariyerinin yan\u0131 s\u0131ra ekonomi ve siyaset hayat\u0131nda da \u00f6nemli g\u00f6revlerde bulunan Canikli, 1982-1993 y\u0131llar\u0131 aras\u0131nda Maliye M\u00fcfetti\u015f Yard\u0131mc\u0131l\u0131\u011f\u0131, Maliye M\u00fcfetti\u015fli\u011fi ve Maliye Ba\u015fm\u00fcfetti\u015fli\u011fi g\u00f6revlerinde bulundu. 1993-1997 y\u0131llar\u0131 aras\u0131nda Gelirler Genel M\u00fcd\u00fcrl\u00fc\u011f\u00fc Daire Ba\u015fkanl\u0131\u011f\u0131, Genel M\u00fcd\u00fcr Yard\u0131mc\u0131l\u0131\u011f\u0131 ve \u0130stanbul Defterdarl\u0131\u011f\u0131 g\u00f6revlerini y\u00fcr\u00fctt\u00fc. Canikli, 1997-2002 y\u0131llar\u0131 aras\u0131nda Albayrak Grubu b\u00fcnyesinde y\u00f6neticilik (CEO), Yeni \u015eafak gazetesinde ise ekonomi ve finans konular\u0131nda k\u00f6\u015fe yazarl\u0131\u011f\u0131 yapt\u0131.<\/p>\n<p>Canikli, 2002-2023 y\u0131llar\u0131 aras\u0131nda TBMM\u2019de 22, 23, 24, 26 ve 27. d\u00f6nem Milletvekili olarak bulundu. 2004-2007 y\u0131llar\u0131 aras\u0131nda K\u0130T Komisyonu Ba\u015fkanl\u0131\u011f\u0131, 2007-2014 y\u0131llar\u0131 aras\u0131nda AK Parti Grup Ba\u015fkan Vekilli\u011fi g\u00f6revlerini ifa etti. 2020-2023 y\u0131llar\u0131 aras\u0131nda AK Parti\u2019de Ekonomiden Sorumlu Genel Ba\u015fkan Yard\u0131mc\u0131s\u0131 olarak \u00e7al\u0131\u015fan Canikli, 62. H\u00fck\u00fcmet\u2019te G\u00fcmr\u00fck ve Ticaret Bakan\u0131, 65. H\u00fck\u00fcmet\u2019te Ba\u015fbakan Yard\u0131mc\u0131s\u0131 ve Mill\u00ee Savunma Bakan\u0131 olarak g\u00f6rev yapt\u0131. Evli ve 4 \u00e7ocuk babas\u0131 olan Canikli; 1952 y\u0131l\u0131nda in\u015faat sekt\u00f6r\u00fcyle yolculu\u011funa ba\u015flayan, bug\u00fcn ise 4 k\u0131ta, 20\u2019den fazla sekt\u00f6r ve 10.000\u2019den fazla \u00e7al\u0131\u015fana i\u015f imk\u00e2n\u0131 sunan Albayrak Grubu\u2019nun Y\u00f6netim Kurulu Ba\u015fkan Yard\u0131mc\u0131l\u0131\u011f\u0131 g\u00f6revini Ocak 2024 tarihinden itibaren y\u00fcr\u00fctmektedir.<\/p>","protected":false},"excerpt":{"rendered":"<p>Sorry, this entry is only available in Turkish. For the sake of viewer convenience, the content is shown below in the alternative language. You may click the link to switch the active language. Kamu ve \u00f6zel sekt\u00f6rde \u00f6nemli vazifeler \u00fcstlenmi\u015f Dr. Nurettin Canikli, Albayrak Grubu Y\u00f6netim Kurulu Ba\u015fkan Yard\u0131mc\u0131l\u0131\u011f\u0131 g\u00f6revine ba\u015flad\u0131. Ekonomi ve siyaset hayat\u0131nda [&hellip;]<\/p>\n","protected":false},"author":1,"featured_media":183814,"comment_status":"open","ping_status":"open","sticky":false,"template":"","format":"standard","meta":[],"categories":[53],"tags":[112253,4781,112252,2834],"views":50,"_links":{"self":[{"href":"https:\/\/www.enerjigazetesi.ist\/en\/wp-json\/wp\/v2\/posts\/183811"}],"collection":[{"href":"https:\/\/www.enerjigazetesi.ist\/en\/wp-json\/wp\/v2\/posts"}],"about":[{"href":"https:\/\/www.enerjigazetesi.ist\/en\/wp-json\/wp\/v2\/types\/post"}],"author":[{"embeddable":true,"href":"https:\/\/www.enerjigazetesi.ist\/en\/wp-json\/wp\/v2\/users\/1"}],"replies":[{"embeddable":true,"href":"https:\/\/www.enerjigazetesi.ist\/en\/wp-json\/wp\/v2\/comments?post=183811"}],"version-history":[{"count":0,"href":"https:\/\/www.enerjigazetesi.ist\/en\/wp-json\/wp\/v2\/posts\/183811\/revisions"}],"wp:featuredmedia":[{"embeddable":true,"href":"https:\/\/www.enerjigazetesi.ist\/en\/wp-json\/wp\/v2\/media\/183814"}],"wp:attachment":[{"href":"https:\/\/www.enerjigazetesi.ist\/en\/wp-json\/wp\/v2\/media?parent=183811"}],"wp:term":[{"taxonomy":"category","embeddable":true,"href":"https:\/\/www.enerjigazetesi.ist\/en\/wp-json\/wp\/v2\/categories?post=183811"},{"taxonomy":"post_tag","embeddable":true,"href":"https:\/\/www.enerjigazetesi.ist\/en\/wp-json\/wp\/v2\/tags?post=183811"}],"curies":[{"name":"wp","href":"https:\/\/api.w.org\/{rel}","templated":true}]}}