{"id":18371,"date":"2013-11-28T10:26:38","date_gmt":"2013-11-28T07:26:38","guid":{"rendered":"https:\/\/www.enerjigazetesi.ist\/?p=18371"},"modified":"2013-11-28T10:26:38","modified_gmt":"2013-11-28T07:26:38","slug":"kaya-gazi-avrupada-11-milyon-kisiye-istihdam-olusturabilir","status":"publish","type":"post","link":"https:\/\/www.enerjigazetesi.ist\/en\/kaya-gazi-avrupada-11-milyon-kisiye-istihdam-olusturabilir\/","title":{"rendered":"(Turkish) Kaya gaz\u0131, Avrupa\u2019da 1,1 Milyon Ki\u015fiye \u0130stihdam Olu\u015fturabilir!"},"content":{"rendered":"<p class=\"qtranxs-available-languages-message qtranxs-available-languages-message-en\">Sorry, this entry is only available in <a href=\"https:\/\/www.enerjigazetesi.ist\/tr\/wp-json\/wp\/v2\/posts\/18371\" class=\"qtranxs-available-language-link qtranxs-available-language-link-tr\" title=\"Turkish\">Turkish<\/a>. For the sake of viewer convenience, the content is shown below in the alternative language. You may click the link to switch the active language.<\/p><p><strong>Uluslararas\u0131 Petrol ve Gaz \u00dcreticileri Derne\u011fi\u2019ne (OGP) g\u00f6re, enerji alan\u0131ndaki dengeleri de\u011fi\u015ftirmeye ba\u015flayan kaya gaz\u0131n\u0131n uzun vadede Avrupa\u2019da 1,1 milyon ki\u015fiye istihdam sa\u011flamas\u0131 bekleniyor. OGP ta<a href=\"https:\/\/www.enerjigazetesi.ist\/wp-content\/uploads\/2013\/11\/kaya-gazi-avrupada-1-milyon-kisilik-istihdam-olusturacak.jpg\"><img loading=\"lazy\" class=\"alignright size-medium wp-image-18372\" title=\"kaya-gazi-avrupada-1-milyon-kisilik-istihdam-olusturacak\" src=\"https:\/\/www.enerjigazetesi.ist\/wp-content\/uploads\/2013\/11\/kaya-gazi-avrupada-1-milyon-kisilik-istihdam-olusturacak-300x218.jpg\" alt=\"\" width=\"300\" height=\"218\" srcset=\"https:\/\/www.enerjigazetesi.ist\/wp-content\/uploads\/2013\/11\/kaya-gazi-avrupada-1-milyon-kisilik-istihdam-olusturacak-300x218.jpg 300w, https:\/\/www.enerjigazetesi.ist\/wp-content\/uploads\/2013\/11\/kaya-gazi-avrupada-1-milyon-kisilik-istihdam-olusturacak-68x50.jpg 68w, https:\/\/www.enerjigazetesi.ist\/wp-content\/uploads\/2013\/11\/kaya-gazi-avrupada-1-milyon-kisilik-istihdam-olusturacak.jpg 433w\" sizes=\"(max-width: 300px) 100vw, 300px\" \/><\/a>raf\u0131ndan haz\u0131rlat\u0131lan raporda, kaya gaz\u0131n\u0131n rekabeti art\u0131r\u0131c\u0131 ve b\u00f6lgenin enerji ithalat\u0131na ba\u011f\u0131ml\u0131l\u0131\u011f\u0131n\u0131 azalt\u0131c\u0131 etki yapaca\u011f\u0131na dikkat \u00e7ekilirken, kaya gaz\u0131 \u00fcretiminin Avrupa ekonomisine katk\u0131s\u0131n\u0131n 2020-2050 d\u00f6nemi i\u00e7in 1,7 \u2013 3,8 trilyon avro d\u00fczeyinde olmas\u0131 \u00f6ng\u00f6r\u00fcl\u00fcyor.<\/strong><\/p>\n<p>Kaya gaz\u0131 \u00fcretiminin istihdama katk\u0131s\u0131n\u0131n ise 2035\u2032e kadar 400-800 bin, 2050\u2032ye kadar ise 600 bin-1,1 milyon ki\u015fiye yeni i\u015f olarak hesapland\u0131\u011f\u0131 raporda, gaz\u0131n Avrupa\u2019da \u00fcretilmesi halinde gaz ithalat\u0131na ba\u011f\u0131ml\u0131l\u0131\u011f\u0131n y\u00fczde 62-78 oran\u0131nda azalaca\u011f\u0131 vurguland\u0131.<\/p>\n<p>\u201cAvrupa\u2019n\u0131n enerji ithalat\u0131 i\u00e7in ne kadar az harcama yaparsa o kadar \u00e7ok i\u00e7 yat\u0131r\u0131m yaparak ulusal ve yerel ekonomileri canland\u0131rabilece\u011fine\u201d dikkat \u00e7ekilen raporda, 2020-2050 d\u00f6neminde AB\u2019de yat\u0131r\u0131m\u0131n 191 milyar avro, vergi gelirlerinin de 1,2 trilyon avro artabilece\u011fi ifade edildi.<\/p>\n<p>Kaynak: <a href=\"http:\/\/enerjienstitusu.com\/2013\/11\/27\/kaya-gazi-avrupada-1-milyon-kisilik-istihdam-olusturacak\/\" target=\"_blank\">Enerji Enstit\u00fcs\u00fc<\/a><\/p>","protected":false},"excerpt":{"rendered":"<p>Sorry, this entry is only available in Turkish. For the sake of viewer convenience, the content is shown below in the alternative language. You may click the link to switch the active language.Uluslararas\u0131 Petrol ve Gaz \u00dcreticileri Derne\u011fi\u2019ne (OGP) g\u00f6re, enerji alan\u0131ndaki dengeleri de\u011fi\u015ftirmeye ba\u015flayan kaya gaz\u0131n\u0131n uzun vadede Avrupa\u2019da 1,1 milyon ki\u015fiye istihdam sa\u011flamas\u0131 [&hellip;]<\/p>\n","protected":false},"author":1,"featured_media":18372,"comment_status":"open","ping_status":"open","sticky":false,"template":"","format":"standard","meta":[],"categories":[53],"tags":[468,1964,63,67,1009,10728,165,2833,168,10727,10729,10726],"views":659,"_links":{"self":[{"href":"https:\/\/www.enerjigazetesi.ist\/en\/wp-json\/wp\/v2\/posts\/18371"}],"collection":[{"href":"https:\/\/www.enerjigazetesi.ist\/en\/wp-json\/wp\/v2\/posts"}],"about":[{"href":"https:\/\/www.enerjigazetesi.ist\/en\/wp-json\/wp\/v2\/types\/post"}],"author":[{"embeddable":true,"href":"https:\/\/www.enerjigazetesi.ist\/en\/wp-json\/wp\/v2\/users\/1"}],"replies":[{"embeddable":true,"href":"https:\/\/www.enerjigazetesi.ist\/en\/wp-json\/wp\/v2\/comments?post=18371"}],"version-history":[{"count":1,"href":"https:\/\/www.enerjigazetesi.ist\/en\/wp-json\/wp\/v2\/posts\/18371\/revisions"}],"predecessor-version":[{"id":18373,"href":"https:\/\/www.enerjigazetesi.ist\/en\/wp-json\/wp\/v2\/posts\/18371\/revisions\/18373"}],"wp:featuredmedia":[{"embeddable":true,"href":"https:\/\/www.enerjigazetesi.ist\/en\/wp-json\/wp\/v2\/media\/18372"}],"wp:attachment":[{"href":"https:\/\/www.enerjigazetesi.ist\/en\/wp-json\/wp\/v2\/media?parent=18371"}],"wp:term":[{"taxonomy":"category","embeddable":true,"href":"https:\/\/www.enerjigazetesi.ist\/en\/wp-json\/wp\/v2\/categories?post=18371"},{"taxonomy":"post_tag","embeddable":true,"href":"https:\/\/www.enerjigazetesi.ist\/en\/wp-json\/wp\/v2\/tags?post=18371"}],"curies":[{"name":"wp","href":"https:\/\/api.w.org\/{rel}","templated":true}]}}